{"id":454604,"date":"2025-10-11T08:35:20","date_gmt":"2025-10-11T08:35:20","guid":{"rendered":"https:\/\/www.europesays.com\/fr\/454604\/"},"modified":"2025-10-11T08:35:20","modified_gmt":"2025-10-11T08:35:20","slug":"un-nouveau-magasin-action-ouvrira-bientot-pres-de-nantes-sorties-a-nantes","status":"publish","type":"post","link":"https:\/\/www.europesays.com\/fr\/454604\/","title":{"rendered":"Un nouveau magasin Action ouvrira bient\u00f4t pr\u00e8s de Nantes \u2013 Sorties \u00e0 Nantes"},"content":{"rendered":"<p>            <img width=\"1284\" height=\"856\" src=\"https:\/\/www.europesays.com\/fr\/wp-content\/uploads\/2025\/10\/action_reze.jpg\" class=\"attachment-full size-full wp-post-image\" alt=\"\" decoding=\"async\" loading=\"lazy\"  \/>            <\/p>\n<p>Bonne nouvelle pour les amateurs de bons plans : un magasin <strong>Action<\/strong> ouvrira ses portes \u00e0 <strong>Rez\u00e9<\/strong> avant le d\u00e9but du mois de d\u00e9cembre. L\u2019enseigne n\u00e9erlandaise, bien connue pour ses prix imbattables sur la d\u00e9coration, les produits du quotidien et les articles de loisirs, s\u2019installera <strong>\u00e0 l\u2019ext\u00e9rieur de la galerie Oc\u00e9ane<\/strong>, dans la nouvelle zone commerciale en plein d\u00e9veloppement.<\/p>\n<p><img loading=\"lazy\" decoding=\"async\" width=\"1024\" height=\"683\" src=\"https:\/\/www.europesays.com\/fr\/wp-content\/uploads\/2025\/10\/1000042363-1024x683.jpg\" alt=\"\" class=\"wp-image-59817\"  \/><\/p>\n<p>Une nouvelle zone commerciale en plein essor<\/p>\n<p>Ces derniers mois, le secteur autour de la <strong>galerie Oc\u00e9ane<\/strong> conna\u00eet une v\u00e9ritable transformation. Plusieurs grandes enseignes y ont d\u00e9j\u00e0 pris place, \u00e0 commencer par <strong>B&amp;M<\/strong>, ouvert r\u00e9cemment avec une large offre d\u00e9co, jardin et bricolage. Le <strong>nouveau magasin Kiabi<\/strong> a \u00e9galement fait son arriv\u00e9e, proposant des v\u00eatements pour toute la famille.<br \/>D\u2019ici peu, <strong>Besson Chaussures<\/strong> et <strong>Maxi Zoo<\/strong> rejoindront eux aussi le site, compl\u00e9tant ainsi une offre commerciale vari\u00e9e et accessible \u00e0 tous.<\/p>\n<p><img loading=\"lazy\" decoding=\"async\" width=\"1024\" height=\"704\" src=\"https:\/\/www.europesays.com\/fr\/wp-content\/uploads\/2025\/10\/1000042360-1024x704.jpg\" alt=\"\" class=\"wp-image-59815\"  \/><\/p>\n<p>Une implantation strat\u00e9gique \u00e0 Rez\u00e9<\/p>\n<p>Situ\u00e9 \u00e0 proximit\u00e9 de l\u2019hypermarch\u00e9 E.Leclerc et facilement accessible depuis le p\u00e9riph\u00e9rique sud, ce nouveau p\u00f4le commercial renforce encore l\u2019attractivit\u00e9 de <strong>Rez\u00e9<\/strong>. L\u2019ouverture prochaine d\u2019<strong>Action<\/strong> devrait attirer un large public, fid\u00e8le \u00e0 l\u2019enseigne pour ses prix bas et son renouvellement constant de produits.<\/p>\n<p>L\u2019arriv\u00e9e d\u2019Action avant les f\u00eates de fin d\u2019ann\u00e9e tombe \u00e0 pic pour les habitants du sud de l\u2019agglom\u00e9ration nantaise, qui pourront faire le plein de <strong>d\u00e9corations, cadeaux et produits du quotidien<\/strong> sans aller bien loin.<\/p>\n<p>\n\tSimilaire<\/p>\n","protected":false},"excerpt":{"rendered":"Bonne nouvelle pour les amateurs de bons plans : un magasin Action ouvrira ses portes \u00e0 Rez\u00e9 avant&hellip;\n","protected":false},"author":2,"featured_media":454605,"comment_status":"","ping_status":"","sticky":false,"template":"","format":"standard","meta":{"footnotes":""},"categories":[2818],"tags":[1111,11,1777,674,1011,27,766,12,2636,25],"class_list":{"0":"post-454604","1":"post","2":"type-post","3":"status-publish","4":"format-standard","5":"has-post-thumbnail","7":"category-nantes","8":"tag-actu","9":"tag-actualites","10":"tag-eu","11":"tag-europe","12":"tag-fr","13":"tag-france","14":"tag-nantes","15":"tag-news","16":"tag-pays-de-la-loire","17":"tag-republique-francaise"},"share_on_mastodon":{"url":"https:\/\/pubeurope.com\/@fr\/115354621363842346","error":""},"_links":{"self":[{"href":"https:\/\/www.europesays.com\/fr\/wp-json\/wp\/v2\/posts\/454604","targetHints":{"allow":["GET"]}}],"collection":[{"href":"https:\/\/www.europesays.com\/fr\/wp-json\/wp\/v2\/posts"}],"about":[{"href":"https:\/\/www.europesays.com\/fr\/wp-json\/wp\/v2\/types\/post"}],"author":[{"embeddable":true,"href":"https:\/\/www.europesays.com\/fr\/wp-json\/wp\/v2\/users\/2"}],"replies":[{"embeddable":true,"href":"https:\/\/www.europesays.com\/fr\/wp-json\/wp\/v2\/comments?post=454604"}],"version-history":[{"count":0,"href":"https:\/\/www.europesays.com\/fr\/wp-json\/wp\/v2\/posts\/454604\/revisions"}],"wp:featuredmedia":[{"embeddable":true,"href":"https:\/\/www.europesays.com\/fr\/wp-json\/wp\/v2\/media\/454605"}],"wp:attachment":[{"href":"https:\/\/www.europesays.com\/fr\/wp-json\/wp\/v2\/media?parent=454604"}],"wp:term":[{"taxonomy":"category","embeddable":true,"href":"https:\/\/www.europesays.com\/fr\/wp-json\/wp\/v2\/categories?post=454604"},{"taxonomy":"post_tag","embeddable":true,"href":"https:\/\/www.europesays.com\/fr\/wp-json\/wp\/v2\/tags?post=454604"}],"curies":[{"name":"wp","href":"https:\/\/api.w.org\/{rel}","templated":true}]}}