{"id":454606,"date":"2025-10-11T08:36:13","date_gmt":"2025-10-11T08:36:13","guid":{"rendered":"https:\/\/www.europesays.com\/fr\/454606\/"},"modified":"2025-10-11T08:36:13","modified_gmt":"2025-10-11T08:36:13","slug":"un-homme-arrete-pour-agression-sexuelle-au-jardin-des-plantes","status":"publish","type":"post","link":"https:\/\/www.europesays.com\/fr\/454606\/","title":{"rendered":"un homme arr\u00eat\u00e9 pour agression sexuelle au Jardin des Plantes"},"content":{"rendered":"<p>            Par<br \/>\n        <strong><br \/>\n            <a href=\"https:\/\/actu.fr\/auteur\/laure-gentil\" title=\"Consulter tous les articles de Laure Gentil\" target=\"_blank\" rel=\"noopener\">Laure Gentil<\/a><br \/>\n        <\/strong><\/p>\n<p>        Publi\u00e9 le<\/p>\n<p>            11 oct. 2025 \u00e0 10h05        <\/p>\n<p>Environ<a href=\"https:\/\/actu.fr\/pays-de-la-loire\/nantes_44109\/nantes-un-ado-de-16-ans-arrete-apres-s-etre-frotte-contre-une-femme-dans-le-tram_63282966.html\" target=\"_blank\" rel=\"noopener\"> une heure apr\u00e8s l\u2019agression d\u2019une femme dans un tram<\/a>, ce jeudi 9\u00a0octobre 2025, une seconde <strong>agression sexuelle<\/strong> s\u2019est d\u00e9roul\u00e9e, vers 18\u2009h\u200945, rue Baudry, tout pr\u00e8s du Jardin des Plantes \u00e0 Nantes. Un<strong> homme de 18\u00a0ans<\/strong> a \u00e9t\u00e9 arr\u00eat\u00e9 apr\u00e8s avoir touch\u00e9 une femme sans son consentement.<\/p>\n<p>D\u00e9j\u00e0 connu pour des faits similaires<\/p>\n<p class=\" wall-content\">L\u2019agresseur <strong>en \u00e9tat d\u2019\u00e9bri\u00e9t\u00e9<\/strong> a touch\u00e9 les seins de la victime, a tent\u00e9 de glisser sa main sous son pull et a touch\u00e9 son entrejambe. La femme a tent\u00e9 de se d\u00e9fendre, mais a cru que son attaquant \u00e9tait en possession d\u2019une \u00ab\u2009gazeuse\u2009\u00bb (un a\u00e9rosol de d\u00e9fense N.D.L.R.) a indiqu\u00e9 une source polici\u00e8re.<\/p>\n<p class=\" wall-content\">Des t\u00e9moins ont appel\u00e9 les forces de l\u2019ordre qui ont proc\u00e9d\u00e9 \u00e0 l\u2019interpellation de l\u2019individu. Il a \u00e9t\u00e9 plac\u00e9 <strong>en garde \u00e0 vue<\/strong> et est d\u00e9j\u00e0 connu pour des faits similaires.<\/p>\n<p class=\" wall-content\">Personnalisez votre actualit\u00e9 en ajoutant vos villes et m\u00e9dias en favori avec <a href=\"https:\/\/moncompte.actu.fr\" title=\"D\u00e9couvez Mon Actu\" rel=\"nofollow noopener\" data-trk=\"{&quot;cta&quot;:{&quot;action&quot;:&quot;https:\\\/\\\/moncompte.actu.fr&quot;,&quot;category&quot;:&quot;mon compte&quot;,&quot;from&quot;:&quot;article footer&quot;,&quot;name&quot;:&quot;Mon actu&quot;,&quot;type&quot;:&quot;cta&quot;}}\" target=\"_blank\">Mon Actu<\/a>.<\/p>\n","protected":false},"excerpt":{"rendered":"Par Laure Gentil Publi\u00e9 le 11 oct. 2025 \u00e0 10h05 Environ une heure apr\u00e8s l\u2019agression d\u2019une femme dans&hellip;\n","protected":false},"author":2,"featured_media":101605,"comment_status":"","ping_status":"","sticky":false,"template":"","format":"standard","meta":{"footnotes":""},"categories":[2818],"tags":[1111,11,1777,674,118,1011,27,766,12,2636,1072,25,799],"class_list":{"0":"post-454606","1":"post","2":"type-post","3":"status-publish","4":"format-standard","5":"has-post-thumbnail","7":"category-nantes","8":"tag-actu","9":"tag-actualites","10":"tag-eu","11":"tag-europe","12":"tag-faits-divers","13":"tag-fr","14":"tag-france","15":"tag-nantes","16":"tag-news","17":"tag-pays-de-la-loire","18":"tag-police","19":"tag-republique-francaise","20":"tag-violences-sexuelles"},"share_on_mastodon":{"url":"https:\/\/pubeurope.com\/@fr\/115354624600797924","error":""},"_links":{"self":[{"href":"https:\/\/www.europesays.com\/fr\/wp-json\/wp\/v2\/posts\/454606","targetHints":{"allow":["GET"]}}],"collection":[{"href":"https:\/\/www.europesays.com\/fr\/wp-json\/wp\/v2\/posts"}],"about":[{"href":"https:\/\/www.europesays.com\/fr\/wp-json\/wp\/v2\/types\/post"}],"author":[{"embeddable":true,"href":"https:\/\/www.europesays.com\/fr\/wp-json\/wp\/v2\/users\/2"}],"replies":[{"embeddable":true,"href":"https:\/\/www.europesays.com\/fr\/wp-json\/wp\/v2\/comments?post=454606"}],"version-history":[{"count":0,"href":"https:\/\/www.europesays.com\/fr\/wp-json\/wp\/v2\/posts\/454606\/revisions"}],"wp:featuredmedia":[{"embeddable":true,"href":"https:\/\/www.europesays.com\/fr\/wp-json\/wp\/v2\/media\/101605"}],"wp:attachment":[{"href":"https:\/\/www.europesays.com\/fr\/wp-json\/wp\/v2\/media?parent=454606"}],"wp:term":[{"taxonomy":"category","embeddable":true,"href":"https:\/\/www.europesays.com\/fr\/wp-json\/wp\/v2\/categories?post=454606"},{"taxonomy":"post_tag","embeddable":true,"href":"https:\/\/www.europesays.com\/fr\/wp-json\/wp\/v2\/tags?post=454606"}],"curies":[{"name":"wp","href":"https:\/\/api.w.org\/{rel}","templated":true}]}}