{"id":454607,"date":"2025-10-11T08:37:25","date_gmt":"2025-10-11T08:37:25","guid":{"rendered":"https:\/\/www.europesays.com\/fr\/454607\/"},"modified":"2025-10-11T08:37:25","modified_gmt":"2025-10-11T08:37:25","slug":"ou-en-est-le-projet-de-surfpark-conteste-pres-de-bordeaux","status":"publish","type":"post","link":"https:\/\/www.europesays.com\/fr\/454607\/","title":{"rendered":"O\u00f9 en est le projet de surfpark contest\u00e9 pr\u00e8s de Bordeaux ?"},"content":{"rendered":"<p>Le projet d\u2019un surfpark sur l\u2019ancien site industriel IBM-Solectron \u00e0 <a href=\"https:\/\/www.canejan.fr\" target=\"_blank\" rel=\"noreferrer noopener nofollow\">Can\u00e9jan<\/a>, pr\u00e8s de<a href=\"http:\/\/bordeaux.fr\" target=\"_blank\" rel=\"noreferrer noopener nofollow\"> Bordeaux<\/a>, attire autant l\u2019enthousiasme que la prudence. Le parc aquatique, qui utilisera la technologie Wavegarden d\u00e9j\u00e0 d\u00e9ploy\u00e9e en Suisse, promet d\u2019offrir une exp\u00e9rience de surf indoor innovante et de dynamiser l\u2019attractivit\u00e9 de la r\u00e9gion.<\/p>\n<p style=\"font-size:16px\">Cependant, la <strong>F\u00e9d\u00e9ration de p\u00eache<\/strong> de la <strong><a href=\"https:\/\/www.gironde.fr\" target=\"_blank\" rel=\"noreferrer noopener nofollow\">Gironde<\/a><\/strong> observe le dossier avec attention. Son inqui\u00e9tude concerne surtout l\u2019impact <strong>potentiel sur le ruisseau de l\u2019Eau Bourde<\/strong>, qui traverse<strong> Cestas et se jette dans la Garonne \u00e0 <a href=\"http:\/\/B\u00e8gles.fr\" target=\"_blank\" rel=\"noreferrer noopener nofollow\">B\u00e8gles<\/a>.<\/strong> Ce cours d\u2019eau, d\u00e9j\u00e0 affect\u00e9 par la pr\u00e9sence d\u2019industries sur son bassin-versant, pourrait \u00eatre sensible \u00e0 toute intervention exceptionnelle, comme une vidange des bassins du <strong>surfpark.<\/strong><\/p>\n<p><img fetchpriority=\"high\" decoding=\"async\" width=\"819\" height=\"1024\" src=\"https:\/\/www.europesays.com\/fr\/wp-content\/uploads\/2025\/10\/ocean-pexels-819x1024.jpeg\" alt=\"\" class=\"wp-image-84990\"  \/>Le projet de surfpark \u00e0 Can\u00e9jan promet des vagues artificielles spectaculaires, tout en gardant un \u0153il sur la protection du ruisseau de l\u2019Eau Bourde.\u00a9Jess Loiterton sur Pexels<\/p>\n<p style=\"font-size:16px\">Pour le moment, la<strong> f\u00e9d\u00e9ration ne s\u2019oppose pas au projet.<\/strong> Elle adopte plut\u00f4t une posture prudente, souhaitant que les op\u00e9rations soient men\u00e9es de mani\u00e8re transparente et respectueuse de l\u2019environnement. <\/p>\n<p style=\"font-size:16px\">Le projet a \u00e9t\u00e9 pr\u00e9sent\u00e9 au public d\u00e9but octobre lors d\u2019une r\u00e9union qui a<strong> r\u00e9uni environ 250 personnes. <\/strong>Les <strong>promoteurs ont tenu \u00e0 rassurer les riverains sur le fonctionnement du surfpark.<\/strong> Le parc n\u2019exige pas de vidange r\u00e9guli\u00e8re et, en cas de besoin,<strong> les eaux seraient dirig\u00e9es vers la station d\u2019\u00e9puration de la zone<\/strong>..<\/p>\n<p style=\"font-size:16px\">Malgr\u00e9 ces garanties, <strong>la prudence reste de mise.<\/strong> Les \u00e9cosyst\u00e8mes aquatiques sont fragiles et chaque modification, m\u00eame ponctuelle, peut avoir des cons\u00e9quences sur la faune et la flore locales. La f\u00e9d\u00e9ration souhaite que le suivi environnemental soit rigoureux, afin de s\u2019assurer que le ruisseau de<strong> l\u2019Eau Bourde<\/strong> reste sain et vivant.<\/p>\n<p><img loading=\"lazy\" decoding=\"async\" width=\"1024\" height=\"868\" src=\"https:\/\/www.bougerabordeaux.com\/wp-content\/uploads\/2025\/10\/surf-school-1024x868.webp\" alt=\"\" class=\"wp-image-84992\"  \/>Le futur surfpark de Can\u00e9jan : un projet qui m\u00eale loisirs, innovation et d\u00e9veloppement local.\u00a9surfparkcan\u00e9jan<\/p>\n<p style=\"font-size:16px\"><strong>Le surfpark repr\u00e9sente en revanche un v\u00e9ritable potentiel pour la r\u00e9gion.<\/strong> En plus <strong>d\u2019attirer les passionn\u00e9s de surf,<\/strong> il pourrait dynamiser le tourisme local et cr\u00e9er de nouvelles opportunit\u00e9s \u00e9conomiques. La r\u00e9ussite du projet d\u00e9pendra donc de la capacit\u00e9 des promoteurs \u00e0 concilier d\u00e9veloppement et respect de l\u2019environnement, tout en maintenant le dialogue avec les associations locales et les habitants.<\/p>\n<p style=\"font-size:16px\"><strong>En r\u00e9sum\u00e9, le projet de surfpark \u00e0 Can\u00e9jan est accueilli avec int\u00e9r\u00eat mais sous surveillance.<\/strong> La F\u00e9d\u00e9ration de p\u00eache de la Gironde ne ferme pas la porte, mais<strong> insiste sur la n\u00e9cessit\u00e9 d\u2019un suivi attentif pour que l\u2019Eau Bourde et ses habitants aquatiques ne soient pas affect\u00e9s. <\/strong>Le d\u00e9fi sera de trouver un \u00e9quilibre entre innovation, divertissement et pr\u00e9servation de l\u2019environnement.<\/p>\n<p style=\"font-size:16px\">\u00c0 lire aussi : <a href=\"https:\/\/www.bougerabordeaux.com\/actu\/news\/lhorloge-mythique-de-la-gare-saint-jean-de-bordeaux-reparee\/\" rel=\"nofollow noopener\" target=\"_blank\">L\u2019horloge mythique de la gare Saint-Jean de Bordeaux r\u00e9par\u00e9e !<\/a><\/p>\n","protected":false},"excerpt":{"rendered":"Le projet d\u2019un surfpark sur l\u2019ancien site industriel IBM-Solectron \u00e0 Can\u00e9jan, pr\u00e8s de Bordeaux, attire autant l\u2019enthousiasme que&hellip;\n","protected":false},"author":2,"featured_media":454608,"comment_status":"","ping_status":"","sticky":false,"template":"","format":"standard","meta":{"footnotes":""},"categories":[2817],"tags":[1111,11,1997,1777,674,1011,27,12,2219,25],"class_list":{"0":"post-454607","1":"post","2":"type-post","3":"status-publish","4":"format-standard","5":"has-post-thumbnail","7":"category-bordeaux","8":"tag-actu","9":"tag-actualites","10":"tag-bordeaux","11":"tag-eu","12":"tag-europe","13":"tag-fr","14":"tag-france","15":"tag-news","16":"tag-nouvelle-aquitaine","17":"tag-republique-francaise"},"share_on_mastodon":{"url":"https:\/\/pubeurope.com\/@fr\/115354628929984651","error":""},"_links":{"self":[{"href":"https:\/\/www.europesays.com\/fr\/wp-json\/wp\/v2\/posts\/454607","targetHints":{"allow":["GET"]}}],"collection":[{"href":"https:\/\/www.europesays.com\/fr\/wp-json\/wp\/v2\/posts"}],"about":[{"href":"https:\/\/www.europesays.com\/fr\/wp-json\/wp\/v2\/types\/post"}],"author":[{"embeddable":true,"href":"https:\/\/www.europesays.com\/fr\/wp-json\/wp\/v2\/users\/2"}],"replies":[{"embeddable":true,"href":"https:\/\/www.europesays.com\/fr\/wp-json\/wp\/v2\/comments?post=454607"}],"version-history":[{"count":0,"href":"https:\/\/www.europesays.com\/fr\/wp-json\/wp\/v2\/posts\/454607\/revisions"}],"wp:featuredmedia":[{"embeddable":true,"href":"https:\/\/www.europesays.com\/fr\/wp-json\/wp\/v2\/media\/454608"}],"wp:attachment":[{"href":"https:\/\/www.europesays.com\/fr\/wp-json\/wp\/v2\/media?parent=454607"}],"wp:term":[{"taxonomy":"category","embeddable":true,"href":"https:\/\/www.europesays.com\/fr\/wp-json\/wp\/v2\/categories?post=454607"},{"taxonomy":"post_tag","embeddable":true,"href":"https:\/\/www.europesays.com\/fr\/wp-json\/wp\/v2\/tags?post=454607"}],"curies":[{"name":"wp","href":"https:\/\/api.w.org\/{rel}","templated":true}]}}