{"id":454609,"date":"2025-10-11T08:38:25","date_gmt":"2025-10-11T08:38:25","guid":{"rendered":"https:\/\/www.europesays.com\/fr\/454609\/"},"modified":"2025-10-11T08:38:25","modified_gmt":"2025-10-11T08:38:25","slug":"tulles-foot-correze-bordeaux-la-composition-dequipe-probable-des-girondins-en-coupe-de-france","status":"publish","type":"post","link":"https:\/\/www.europesays.com\/fr\/454609\/","title":{"rendered":"Tulles Foot Corr\u00e8ze-Bordeaux : la composition d&rsquo;\u00e9quipe probable des Girondins en Coupe de France"},"content":{"rendered":"<p><img decoding=\"async\" src=\"https:\/\/www.europesays.com\/fr\/wp-content\/uploads\/2025\/08\/671_fc671264a3c172befb84b97a3799a833.jpg\" alt=\"Tulles Foot Corr\u00e8ze-Bordeaux : la composition d'\u00e9quipe probable des Girondins en Coupe de France\" class=\"img-responsive mt-3\"\/><\/p>\n<p class=\"text-center mb-3\" style=\"font-size: 14px\">\u00a9 Iconsport<\/p>\n<p>      <strong>Le 11 probable de Bordeaux face \u00e0 Tulle FC<\/strong><\/p>\n<p style=\"text-align: justify;\">Le groupe de 16 joueurs retenu par Bruno Irl\u00e8s est <a href=\"https:\/\/www.webgirondins.com\/actualite-girondins-tulles-foot-correze-bordeaux-le-groupe-des-girondins-avec-lucas-rocrou-130751\" target=\"_blank\" rel=\"noopener\">disponible ici.<\/a><\/p>\n<p style=\"text-align: justify;\">Nous connaissons les absents : Grillot (suspendu), Manna\u00ef (suspendu), Ba (suspendu), Vendenabeele (bless\u00e9), Rizaldos (r\u00e9athl\u00e9tisation), Ciss\u00e9 (convalescence)<\/p>\n<p style=\"text-align: justify;\">Le 11 probable des Girondins de Bordeaux face \u00e0 Tulle :<\/p>\n<p style=\"text-align: justify;\"><img decoding=\"async\" src=\"https:\/\/www.europesays.com\/fr\/wp-content\/uploads\/2025\/10\/4-4-2 (51).jpg\" alt=\"4-4-2 (51).jpg (77 KB)\" style=\"width:700px;max-width:100%;\"\/><\/p>\n<p>Le banc : Hoekstra, Besse, Etonde, Moreau Nguyen, Rocrou.<\/p>\n<p>\u00c0 lire :\u00a0<strong><a href=\"https:\/\/www.webgirondins.com\/actualite-girondins-officiel-tydiane-diagouraga-signe-aux-girondins-de-bordeaux-apres-un-essai-concluant-130746\" target=\"_blank\" rel=\"noopener\">Tydiane Diagouraga signe aux Girondins de Bordeaux apr\u00e8s un essai concluant<\/a><\/strong><\/p>\n<p style=\"text-align: justify;\"><strong>\u00a0<\/strong><\/p>\n<p style=\"text-align: justify;\">Notre podcast court sur l&rsquo;actualit\u00e9 des Girondins \u00e0 \u00e9couter :<\/p>\n<p>\u00a0<\/p>\n","protected":false},"excerpt":{"rendered":"\u00a9 Iconsport Le 11 probable de Bordeaux face \u00e0 Tulle FC Le groupe de 16 joueurs retenu par&hellip;\n","protected":false},"author":2,"featured_media":354062,"comment_status":"","ping_status":"","sticky":false,"template":"","format":"standard","meta":{"footnotes":""},"categories":[2817],"tags":[1111,11,3353,1997,3984,8531,615,58018,3474,2263,1777,674,2823,2257,1011,27,1987,12,2219,12142,25,3982,2858,3584,33227,58017],"class_list":{"0":"post-454609","1":"post","2":"type-post","3":"status-publish","4":"format-standard","5":"has-post-thumbnail","7":"category-bordeaux","8":"tag-actu","9":"tag-actualites","10":"tag-alexandre","11":"tag-bordeaux","12":"tag-composition","13":"tag-correze","14":"tag-coupe","15":"tag-cueille","16":"tag-decouvrez","17":"tag-equipe","18":"tag-eu","19":"tag-europe","20":"tag-face","21":"tag-foot","22":"tag-fr","23":"tag-france","24":"tag-girondins","25":"tag-news","26":"tag-nouvelle-aquitaine","27":"tag-probable","28":"tag-republique-francaise","29":"tag-samedi","30":"tag-stade","31":"tag-tour","32":"tag-tulle","33":"tag-tulles"},"share_on_mastodon":{"url":"https:\/\/pubeurope.com\/@fr\/115354632580810232","error":""},"_links":{"self":[{"href":"https:\/\/www.europesays.com\/fr\/wp-json\/wp\/v2\/posts\/454609","targetHints":{"allow":["GET"]}}],"collection":[{"href":"https:\/\/www.europesays.com\/fr\/wp-json\/wp\/v2\/posts"}],"about":[{"href":"https:\/\/www.europesays.com\/fr\/wp-json\/wp\/v2\/types\/post"}],"author":[{"embeddable":true,"href":"https:\/\/www.europesays.com\/fr\/wp-json\/wp\/v2\/users\/2"}],"replies":[{"embeddable":true,"href":"https:\/\/www.europesays.com\/fr\/wp-json\/wp\/v2\/comments?post=454609"}],"version-history":[{"count":0,"href":"https:\/\/www.europesays.com\/fr\/wp-json\/wp\/v2\/posts\/454609\/revisions"}],"wp:featuredmedia":[{"embeddable":true,"href":"https:\/\/www.europesays.com\/fr\/wp-json\/wp\/v2\/media\/354062"}],"wp:attachment":[{"href":"https:\/\/www.europesays.com\/fr\/wp-json\/wp\/v2\/media?parent=454609"}],"wp:term":[{"taxonomy":"category","embeddable":true,"href":"https:\/\/www.europesays.com\/fr\/wp-json\/wp\/v2\/categories?post=454609"},{"taxonomy":"post_tag","embeddable":true,"href":"https:\/\/www.europesays.com\/fr\/wp-json\/wp\/v2\/tags?post=454609"}],"curies":[{"name":"wp","href":"https:\/\/api.w.org\/{rel}","templated":true}]}}