{"id":454612,"date":"2025-10-11T08:40:10","date_gmt":"2025-10-11T08:40:10","guid":{"rendered":"https:\/\/www.europesays.com\/fr\/454612\/"},"modified":"2025-10-11T08:40:10","modified_gmt":"2025-10-11T08:40:10","slug":"demonstrations-de-pompiers-tyrolienne-cette-caserne-ouvre-ses-portes-au-public-pres-de-toulouse","status":"publish","type":"post","link":"https:\/\/www.europesays.com\/fr\/454612\/","title":{"rendered":"D\u00e9monstrations de pompiers, tyrolienne&#8230; Cette caserne ouvre ses portes au public, pr\u00e8s de Toulouse"},"content":{"rendered":"<p>            Par<br \/>\n        <strong><br \/>\n            <a href=\"https:\/\/actu.fr\/auteur\/mareva-laville-actu-fr\" title=\"Consulter tous les articles de Mar\u00e9va Laville\" rel=\"nofollow noopener\" target=\"_blank\">Mar\u00e9va Laville<\/a><br \/>\n        <\/strong><\/p>\n<p>        Publi\u00e9 le<\/p>\n<p>            11 oct. 2025 \u00e0 10h10        <\/p>\n<p>C\u2019est un <a href=\"https:\/\/actu.fr\/occitanie\/toulouse_31555\/toulouse-les-pompiers-ouvrent-les-portes-de-leur-caserne-le-programme-des-animations_63138310.html\" rel=\"nofollow noopener\" target=\"_blank\">rendez-vous annuel devenu immanquable<\/a> pour certaines familles. Une nouvelle journ\u00e9e portes ouvertes est organis\u00e9e dans l\u2019une des casernes de la r\u00e9gion toulousaine. Cette fois-ci, \u00e0<strong> Rouffiac-Tolosan<\/strong>, au nord-est de <a href=\"http:\/\/www.actu.fr\/toulouse\" rel=\"nofollow noopener\" target=\"_blank\">Toulouse<\/a>\u2009!<\/p>\n<p>    <a href=\"https:\/\/www.google.com\/maps\/embed?pb=!1m18!1m12!1m3!1d2885.7613286038772!2d1.5243597098826467!3d43.67393337098062!2m3!1f0!2f0!3f0!3m2!1i1024!2i768!4f13.1!3m3!1m2!1s0x12ae98849228e3cd%3A0x7c496da48bb23744!2sCaserne%20Rouffiac-Tolosan!5e0!3m2!1sfr!2sfr!4v1759841439248!5m2!1sfr!2sfr\" title=\"Ouvrie le lien\" rel=\"nofollow noopener\" target=\"_blank\">Cliquez ici pour visualiser le contenu<\/a><\/p>\n<p>Un dimanche portes ouvertes<\/p>\n<p class=\" wall-content\">Dimanche 12\u00a0octobre, le centre de secours ouvrira ses portes au public entre <strong>10h et 18h, non-stop.<\/strong> Avec un programme qui saura ravir les petits comme les plus grands\u2026<\/p>\n<p class=\" wall-content\">Les pompiers de la caserne de Rouffiac-Tolosan ont pr\u00e9vu tout un tas d\u2019ateliers \u00ab\u2009ludiques et p\u00e9dagogiques\u2009\u00bb pour faire d\u00e9couvrir leur m\u00e9tier.<\/p>\n<p>Des d\u00e9monstrations et jeux pour enfants<\/p>\n<p class=\" wall-content\">Plusieurs <strong>d\u00e9monstrations<\/strong> animeront la journ\u00e9e, notamment sur le <strong>secours routier.<\/strong> Pour rester dans le th\u00e8me, un<strong> stand de coloriage<\/strong> trouvera \u00e9galement sa place \u00e0 la caserne. Les dessins seront ax\u00e9s sur la \u00ab\u2009d\u00e9couverte du secourisme\u2009\u00bb.<\/p>\n<p class=\" wall-content\">De quoi bien occuper les plus jeunes, d\u2019autant que des<strong> jeux gonflables<\/strong> seront install\u00e9s dans la caserne, ainsi qu\u2019une <strong>tyrolienne<\/strong>. Pour les plus grands, et les plus gourmands, une buvette et un espace de restauration seront aussi de la partie.<\/p>\n<p>Vid\u00e9os : en ce moment sur Actu<\/p>\n<p class=\" wall-content\">Alors, pr\u00eats \u00e0 vivre la vie de pompiers\u2009?<\/p>\n<p><strong>Journ\u00e9e Portes ouvertes \u00e0 la caserne des pompiers<\/strong><br \/>Dimanche 12\u00a0octobre 2025 de 10h \u00e0 18h<br \/>8 Chemin des Garrosses, \u00e0 Rouffiac-Tolosan<br \/>Entr\u00e9e gratuite<\/p>\n<p class=\" wall-content\">Personnalisez votre actualit\u00e9 en ajoutant vos villes et m\u00e9dias en favori avec <a href=\"https:\/\/moncompte.actu.fr\" title=\"D\u00e9couvez Mon Actu\" rel=\"nofollow noopener\" data-trk=\"{&quot;cta&quot;:{&quot;action&quot;:&quot;https:\\\/\\\/moncompte.actu.fr&quot;,&quot;category&quot;:&quot;mon compte&quot;,&quot;from&quot;:&quot;article footer&quot;,&quot;name&quot;:&quot;Mon actu&quot;,&quot;type&quot;:&quot;cta&quot;}}\" target=\"_blank\">Mon Actu<\/a>.<\/p>\n","protected":false},"excerpt":{"rendered":"Par Mar\u00e9va Laville Publi\u00e9 le 11 oct. 2025 \u00e0 10h10 C\u2019est un rendez-vous annuel devenu immanquable pour certaines&hellip;\n","protected":false},"author":2,"featured_media":454613,"comment_status":"","ping_status":"","sticky":false,"template":"","format":"standard","meta":{"footnotes":""},"categories":[2816],"tags":[1111,11,1777,674,1011,27,1652,12,2680,1311,25,2312],"class_list":{"0":"post-454612","1":"post","2":"type-post","3":"status-publish","4":"format-standard","5":"has-post-thumbnail","7":"category-toulouse","8":"tag-actu","9":"tag-actualites","10":"tag-eu","11":"tag-europe","12":"tag-fr","13":"tag-france","14":"tag-loisirs-culture","15":"tag-news","16":"tag-occitanie","17":"tag-pompiers","18":"tag-republique-francaise","19":"tag-toulouse"},"share_on_mastodon":{"url":"https:\/\/pubeurope.com\/@fr\/115354640227905030","error":""},"_links":{"self":[{"href":"https:\/\/www.europesays.com\/fr\/wp-json\/wp\/v2\/posts\/454612","targetHints":{"allow":["GET"]}}],"collection":[{"href":"https:\/\/www.europesays.com\/fr\/wp-json\/wp\/v2\/posts"}],"about":[{"href":"https:\/\/www.europesays.com\/fr\/wp-json\/wp\/v2\/types\/post"}],"author":[{"embeddable":true,"href":"https:\/\/www.europesays.com\/fr\/wp-json\/wp\/v2\/users\/2"}],"replies":[{"embeddable":true,"href":"https:\/\/www.europesays.com\/fr\/wp-json\/wp\/v2\/comments?post=454612"}],"version-history":[{"count":0,"href":"https:\/\/www.europesays.com\/fr\/wp-json\/wp\/v2\/posts\/454612\/revisions"}],"wp:featuredmedia":[{"embeddable":true,"href":"https:\/\/www.europesays.com\/fr\/wp-json\/wp\/v2\/media\/454613"}],"wp:attachment":[{"href":"https:\/\/www.europesays.com\/fr\/wp-json\/wp\/v2\/media?parent=454612"}],"wp:term":[{"taxonomy":"category","embeddable":true,"href":"https:\/\/www.europesays.com\/fr\/wp-json\/wp\/v2\/categories?post=454612"},{"taxonomy":"post_tag","embeddable":true,"href":"https:\/\/www.europesays.com\/fr\/wp-json\/wp\/v2\/tags?post=454612"}],"curies":[{"name":"wp","href":"https:\/\/api.w.org\/{rel}","templated":true}]}}