{"id":454614,"date":"2025-10-11T08:42:13","date_gmt":"2025-10-11T08:42:13","guid":{"rendered":"https:\/\/www.europesays.com\/fr\/454614\/"},"modified":"2025-10-11T08:42:13","modified_gmt":"2025-10-11T08:42:13","slug":"lille-previsions-meteo-du-samedi-11-octobre-2025","status":"publish","type":"post","link":"https:\/\/www.europesays.com\/fr\/454614\/","title":{"rendered":"Lille : pr\u00e9visions m\u00e9t\u00e9o du samedi 11 octobre 2025"},"content":{"rendered":"<p>\u00c0 Lille, le samedi 11 octobre 2025, la journ\u00e9e reste tr\u00e8s nuageuse sans risque de pluie. Les temp\u00e9ratures douces \u00e9voluent entre 14 et 17 \u00b0C, sous un vent mod\u00e9r\u00e9 de nord-nord-est.<\/p>\n<p>La grisaille persiste sur les Flandres en ce samedi 11 octobre 2025. \u00c0 Lille, une solide bulle anticyclonique assure un temps stable, marqu\u00e9 par un ciel couvert, sans pr\u00e9cipitations ni agitation notable.<\/p>\n<p>Dans ce contexte, la journ\u00e9e se distingue par son absence de contrastes, parfaite pour organiser d\u00e9placements, sorties culturelles ou shopping, sous une vo\u00fbte uniform\u00e9ment grise. Le soleil se fait discret, mais l\u2019atmosph\u00e8re demeure douce, gr\u00e2ce \u00e0 un faible flux venu du nord.<\/p>\n<p>Matin : r\u00e9veil tr\u00e8s nuageux<\/p>\n<p>Le jour se l\u00e8ve \u00e0 08 h 04, sans v\u00e9ritable lumi\u00e8re. \u00c0 9 h, le thermom\u00e8tre affiche <b>14 \u00b0C<\/b> pour un ressenti de 13 \u00b0C. L\u2019humidit\u00e9 reste \u00e9lev\u00e9e \u00e0 74 %, sous une pression robuste de 1 035 hPa.<\/p>\n<ul>\n<li><b>Ciel<\/b> : tr\u00e8s nuageux, aucune \u00e9claircie.<\/li>\n<li><b>Vent<\/b> : nord 7 km\/h, sensation calme.<\/li>\n<li><b>Pluie<\/b> : absence totale.<\/li>\n<\/ul>\n<p>Cette ambiance grise limite la luminosit\u00e9 ; il convient donc de ne pas oublier l\u2019\u00e9clairage du v\u00e9lo ou de la voiture pour traverser le Grand Boulevard au petit matin. La fra\u00eecheur ressentie invite \u00e0 enfiler une veste l\u00e9g\u00e8re, surtout dans les zones ombrag\u00e9es.<\/p>\n<p>Apr\u00e8s-midi : douceur persistante sous les nuages<\/p>\n<p>Vers 15 h, la temp\u00e9rature grimpe de deux degr\u00e9s pour atteindre <b>16 \u00b0C<\/b>, ressenti 15 \u00b0C. L\u2019humidit\u00e9 descend \u00e0 64 %, la pression reste \u00e9lev\u00e9e \u00e0 1 034 hPa. Le vent s\u2019oriente au nord-est, toujours mod\u00e9r\u00e9 \u00e0 7 km\/h.<\/p>\n<ul>\n<li><b>\u00c9clairs de soleil<\/b> rares, lumi\u00e8re filtr\u00e9e.<\/li>\n<li><b>Qualit\u00e9 de l\u2019air<\/b> : ind\u00e9finie, aucune alerte.<\/li>\n<li><b>Chauss\u00e9es<\/b> : parfaitement s\u00e8ches.<\/li>\n<\/ul>\n<p>Une promenade le long de la De\u00fble s\u2019annonce agr\u00e9able : aucun risque d\u2019averse, mais une lumi\u00e8re tamis\u00e9e, id\u00e9ale pour la photographie urbaine. Les sportifs opteront pour un rythme mod\u00e9r\u00e9, car l\u2019air frais et humide favorise une d\u00e9shydratation insidieuse.<\/p>\n<p>Cette douceur automnale, pilot\u00e9e par un haut-barom\u00e8tre r\u00e9current, illustre le l\u00e9ger retard du glissement saisonnier observ\u00e9 ces derni\u00e8res d\u00e9cennies. Les normales se situent plut\u00f4t autour de 14 \u00b0C ; la temp\u00e9rature d\u00e9passe donc l\u00e9g\u00e8rement la moyenne.<\/p>\n<p>Soir : grisaille tenace avant le coucher du soleil<\/p>\n<p>Le soleil se couche \u00e0 19 h 04, dissimul\u00e9 derri\u00e8re une \u00e9paisse couverture nuageuse. \u00c0 21 h, on enregistre <b>15 \u00b0C<\/b>, ressenti 13 \u00b0C. L\u2019humidit\u00e9 remonte \u00e0 78 %, port\u00e9e par une l\u00e9g\u00e8re brise de nord-est avoisinant les 10 km\/h.<\/p>\n<ul>\n<li><b>Visibilit\u00e9<\/b> : bonne, brouillard absent.<\/li>\n<li><b>Rues<\/b> : s\u00e8ches, aucun risque d\u2019averse.<\/li>\n<\/ul>\n<p>La fra\u00eecheur s\u2019installe rapidement apr\u00e8s 20 h ; les restaurants en terrasse penseront \u00e0 allumer les chauffages d\u2019appoint. Les amateurs de sorties culturelles pr\u00e9voieront une \u00e9charpe l\u00e9g\u00e8re pour le retour, car le ressenti chute vite sous un vent humide.<\/p>\n<p>Les hautes pressions, centr\u00e9es sur la mer du Nord, continuent de bloquer les perturbations atlantiques. Un d\u00e9ficit pluviom\u00e9trique s\u2019installe, susceptible de se prolonger plusieurs jours, une situation surveill\u00e9e de pr\u00e8s pour la recharge des nappes.<\/p>\n<p>Tendance g\u00e9n\u00e9rale pour dimanche 12 octobre<\/p>\n<p>Les mod\u00e8les confirment la poursuite du temps couvert. Les valeurs attendues sont : <b>minimales 14 \u00b0C<\/b>, <b>maximales 16 \u00b0C<\/b>. Le vent de nord-est se renforcera l\u00e9g\u00e8rement, atteignant 15 km\/h. L\u2019humidit\u00e9 moyenne sera de 77 %, et aucun signal de pluie n\u2019est pr\u00e9vu.<\/p>\n<p>La pression pr\u00e9vue \u00e0 1 027 hPa traduit un infl\u00e9chissement mod\u00e9r\u00e9 de la dorsale, sans offensive perturb\u00e9e. Pour suivre l\u2019\u00e9volution heure par heure, consultez <a href=\"https:\/\/www.meteocity.com\/france\/lille-v2998324\" rel=\"nofollow noopener\" target=\"_blank\">notre page d\u00e9di\u00e9e<\/a>.<\/p>\n<p>Durant la nuit suivante, le thermom\u00e8tre variera peu, autour de 15 \u00b0C, sous une couverture nuageuse continue. Le vent pourra atteindre 14 km\/h, garantissant une ambiance calme pour les riverains noctambules.<\/p>\n","protected":false},"excerpt":{"rendered":"\u00c0 Lille, le samedi 11 octobre 2025, la journ\u00e9e reste tr\u00e8s nuageuse sans risque de pluie. Les temp\u00e9ratures&hellip;\n","protected":false},"author":2,"featured_media":454615,"comment_status":"","ping_status":"","sticky":false,"template":"","format":"standard","meta":{"footnotes":""},"categories":[2815],"tags":[1111,11,1777,674,1011,27,811,1307,12,25],"class_list":{"0":"post-454614","1":"post","2":"type-post","3":"status-publish","4":"format-standard","5":"has-post-thumbnail","7":"category-lille","8":"tag-actu","9":"tag-actualites","10":"tag-eu","11":"tag-europe","12":"tag-fr","13":"tag-france","14":"tag-hauts-de-france","15":"tag-lille","16":"tag-news","17":"tag-republique-francaise"},"share_on_mastodon":{"url":"https:\/\/pubeurope.com\/@fr\/115354648176846003","error":""},"_links":{"self":[{"href":"https:\/\/www.europesays.com\/fr\/wp-json\/wp\/v2\/posts\/454614","targetHints":{"allow":["GET"]}}],"collection":[{"href":"https:\/\/www.europesays.com\/fr\/wp-json\/wp\/v2\/posts"}],"about":[{"href":"https:\/\/www.europesays.com\/fr\/wp-json\/wp\/v2\/types\/post"}],"author":[{"embeddable":true,"href":"https:\/\/www.europesays.com\/fr\/wp-json\/wp\/v2\/users\/2"}],"replies":[{"embeddable":true,"href":"https:\/\/www.europesays.com\/fr\/wp-json\/wp\/v2\/comments?post=454614"}],"version-history":[{"count":0,"href":"https:\/\/www.europesays.com\/fr\/wp-json\/wp\/v2\/posts\/454614\/revisions"}],"wp:featuredmedia":[{"embeddable":true,"href":"https:\/\/www.europesays.com\/fr\/wp-json\/wp\/v2\/media\/454615"}],"wp:attachment":[{"href":"https:\/\/www.europesays.com\/fr\/wp-json\/wp\/v2\/media?parent=454614"}],"wp:term":[{"taxonomy":"category","embeddable":true,"href":"https:\/\/www.europesays.com\/fr\/wp-json\/wp\/v2\/categories?post=454614"},{"taxonomy":"post_tag","embeddable":true,"href":"https:\/\/www.europesays.com\/fr\/wp-json\/wp\/v2\/tags?post=454614"}],"curies":[{"name":"wp","href":"https:\/\/api.w.org\/{rel}","templated":true}]}}