{"id":454616,"date":"2025-10-11T08:43:10","date_gmt":"2025-10-11T08:43:10","guid":{"rendered":"https:\/\/www.europesays.com\/fr\/454616\/"},"modified":"2025-10-11T08:43:10","modified_gmt":"2025-10-11T08:43:10","slug":"le-cirque-du-soleil-jouera-sept-fois-ovo-du-26-au-29-mars-2026-a-marseille","status":"publish","type":"post","link":"https:\/\/www.europesays.com\/fr\/454616\/","title":{"rendered":"Le Cirque du Soleil jouera sept fois \u00ab\u00a0Ovo\u00a0\u00bb du 26 au 29\u00a0mars\u00a02026 \u00e0 Marseille"},"content":{"rendered":"<p>Il avait enchant\u00e9 le public <a href=\"https:\/\/www.laprovence.com\/article\/edition-martigues-istres\/6853654\/le-cirque-du-soleil-en-piste-avec-un-show-poetique.html\" target=\"_blank\" rel=\"nofollow noopener\">de l\u2019arena du Pays d\u2019Aix il y a trois ans<\/a>, avec les repr\u00e9sentations de Corteo, m\u00ealant l\u2019humour \u00e0 des acrobaties. En\u00a02026, le Cirque du Soleil sera de retour en Provence, cette fois \u00e0 Marseille, du 26 au 29\u00a0mars. Au Palais des sports, sept shows sont au programme pour Ovo (\u00ab\u00a0\u0153uf\u00a0\u00bb en portugais), une des cr\u00e9ations phares de la compagnie qu\u00e9b\u00e9coise. Jou\u00e9e pour la premi\u00e8re fois en avril\u00a02009, elle a d\u00e9j\u00e0 \u00e9t\u00e9 vue par plus de sept millions de personnes dans une quarantaine de pays.<\/p>\n<p>Pour cette nouvelle tourn\u00e9e, le spectacle a \u00e9t\u00e9 repens\u00e9, de la sc\u00e9nographie aux num\u00e9ros, en passant par les costumes et la bande sonore. Riche en couleurs et en acrobaties au sol comme a\u00e9riennes, Ovo offre une immersion \u00e0 l\u2019\u00e9chelle du monde des insectes, non sans rappeler<a href=\"https:\/\/www.laprovence.com\/actu\/en-direct\/5914488\/sept-nouveaux-films-signes-ghibli-debarquent-sur-netflix.html\" target=\"_blank\" rel=\"nofollow noopener\"> le film Arrietty<\/a> d\u2019Hiromasa Yonebayashi. Ici, un \u0153uf myst\u00e9rieux haut de sept m\u00e8tres, et symbolisant les cycles de la vie, d\u00e9clenche la curiosit\u00e9 et l\u2019\u00e9merveillement des personnages.<\/p>\n<p>Dans cette f\u00e9erie pleine de po\u00e9sie, une cinquantaine d\u2019artistes se partagent la sc\u00e8ne le temps d\u2019un ballet spectaculaire. Un spectacle qui s\u2019adresse aux familles, qui prendront place au milieu des fourmis, scarab\u00e9es, libellules ou encore pa&#8230;<\/p>\n","protected":false},"excerpt":{"rendered":"Il avait enchant\u00e9 le public de l\u2019arena du Pays d\u2019Aix il y a trois ans, avec les repr\u00e9sentations&hellip;\n","protected":false},"author":2,"featured_media":454617,"comment_status":"","ping_status":"","sticky":false,"template":"","format":"standard","meta":{"footnotes":""},"categories":[2814],"tags":[17,9694,1111,11,5398,251,1777,674,3395,1011,27,6694,884,12,58019,882,25,2559,4904],"class_list":{"0":"post-454616","1":"post","2":"type-post","3":"status-publish","4":"format-standard","5":"has-post-thumbnail","7":"category-marseille","8":"tag-17","9":"tag-29-mars-2026","10":"tag-actu","11":"tag-actualites","12":"tag-cirque","13":"tag-culture","14":"tag-eu","15":"tag-europe","16":"tag-fois","17":"tag-fr","18":"tag-france","19":"tag-jouera","20":"tag-marseille","21":"tag-news","22":"tag-ovo","23":"tag-provence-alpes-cote-dazur","24":"tag-republique-francaise","25":"tag-sept","26":"tag-soleil"},"share_on_mastodon":{"url":"https:\/\/pubeurope.com\/@fr\/115354652154101341","error":""},"_links":{"self":[{"href":"https:\/\/www.europesays.com\/fr\/wp-json\/wp\/v2\/posts\/454616","targetHints":{"allow":["GET"]}}],"collection":[{"href":"https:\/\/www.europesays.com\/fr\/wp-json\/wp\/v2\/posts"}],"about":[{"href":"https:\/\/www.europesays.com\/fr\/wp-json\/wp\/v2\/types\/post"}],"author":[{"embeddable":true,"href":"https:\/\/www.europesays.com\/fr\/wp-json\/wp\/v2\/users\/2"}],"replies":[{"embeddable":true,"href":"https:\/\/www.europesays.com\/fr\/wp-json\/wp\/v2\/comments?post=454616"}],"version-history":[{"count":0,"href":"https:\/\/www.europesays.com\/fr\/wp-json\/wp\/v2\/posts\/454616\/revisions"}],"wp:featuredmedia":[{"embeddable":true,"href":"https:\/\/www.europesays.com\/fr\/wp-json\/wp\/v2\/media\/454617"}],"wp:attachment":[{"href":"https:\/\/www.europesays.com\/fr\/wp-json\/wp\/v2\/media?parent=454616"}],"wp:term":[{"taxonomy":"category","embeddable":true,"href":"https:\/\/www.europesays.com\/fr\/wp-json\/wp\/v2\/categories?post=454616"},{"taxonomy":"post_tag","embeddable":true,"href":"https:\/\/www.europesays.com\/fr\/wp-json\/wp\/v2\/tags?post=454616"}],"curies":[{"name":"wp","href":"https:\/\/api.w.org\/{rel}","templated":true}]}}