{"id":454618,"date":"2025-10-11T08:44:11","date_gmt":"2025-10-11T08:44:11","guid":{"rendered":"https:\/\/www.europesays.com\/fr\/454618\/"},"modified":"2025-10-11T08:44:11","modified_gmt":"2025-10-11T08:44:11","slug":"marseille-signature-dun-partenariat-tripartite-entre-ludes-la-cress-provence-alpes-cote-dazur-et-france-travail","status":"publish","type":"post","link":"https:\/\/www.europesays.com\/fr\/454618\/","title":{"rendered":"MARSEILLE : Signature d&rsquo;un partenariat tripartite entre l&rsquo;UDES, la CRESS Provence-Alpes C\u00f4te d&rsquo;Azur et France Travail"},"content":{"rendered":"<p><strong>L\u2019UDES, la CRESS Provence-Alpes C\u00f4te d\u2019Azur et France Travail, ensemble pour l\u2019attractivit\u00e9 des m\u00e9tiers de l\u2019ESS.<\/strong><\/p>\n<p>L\u2019Union des employeurs de l\u2019\u00e9conomie sociale et solidaire (UDES), la Chambre r\u00e9gionale des entreprises de l\u2019\u00e9conomie sociale et solidaire (CRESS) de Provence-Alpes-C\u00f4te d\u2019Azur (Paca) et France Travail Paca ont sign\u00e9 une convention r\u00e9gionale de coop\u00e9ration. Ce partenariat vise \u00e0 r\u00e9pondre aux enjeux de recrutement, d\u2019attractivit\u00e9 et de professionnalisation des salari\u00e9s dans l\u2019\u00e9conomie sociale et solidaire (ESS) qui repr\u00e9sente 16 800 \u00e9tablissements employeurs et plus de 162 800 salari\u00e9s dans la r\u00e9gion.<\/p>\n<p><strong>Par cette convention, les trois partenaires s\u2019engagent \u00e0 unir leurs forces afin de :<\/strong><\/p>\n<p>Renforcer la visibilit\u00e9 et l\u2019attractivit\u00e9 des opportunit\u00e9s d\u2019emploi et de cr\u00e9ation d\u2019activit\u00e9 dans l\u2019ESS aupr\u00e8s des demandeurs d\u2019emploi ;<br \/>Accompagner les employeurs dans leurs op\u00e9rations de recrutement, en favorisant la diversit\u00e9 et l\u2019\u00e9galit\u00e9 de traitement ;<br \/>Faciliter l\u2019insertion professionnelle des publics les plus \u00e9loign\u00e9s de l\u2019emploi (jeunes, seniors, demandeurs d\u2019emploi de longue dur\u00e9e, habitants des quartiers prioritaires et zones rurales, personnes en situation de handicap).<\/p>\n<p><strong>Un partenariat construit autour de quatre axes de collaboration\u00a0 <\/strong><\/p>\n<p><strong>La convention de partenariat entre l\u2019UDES, la CRESS et France Travail \u00e0 l\u2019\u00e9chelle de la r\u00e9gion Paca s\u2019articule autour de quatre priorit\u00e9s :<\/strong><\/p>\n<p><strong>1.\u00a0Renforcer la connaissance mutuelle de l\u2019ESS et du r\u00e9seau France Travail<\/strong><\/p>\n<p>Les partenaires souhaitent mieux faire conna\u00eetre les m\u00e9tiers et opportunit\u00e9s de l\u2019ESS gr\u00e2ce \u00e0 des webinaires, des visites d\u2019entreprises et des actions de sensibilisation. Cela permettra une meilleure orientation des demandeurs d\u2019emploi et rapprochera les structures de l\u2019ESS des conseillers de France Travail.<\/p>\n<p><strong>2.\u00a0Favoriser la territorialisation de la collaboration\u00a0 <\/strong><\/p>\n<p>Parce que les besoins varient d\u2019un territoire \u00e0 l\u2019autre, la convention encourage une coop\u00e9ration renforc\u00e9e au niveau local. Les entreprises de l\u2019ESS pourront ainsi s\u2019appuyer sur les interlocuteurs de France Travail de proximit\u00e9 et participer plus largement \u00e0 des \u00e9v\u00e9nements adapt\u00e9s aux r\u00e9alit\u00e9s de chaque bassin.<\/p>\n<p><strong>3.\u00a0Accompagner les recrutements des entreprises de l\u2019ESS<\/strong><\/p>\n<p>Pour r\u00e9pondre aux tensions de recrutement, les signataires s\u2019engagent \u00e0 mobiliser des dispositifs tels que les immersions professionnelles, les formations adapt\u00e9es au poste, les parcours emploi comp\u00e9tences ou encore des m\u00e9thodes de recrutement innovantes. L\u2019UDES et la CRESS inciteront leurs adh\u00e9rents \u00e0 publier leurs offres sur la plateforme de France Travail et \u00e0 prendre part aux actions de recrutement.<\/p>\n<p><strong>4.\u00a0Favoriser l\u2019inclusion des publics \u00e9loign\u00e9s de l\u2019emploi<\/strong><\/p>\n<p>L\u2019ESS joue un r\u00f4le cl\u00e9 dans l\u2019insertion sociale et professionnelle. Le partenariat entend renforcer cet engagement en s\u2019appuyant sur des initiatives telles que \u00a0\u00bb Du stade vers l\u2019emploi \u00a0\u00bb ou \u00a0\u00bb Les clubs sportifs engag\u00e9s \u00ab\u00a0. Ces dispositifs utilisent le sport comme levier d\u2019int\u00e9gration et cr\u00e9ent de nouvelles passerelles vers l\u2019emploi.<\/p>\n<p><strong>UDES \u2013<\/strong><\/p>\n<p>L\u2019Union des employeurs de l\u2019\u00e9conomie sociale et solidaire (UDES) est la seule organisation patronale repr\u00e9sentative des employeurs de l\u2019ESS. Elle regroupe 22 groupements et syndicats d\u2019employeurs, repr\u00e9sentatifs dans 17 branches et secteurs professionnels. L\u2019UDES d\u00e9fend et exprime les int\u00e9r\u00eats de l\u2019ensemble des employeurs de l\u2019ESS (associations, mutuelles, coop\u00e9ratives, fondations) soit plus de 200 000 entreprises employant pr\u00e8s de 2,7 millions de salari\u00e9s. Engag\u00e9e pour un mod\u00e8le \u00e9conomique responsable et solidaire, l\u2019UDES contribue \u00e0 enrichir les grandes r\u00e9formes sociales et soutient les employeurs de l\u2019ESS dans leurs enjeux de d\u00e9veloppement, d\u2019attractivit\u00e9 et d\u2019innovation sociale.<\/p>\n<p><strong>Plus d\u2019informations sur<\/strong> <a href=\"http:\/\/www.udes.fr\" rel=\"nofollow noopener\" target=\"_blank\">www.udes.fr<\/a><\/p>\n<p>France Travail Provence-Alpes-C\u00f4te d\u2019Azur \u2013 Op\u00e9rateur public de r\u00e9f\u00e9rence du march\u00e9 de l\u2019emploi, France Travail, dans le cadre de sa mission de service public, s\u2019engage \u00e0 garantir l\u2019indemnisation et l\u2019accompagnement de toutes les personnes \u00e0 la recherche d\u2019emploi et \u00e0 r\u00e9pondre aux besoins de recrutement de toutes les entreprises. Pour ce faire, France Travail s\u2019appuie sur un r\u00e9seau de pr\u00e8s de 60 agences et 1 point relais, sur 4 800 collaborateurs dont 540 conseillers entreprise et sur la coop\u00e9ration avec tous les autres acteurs de l\u2019emploi, de l\u2019insertion et de la formation, r\u00e9unis dans le R\u00e9seau pour l\u2019emploi.<\/p>\n<p><strong>Plus d\u2019informations sur <\/strong><a href=\"http:\/\/www.francetravail.fr\/region\/provence-alpes-cote-d-azur\/\" rel=\"nofollow noopener\" target=\"_blank\">www.francetravail.fr\/region\/provence-alpes-cote-d-azur\/<\/a><\/p>\n<p>CRESS Provence-Alpes-C\u00f4te d\u2019Azur \u2013 Depuis plus de 30 ans, la Chambre R\u00e9gionale des entreprises de l\u2019\u00c9conomie Sociale et Solidaire (la CRESS Provence-Alpes-C\u00f4te d\u2019Azur) est l\u2019acteur qui repr\u00e9sente institutionnellement aupr\u00e8s des d\u00e9cideurs \u00e9conomiques, priv\u00e9s et publics, de la r\u00e9gion les entreprises de l\u2019ESS. Elle est la r\u00e9f\u00e9rence l\u00e9gale reconnue par la loi Hamon du 31 juillet 2014 et le porte-voix des entreprises de l\u2019ESS de la r\u00e9gion Sud (les associations, les coop\u00e9ratives, les fondations, les mutuelles, les entreprises sociales et les syndicats d\u2019employeurs). Elle est reconnue comme un acteur de rang consulaire.<\/p>\n<p><strong>Plus d\u2019informations sur <\/strong><a href=\"http:\/\/www.cresspaca.org\" rel=\"nofollow noopener\" target=\"_blank\">www.cresspaca.org<\/a><\/p>\n<p><strong>L\u00e9gende : Colette Bellet, d\u00e9l\u00e9gu\u00e9e r\u00e9gionale de l\u2019UDES Paca, Pascal Blain, directeur de France Travail Paca et David Heckel, directeur de la CRESS Paca.<\/strong><\/p>\n","protected":false},"excerpt":{"rendered":"L\u2019UDES, la CRESS Provence-Alpes C\u00f4te d\u2019Azur et France Travail, ensemble pour l\u2019attractivit\u00e9 des m\u00e9tiers de l\u2019ESS. L\u2019Union des&hellip;\n","protected":false},"author":2,"featured_media":454619,"comment_status":"","ping_status":"","sticky":false,"template":"","format":"standard","meta":{"footnotes":""},"categories":[2814],"tags":[1111,11,1777,674,1011,27,884,12,882,25],"class_list":{"0":"post-454618","1":"post","2":"type-post","3":"status-publish","4":"format-standard","5":"has-post-thumbnail","7":"category-marseille","8":"tag-actu","9":"tag-actualites","10":"tag-eu","11":"tag-europe","12":"tag-fr","13":"tag-france","14":"tag-marseille","15":"tag-news","16":"tag-provence-alpes-cote-dazur","17":"tag-republique-francaise"},"share_on_mastodon":{"url":"https:\/\/pubeurope.com\/@fr\/115354656024655508","error":""},"_links":{"self":[{"href":"https:\/\/www.europesays.com\/fr\/wp-json\/wp\/v2\/posts\/454618","targetHints":{"allow":["GET"]}}],"collection":[{"href":"https:\/\/www.europesays.com\/fr\/wp-json\/wp\/v2\/posts"}],"about":[{"href":"https:\/\/www.europesays.com\/fr\/wp-json\/wp\/v2\/types\/post"}],"author":[{"embeddable":true,"href":"https:\/\/www.europesays.com\/fr\/wp-json\/wp\/v2\/users\/2"}],"replies":[{"embeddable":true,"href":"https:\/\/www.europesays.com\/fr\/wp-json\/wp\/v2\/comments?post=454618"}],"version-history":[{"count":0,"href":"https:\/\/www.europesays.com\/fr\/wp-json\/wp\/v2\/posts\/454618\/revisions"}],"wp:featuredmedia":[{"embeddable":true,"href":"https:\/\/www.europesays.com\/fr\/wp-json\/wp\/v2\/media\/454619"}],"wp:attachment":[{"href":"https:\/\/www.europesays.com\/fr\/wp-json\/wp\/v2\/media?parent=454618"}],"wp:term":[{"taxonomy":"category","embeddable":true,"href":"https:\/\/www.europesays.com\/fr\/wp-json\/wp\/v2\/categories?post=454618"},{"taxonomy":"post_tag","embeddable":true,"href":"https:\/\/www.europesays.com\/fr\/wp-json\/wp\/v2\/tags?post=454618"}],"curies":[{"name":"wp","href":"https:\/\/api.w.org\/{rel}","templated":true}]}}