{"id":454620,"date":"2025-10-11T08:45:13","date_gmt":"2025-10-11T08:45:13","guid":{"rendered":"https:\/\/www.europesays.com\/fr\/454620\/"},"modified":"2025-10-11T08:45:13","modified_gmt":"2025-10-11T08:45:13","slug":"une-manifestation-contre-frederic-merlin-et-limplantation-de-shein-au-bhv","status":"publish","type":"post","link":"https:\/\/www.europesays.com\/fr\/454620\/","title":{"rendered":"une manifestation contre Fr\u00e9d\u00e9ric Merlin et l&rsquo;implantation de Shein au BHV"},"content":{"rendered":"<p itemprop=\"description\"><strong>Il n&rsquo;y a pas que S\u00e9bastien Lecornu qui passe un mauvais mois d&rsquo;octobre.<\/strong><\/p>\n<p>Le lyonnais Fr\u00e9d\u00e9ric Merlin, pr\u00e9sident de la fonci\u00e8re SGM et propri\u00e9taire du BHV Marais \u00e0 Paris, fait face \u00e0 une cascade de reproches.<\/p>\n<p>Ce vendredi, une manifestation s&rsquo;est m\u00eame tenue devant le grand magasin de la capitale et visait directement l&rsquo;homme d&rsquo;affaires. Une centaine de personnes, essentiellement des salari\u00e9s r\u00e9pondant \u00e0 l&rsquo;appel d&rsquo;une intersyndicale, ont d\u00e9nonc\u00e9 l&rsquo;arriv\u00e9e de Shein au BHV. \u00ab\u00a0Merlin, Merlin, arr\u00eate ton baratin\u00a0\u00bb, ont scand\u00e9 les manifestants, inquiets de voir des marques quitter les lieux depuis l&rsquo;annonce du partenariat avec Shein.<\/p>\n<p>Des \u00e9lus comme le communiste Ian Brossat \u00e9taient aussi pr\u00e9sents pour soutenir les salari\u00e9s.<\/p>\n<p>Car au-del\u00e0 des impay\u00e9s et des fournisseurs impatients, c&rsquo;est tout simplement l&rsquo;avenir de la mythique enseigne parisienne qui vacille sur impulsion de Fr\u00e9d\u00e9ric Merlin.<\/p>\n<blockquote class=\"twitter-tweet\"><p>&#13;<\/p>\n<p dir=\"ltr\" lang=\"fr\">L\u2019arriv\u00e9e de Shein au BHV est un scandale. <\/p>\n<p>Bravo aux salari\u00e9-es de se mobiliser face aux lubies d\u00e9lirantes de leur nouveau patron, M. Merlin, plus occup\u00e9 \u00e0 faire le buzz qu\u2019\u00e0 se soucier de la bonne sant\u00e9 de ce magasin embl\u00e9matique pour de nombreux Parisiennes et Parisiens. <a href=\"https:\/\/t.co\/nV6oyI2hvr\">pic.twitter.com\/nV6oyI2hvr<\/a><\/p>\n<p>&#13;<br \/>\n\u2014 Ian Brossat \ud83c\udf49 (@IanBrossat) <a href=\"https:\/\/twitter.com\/IanBrossat\/status\/1976672116352369110?ref_src=twsrc%5Etfw\" target=\"_blank\" rel=\"noopener\">October 10, 2025<\/a><\/p><\/blockquote>\n<p>\t\t  <script async src=\"https:\/\/platform.twitter.com\/widgets.js\" charset=\"utf-8\"><\/script><\/p>\n","protected":false},"excerpt":{"rendered":"Il n&rsquo;y a pas que S\u00e9bastien Lecornu qui passe un mauvais mois d&rsquo;octobre. Le lyonnais Fr\u00e9d\u00e9ric Merlin, pr\u00e9sident&hellip;\n","protected":false},"author":2,"featured_media":454621,"comment_status":"","ping_status":"","sticky":false,"template":"","format":"standard","meta":{"footnotes":""},"categories":[1889],"tags":[1111,11,2813,2190,2430,1109,251,1112,2811,1777,674,118,1011,27,1922,1110,1114,2428,2810,12,241,316,25,2812,517,800],"class_list":{"0":"post-454620","1":"post","2":"type-post","3":"status-publish","4":"format-standard","5":"has-post-thumbnail","7":"category-lyon","8":"tag-actu","9":"tag-actualites","10":"tag-article","11":"tag-asvel","12":"tag-auvergne-rhone-alpes","13":"tag-breves","14":"tag-culture","15":"tag-depeches","16":"tag-economique","17":"tag-eu","18":"tag-europe","19":"tag-faits-divers","20":"tag-fr","21":"tag-france","22":"tag-info","23":"tag-informations","24":"tag-infos","25":"tag-lyon","26":"tag-lyonmag","27":"tag-news","28":"tag-ol","29":"tag-politique","30":"tag-republique-francaise","31":"tag-sociale","32":"tag-sport","33":"tag-transports"},"share_on_mastodon":{"url":"https:\/\/pubeurope.com\/@fr\/115354660187511039","error":""},"_links":{"self":[{"href":"https:\/\/www.europesays.com\/fr\/wp-json\/wp\/v2\/posts\/454620","targetHints":{"allow":["GET"]}}],"collection":[{"href":"https:\/\/www.europesays.com\/fr\/wp-json\/wp\/v2\/posts"}],"about":[{"href":"https:\/\/www.europesays.com\/fr\/wp-json\/wp\/v2\/types\/post"}],"author":[{"embeddable":true,"href":"https:\/\/www.europesays.com\/fr\/wp-json\/wp\/v2\/users\/2"}],"replies":[{"embeddable":true,"href":"https:\/\/www.europesays.com\/fr\/wp-json\/wp\/v2\/comments?post=454620"}],"version-history":[{"count":0,"href":"https:\/\/www.europesays.com\/fr\/wp-json\/wp\/v2\/posts\/454620\/revisions"}],"wp:featuredmedia":[{"embeddable":true,"href":"https:\/\/www.europesays.com\/fr\/wp-json\/wp\/v2\/media\/454621"}],"wp:attachment":[{"href":"https:\/\/www.europesays.com\/fr\/wp-json\/wp\/v2\/media?parent=454620"}],"wp:term":[{"taxonomy":"category","embeddable":true,"href":"https:\/\/www.europesays.com\/fr\/wp-json\/wp\/v2\/categories?post=454620"},{"taxonomy":"post_tag","embeddable":true,"href":"https:\/\/www.europesays.com\/fr\/wp-json\/wp\/v2\/tags?post=454620"}],"curies":[{"name":"wp","href":"https:\/\/api.w.org\/{rel}","templated":true}]}}