{"id":454624,"date":"2025-10-11T08:48:51","date_gmt":"2025-10-11T08:48:51","guid":{"rendered":"https:\/\/www.europesays.com\/fr\/454624\/"},"modified":"2025-10-11T08:48:51","modified_gmt":"2025-10-11T08:48:51","slug":"prescripass-lars-ile-de-france-finance-96-000-seances-dactivite-physique-adaptee-pour-les-franciliens-les-plus-vulnerables","status":"publish","type":"post","link":"https:\/\/www.europesays.com\/fr\/454624\/","title":{"rendered":"Prescri\u2019Pass : l\u2019ARS \u00cele-de-France finance 96 000 s\u00e9ances d\u2019activit\u00e9 physique adapt\u00e9e pour les Franciliens les plus vuln\u00e9rables"},"content":{"rendered":"<p class=\"text-align-justify\"><strong>Plus de 4 000 Franciliens issus des quartiers prioritaires de la politique de la ville (QPV) b\u00e9n\u00e9ficieront gratuitement d\u2019un programme d\u2019activit\u00e9 physique adapt\u00e9e. Cette initiative est financ\u00e9e int\u00e9gralement par l\u2019ARS \u00cele-de-France \u00e0 hauteur de 1,3 million d\u2019euros.<\/strong><\/p>\n<p><strong>Un programme complet de 24 s\u00e9ances<\/strong><\/p>\n<p class=\"text-align-justify\">Les Prescri\u2019pass seront distribu\u00e9s dans 55 Maisons Sport-Sant\u00e9 d\u2019\u00cele-de-France, qui ont r\u00e9pondu \u00e0 un appel \u00e0 projet lanc\u00e9 par l\u2019Agence r\u00e9gionale de sant\u00e9. Ces MSS ont \u00e9t\u00e9\u00a0s\u00e9lectionn\u00e9es pour leur intervention dans les quartiers populaires afin d\u2019inciter les publics vuln\u00e9rables \u00e0 reprendre une activit\u00e9 physique r\u00e9guli\u00e8re et encadr\u00e9e. Il s\u2019agit d\u2019un pack de s\u00e9ances d\u2019activit\u00e9 physique adapt\u00e9e, prescrit par un m\u00e9decin et se d\u00e9roulant dans les Maisons Sport-Sant\u00e9. Il comprend :<\/p>\n<ul>\n<li>\n<p class=\"text-align-justify\">Un bilan des capacit\u00e9s et des conditions physiques d\u2019entr\u00e9e ;<\/p>\n<\/li>\n<li>\n<p class=\"text-align-justify\">24 s\u00e9ances collectives d\u2019APA (\u00e0 raison de deux par semaine, sur trois mois) ;<\/p>\n<\/li>\n<li>\n<p class=\"text-align-justify\">Un bilan physique de sortie, permettant d\u2019\u00e9valuer les progr\u00e8s r\u00e9alis\u00e9s.<\/p>\n<\/li>\n<\/ul>\n<p class=\"text-align-justify\">Le programme s\u2019adresse en priorit\u00e9 aux personnes vivant avec une pathologie chronique et\/ou en perte d\u2019autonomie pour des raisons de vieillissement ou d\u2019un handicap. L\u2019attribution des carnets d\u00e9butera \u00e0 partir d\u2019octobre 2025, directement par les Maisons Sport-Sant\u00e9 partenaires.\u00a0<\/p>\n<p class=\"text-align-justify\">L\u2019ARS \u00cele-de-France reconduira cette mesure en 2026.<\/p>\n<p><strong>Un engagement en faveur du sport-sant\u00e9 en \u00cele-de-France<\/strong><\/p>\n<p class=\"text-align-justify\">Le sport-sant\u00e9 recouvre la pratique d&rsquo;activit\u00e9s physiques ou sportives contribuant \u00e0 la sant\u00e9 et au bien-\u00eatre du pratiquant, en agissant sur les plans physique, psychologique et social. Ses b\u00e9n\u00e9fices sont multiples avec la r\u00e9duction des risques de d\u00e9pression, de diab\u00e8te de type 2, d\u2019hypertension art\u00e9rielle, d\u2019AVC, de cancers ou d\u2019ost\u00e9oporose\u2026\u00a0<\/p>\n<p class=\"text-align-justify\">L\u2019ARS \u00cele-de-France s\u2019engage depuis plusieurs ann\u00e9es pour promouvoir et d\u00e9velopper l\u2019activit\u00e9 physique pour tous. Les Maison sport sant\u00e9 sont constitu\u00e9es\u00a0de professionnels de la sant\u00e9 et du sport. Elles prennent en charge\u00a0et accompagnent les publics vers une pratique d\u2019activit\u00e9 physique durable,\u00a0gr\u00e2ce \u00e0 des programmes sport-sant\u00e9 personnalis\u00e9s.<\/p>\n","protected":false},"excerpt":{"rendered":"Plus de 4 000 Franciliens issus des quartiers prioritaires de la politique de la ville (QPV) b\u00e9n\u00e9ficieront gratuitement&hellip;\n","protected":false},"author":2,"featured_media":4186,"comment_status":"","ping_status":"","sticky":false,"template":"","format":"standard","meta":{"footnotes":""},"categories":[1592],"tags":[1111,11,1777,674,1011,27,662,12,626,25],"class_list":{"0":"post-454624","1":"post","2":"type-post","3":"status-publish","4":"format-standard","5":"has-post-thumbnail","7":"category-ile-de-france","8":"tag-actu","9":"tag-actualites","10":"tag-eu","11":"tag-europe","12":"tag-fr","13":"tag-france","14":"tag-ile-de-france","15":"tag-news","16":"tag-paris","17":"tag-republique-francaise"},"share_on_mastodon":{"url":"https:\/\/pubeurope.com\/@fr\/115354675737588121","error":""},"_links":{"self":[{"href":"https:\/\/www.europesays.com\/fr\/wp-json\/wp\/v2\/posts\/454624","targetHints":{"allow":["GET"]}}],"collection":[{"href":"https:\/\/www.europesays.com\/fr\/wp-json\/wp\/v2\/posts"}],"about":[{"href":"https:\/\/www.europesays.com\/fr\/wp-json\/wp\/v2\/types\/post"}],"author":[{"embeddable":true,"href":"https:\/\/www.europesays.com\/fr\/wp-json\/wp\/v2\/users\/2"}],"replies":[{"embeddable":true,"href":"https:\/\/www.europesays.com\/fr\/wp-json\/wp\/v2\/comments?post=454624"}],"version-history":[{"count":0,"href":"https:\/\/www.europesays.com\/fr\/wp-json\/wp\/v2\/posts\/454624\/revisions"}],"wp:featuredmedia":[{"embeddable":true,"href":"https:\/\/www.europesays.com\/fr\/wp-json\/wp\/v2\/media\/4186"}],"wp:attachment":[{"href":"https:\/\/www.europesays.com\/fr\/wp-json\/wp\/v2\/media?parent=454624"}],"wp:term":[{"taxonomy":"category","embeddable":true,"href":"https:\/\/www.europesays.com\/fr\/wp-json\/wp\/v2\/categories?post=454624"},{"taxonomy":"post_tag","embeddable":true,"href":"https:\/\/www.europesays.com\/fr\/wp-json\/wp\/v2\/tags?post=454624"}],"curies":[{"name":"wp","href":"https:\/\/api.w.org\/{rel}","templated":true}]}}