{"id":454625,"date":"2025-10-11T08:49:12","date_gmt":"2025-10-11T08:49:12","guid":{"rendered":"https:\/\/www.europesays.com\/fr\/454625\/"},"modified":"2025-10-11T08:49:12","modified_gmt":"2025-10-11T08:49:12","slug":"video-les-images-spectaculaires-de-levacuation-par-helicoptere-dun-blesse-depuis-larc-de-triomphe","status":"publish","type":"post","link":"https:\/\/www.europesays.com\/fr\/454625\/","title":{"rendered":"VID\u00c9O. Les images spectaculaires de l&rsquo;\u00e9vacuation par h\u00e9licopt\u00e8re d&rsquo;un bless\u00e9 depuis l&rsquo;Arc de Triomphe"},"content":{"rendered":"<p>            Par<br \/>\n        <strong><br \/>\n            <a href=\"https:\/\/actu.fr\/auteur\/glenn-gillet\" title=\"Consulter tous les articles de Glenn Gillet\" target=\"_blank\" rel=\"noopener\">Glenn Gillet<\/a><br \/>\n        <\/strong><\/p>\n<p>        Publi\u00e9 le<\/p>\n<p>            11 oct. 2025 \u00e0 9h51<br \/>\n        ; mis \u00e0 jour le 11 oct. 2025 \u00e0 10h09    <\/p>\n<p>Une sc\u00e8ne <strong>digne d\u2019un film<\/strong> juste au-dessus d\u2019un des monuments les plus fr\u00e9quent\u00e9s de la capitale. C\u2019est ce qu\u2019ont pu voir les passants qui se trouvaient vendredi 11 octobre en d\u00e9but de soir\u00e9e aux abords de l\u2019<a href=\"https:\/\/actu.fr\/tag\/arc-de-triomphe\" target=\"_blank\" rel=\"noopener\">Arc de triomphe<\/a> dans le 8e arrondissement de Paris\u2009: vers 19h30, un <strong>h\u00e9licopt\u00e8re<\/strong> a \u00e9vacu\u00e9 un <strong>septuag\u00e9naire bless\u00e9<\/strong> apr\u00e8s une chute sur la terrasse situ\u00e9e au sommet du monument, a appris actu Paris aupr\u00e8s des <a href=\"https:\/\/actu.fr\/tag\/pompiers\" target=\"_blank\" rel=\"noopener\">pompiers<\/a>, confirmant des informations initialement relay\u00e9es par le m\u00e9dia Brut.<\/p>\n<p>\u00ab\u2009On n\u2019a pas pu l\u2019\u00e9vacuer par la voie normale\u2009\u00bb<\/p>\n<p class=\" wall-content\">Les pompiers expliquent que le septuag\u00e9naire a fait \u00ab\u2009une chute de sa hauteur\u2009\u00bb vers 18h et s\u2019est bless\u00e9 <strong>au niveau des hanches<\/strong>. Ils se rendent toutefois rapidement compte qu\u2019il ne pourra pas \u00eatre redescendu par l\u2019escalier d\u2019acc\u00e8s au sommet du monument car son \u00e9tat de sant\u00e9 \u00ab\u00a0n\u00e9cessite une \u00e9vacuation horizontale\u00a0\u00bb.<\/p>\n<p class=\" wall-content\"><a href=\"https:\/\/www.instagram.com\/reel\/DPo84RhDA0c\/embed\" title=\"Ouvrir le lien sur Instagram\" target=\"_blank\" rel=\"noopener\">Visualiser le contenu sur Instagram<\/a><\/p>\n<p class=\" wall-content\">\u00ab\u2009On n\u2019a pas pu l\u2019\u00e9vacuer par la voie normale donc on a d\u00fb <strong>l\u2019\u00e9vacuer par les airs<\/strong>\u2009\u00bb, pr\u00e9cisent les pompiers. C\u2019est dont l\u2019h\u00e9licop\u00e8tre Dragon 75 et le GRIMP (Groupe de reconnaissance et d\u2019intervention en milieu p\u00e9rilleux) qui ont \u00e9t\u00e9 mobilis\u00e9s sur place.<\/p>\n<p class=\" wall-content\">Sur les images de la sc\u00e8ne film\u00e9es par le journaliste R\u00e9my Buisine de Brut, on voit l\u2019h\u00e9licopt\u00e8re stationner dans les airs au-dessus de l\u2019Arc de Triomphe avant de partir avec, au bout de son filin, un sapeur-pompier qui accompagne une civi\u00e8re.<\/p>\n<p class=\" wall-content\">Personnalisez votre actualit\u00e9 en ajoutant vos villes et m\u00e9dias en favori avec <a href=\"https:\/\/moncompte.actu.fr\" title=\"D\u00e9couvez Mon Actu\" rel=\"nofollow noopener\" data-trk=\"{&quot;cta&quot;:{&quot;action&quot;:&quot;https:\\\/\\\/moncompte.actu.fr&quot;,&quot;category&quot;:&quot;mon compte&quot;,&quot;from&quot;:&quot;article footer&quot;,&quot;name&quot;:&quot;Mon actu&quot;,&quot;type&quot;:&quot;cta&quot;}}\" target=\"_blank\">Mon Actu<\/a>.<\/p>\n<p>                    <script async src=\"\/\/www.instagram.com\/embed.js\"><\/script><\/p>\n","protected":false},"excerpt":{"rendered":"Par Glenn Gillet Publi\u00e9 le 11 oct. 2025 \u00e0 9h51 ; mis \u00e0 jour le 11 oct. 2025&hellip;\n","protected":false},"author":2,"featured_media":454626,"comment_status":"","ping_status":"","sticky":false,"template":"","format":"standard","meta":{"footnotes":""},"categories":[1888],"tags":[1111,1928,11,1927,17864,3056,1777,674,118,1011,27,12,1926,626,1925,1311,25],"class_list":{"0":"post-454625","1":"post","2":"type-post","3":"status-publish","4":"format-standard","5":"has-post-thumbnail","7":"category-paris","8":"tag-actu","9":"tag-actu-paris","10":"tag-actualites","11":"tag-actualites-paris","12":"tag-arc-de-triomphe","13":"tag-brigade-de-sapeurs-pompiers-de-paris","14":"tag-eu","15":"tag-europe","16":"tag-faits-divers","17":"tag-fr","18":"tag-france","19":"tag-news","20":"tag-news-paris","21":"tag-paris","22":"tag-paris-news","23":"tag-pompiers","24":"tag-republique-francaise"},"share_on_mastodon":{"url":"https:\/\/pubeurope.com\/@fr\/115354675795425815","error":""},"_links":{"self":[{"href":"https:\/\/www.europesays.com\/fr\/wp-json\/wp\/v2\/posts\/454625","targetHints":{"allow":["GET"]}}],"collection":[{"href":"https:\/\/www.europesays.com\/fr\/wp-json\/wp\/v2\/posts"}],"about":[{"href":"https:\/\/www.europesays.com\/fr\/wp-json\/wp\/v2\/types\/post"}],"author":[{"embeddable":true,"href":"https:\/\/www.europesays.com\/fr\/wp-json\/wp\/v2\/users\/2"}],"replies":[{"embeddable":true,"href":"https:\/\/www.europesays.com\/fr\/wp-json\/wp\/v2\/comments?post=454625"}],"version-history":[{"count":0,"href":"https:\/\/www.europesays.com\/fr\/wp-json\/wp\/v2\/posts\/454625\/revisions"}],"wp:featuredmedia":[{"embeddable":true,"href":"https:\/\/www.europesays.com\/fr\/wp-json\/wp\/v2\/media\/454626"}],"wp:attachment":[{"href":"https:\/\/www.europesays.com\/fr\/wp-json\/wp\/v2\/media?parent=454625"}],"wp:term":[{"taxonomy":"category","embeddable":true,"href":"https:\/\/www.europesays.com\/fr\/wp-json\/wp\/v2\/categories?post=454625"},{"taxonomy":"post_tag","embeddable":true,"href":"https:\/\/www.europesays.com\/fr\/wp-json\/wp\/v2\/tags?post=454625"}],"curies":[{"name":"wp","href":"https:\/\/api.w.org\/{rel}","templated":true}]}}