{"id":454660,"date":"2025-10-11T09:09:15","date_gmt":"2025-10-11T09:09:15","guid":{"rendered":"https:\/\/www.europesays.com\/fr\/454660\/"},"modified":"2025-10-11T09:09:15","modified_gmt":"2025-10-11T09:09:15","slug":"les-realisateurs-vont-trop-loin-carlos-sainz-critique-envers-la-realisation-tv-des-grands-prix-lequipe","status":"publish","type":"post","link":"https:\/\/www.europesays.com\/fr\/454660\/","title":{"rendered":"\u00ab Les r\u00e9alisateurs vont trop loin \u00bb : Carlos Sainz critique envers la r\u00e9alisation TV des Grands Prix &#8211; L&#039;\u00c9quipe"},"content":{"rendered":"<ol>\n<li><a href=\"https:\/\/news.google.com\/rss\/articles\/CBMi4AFBVV95cUxQQUFSWTdnbUtMY0laNDhtQmlvZk5zQWRJLVF0WUdnYmlhMHkwNjJFSnQ2Qk41d3N1RXRIdUtybTZUclhzSVJucHJmSFFhbXlhX0Z3Y01iWXJvbWQ5LVByMjFJVXdVaXZ0a0hKTDhVYmg2Y2dhTXhQLVVNMm55VEpnNUFNYl96UEt0MWlzelNuaGhSejZELXFhQ0lSOXlUZHl5eGU4Umh3SlpLYXRFTWZYYmJJdXpaN013ZFVxMWh3eDBNNU5Hd3Z4Zl9kNVNmSHZMa0Z3TE1uVHhVTVpmWk1uUQ?oc=5\" target=\"_blank\" rel=\"noopener\">\u00ab Les r\u00e9alisateurs vont trop loin \u00bb : Carlos Sainz critique envers la r\u00e9alisation TV des Grands Prix<\/a>&nbsp;&nbsp;L&rsquo;\u00c9quipe<\/li>\n<li><a href=\"https:\/\/news.google.com\/rss\/articles\/CBMi3wFBVV95cUxNQ3gzNUNYaFNVNTBkSldPRllNMXh1MVlqR0ZEYlg3Z0t1a1VTLXFQNUcwRndsQ21IUWpoNTFyU1NWdF9sOEMwTkxTdndMRlp3YmFaSDZHbEhPQnhiQXhKT3NvcXNoQXJmUHNDQ1ZSTUlOSGVCVWZCN0o0bFRJSThSVDRVNk9BSWVJNFJ1UmpDWnR3Q05wTVEzTU9BWTItcjRtaExENjRrMUJyOC1jM0g4VG1nZHMxcFFNWnRZOGkxVTV0YVh2dmRUYlVjRFowdEZaRm55Q1Q5d2Y4dzBZS3Jj?oc=5\" target=\"_blank\" rel=\"noopener\">\u00ab\u00a0Les r\u00e9alisateurs vont trop loin en montrant nos copines\u00a0\u00bb : Sainz cash sur la peopolisation de la F1<\/a>&nbsp;&nbsp;Eurosport<\/li>\n<li><a href=\"https:\/\/news.google.com\/rss\/articles\/CBMijwFBVV95cUxORE9XT3d5Umx2UGNJM2pISjNxbUd3VV9WS3VmNFdHRjhRSWtrWjFJbTR4Zm5WaUIycHJuWFBaMWRJbFc3b0RaY0lDRlhDV29LdFpTU0xPcTM5N1BLYXZabk9WV2hkdHUzWVA2dzBoZFozUzZjUHh3MDdKbEsyYml2UWZYWmxMRlFOTllrbWI3QQ?oc=5\" target=\"_blank\" rel=\"noopener\">Sainz tacle la r\u00e9alisation TV de la F1 apr\u00e8s le GP de Singapour<\/a>&nbsp;&nbsp;Motorsport.com<\/li>\n<li><a href=\"https:\/\/news.google.com\/rss\/articles\/CBMigwJBVV95cUxPUUFLVFUzR2JiTlo2RzhzeUZOTXRGOWFMV2JkQkNJQTctdUtsV2h0cVprYTFnUUpJenM5bmxaZ25IWDlSbWdLWDFyTGZZclA2eXJtY201WWpHU1VKZjRsYnA5bWVTclMyVHcwRVB0akdvMHFRckY2YXk3eTV4QmNoSWNiODYwT3JZenFEQ3h6V0dXUktNczdhcWZMaDBHdy0zbGQ5MU4yaW5oQXVTazJoRzZWeGY3bi1UQ0F1aU81MU1nYVNYQVRUMkJfb1ZSME9RLTZOYm1DUTRoSFZXU2ZpeWFfYXBPMUhSbE1FdGpGM1JaUDd1T0Rac1NTc1ZlNi1QQTlB?oc=5\" target=\"_blank\" rel=\"noopener\">\u00ab\u00a0Ils vont trop loin en montrant nos copines\u00a0\u00bb: Carlos Sainz d\u00e9nonce une retransmission trop people des courses de F1<\/a>&nbsp;&nbsp;RMC Sport<\/li>\n<li><a href=\"https:\/\/news.google.com\/rss\/articles\/CBMiygFBVV95cUxQOVpEZ2JxQUNYTndncDVGSlVZaHZVWkdGVV95WUc3aFV6YW5KdWh4QzVIMFJfQURjSnp1U3JEOG00SDNnQU4wdEhUMlZNeThNS0xpLVl1VzVLUElqRVhiTmowT0E1aktxMlR3TUd6a0VIekNudjNiazNkYTdKTmFpNTQ4VWtlazViYkhmN1dHVGdTendFcHQwb2c5dDlmVkdVVURtbkFfcUY5VF8zRXlybzkyZk1XV1Boa0RWYUZsN0hnTDRReFdyV3RR?oc=5\" target=\"_blank\" rel=\"noopener\">F1 Tr\u00e8s Remont\u00e9, ce pilote d\u00e9zingue la d\u00e9rive people et voyeuriste de la r\u00e9alisation !<\/a>&nbsp;&nbsp;Le Mag Sport Auto<\/li>\n<\/ol>\n","protected":false},"excerpt":{"rendered":"\u00ab Les r\u00e9alisateurs vont trop loin \u00bb : Carlos Sainz critique envers la r\u00e9alisation TV des Grands Prix&nbsp;&nbsp;L&rsquo;\u00c9quipe&hellip;\n","protected":false},"author":2,"featured_media":454661,"comment_status":"","ping_status":"","sticky":false,"template":"","format":"standard","meta":{"footnotes":""},"categories":[1412],"tags":[1451,1452,1453,1454,1455,1011,27,60],"class_list":{"0":"post-454660","1":"post","2":"type-post","3":"status-publish","4":"format-standard","5":"has-post-thumbnail","7":"category-f1","8":"tag-f1","9":"tag-formula-1","10":"tag-formula1","11":"tag-formule-1","12":"tag-formule1","13":"tag-fr","14":"tag-france","15":"tag-sports"},"share_on_mastodon":{"url":"https:\/\/pubeurope.com\/@fr\/115354754436355641","error":""},"_links":{"self":[{"href":"https:\/\/www.europesays.com\/fr\/wp-json\/wp\/v2\/posts\/454660","targetHints":{"allow":["GET"]}}],"collection":[{"href":"https:\/\/www.europesays.com\/fr\/wp-json\/wp\/v2\/posts"}],"about":[{"href":"https:\/\/www.europesays.com\/fr\/wp-json\/wp\/v2\/types\/post"}],"author":[{"embeddable":true,"href":"https:\/\/www.europesays.com\/fr\/wp-json\/wp\/v2\/users\/2"}],"replies":[{"embeddable":true,"href":"https:\/\/www.europesays.com\/fr\/wp-json\/wp\/v2\/comments?post=454660"}],"version-history":[{"count":0,"href":"https:\/\/www.europesays.com\/fr\/wp-json\/wp\/v2\/posts\/454660\/revisions"}],"wp:featuredmedia":[{"embeddable":true,"href":"https:\/\/www.europesays.com\/fr\/wp-json\/wp\/v2\/media\/454661"}],"wp:attachment":[{"href":"https:\/\/www.europesays.com\/fr\/wp-json\/wp\/v2\/media?parent=454660"}],"wp:term":[{"taxonomy":"category","embeddable":true,"href":"https:\/\/www.europesays.com\/fr\/wp-json\/wp\/v2\/categories?post=454660"},{"taxonomy":"post_tag","embeddable":true,"href":"https:\/\/www.europesays.com\/fr\/wp-json\/wp\/v2\/tags?post=454660"}],"curies":[{"name":"wp","href":"https:\/\/api.w.org\/{rel}","templated":true}]}}