{"id":454662,"date":"2025-10-11T09:10:20","date_gmt":"2025-10-11T09:10:20","guid":{"rendered":"https:\/\/www.europesays.com\/fr\/454662\/"},"modified":"2025-10-11T09:10:20","modified_gmt":"2025-10-11T09:10:20","slug":"tout-petit-deja-il-voulait-gagner-le-tour-a-lyon-sur-les-traces-de-paul-seixas-prodige-du-cyclisme-francais","status":"publish","type":"post","link":"https:\/\/www.europesays.com\/fr\/454662\/","title":{"rendered":"\u00ab\u00a0Tout petit d\u00e9j\u00e0, il voulait gagner le Tour\u00a0\u00bb\u00a0: \u00e0 Lyon, sur les traces de Paul Seixas, prodige du cyclisme fran\u00e7ais"},"content":{"rendered":"<p class=\"paragraph text_align_left lp-f-body-02\">M\u00eame Thomas Voeckler, le s\u00e9lectionneur national, avoue avoir chang\u00e9 son logiciel. Habitu\u00e9 \u00e0 laisser s\u2019aguerrir les jeunes, Voeckler a compris que l\u2019\u00e9poque avait chang\u00e9 et que, pour une fois que la France tient <a href=\"https:\/\/www.leparisien.fr\/sports\/cyclisme\/je-pense-quil-peut-aller-loin-jonas-vingegaard-encense-lespoir-du-cyclisme-francais-paul-seixas-09-09-2025-TY27F5IY75EYRGI6W2NWTFND7I.php\" target=\"_self\" rel=\"nofollow noopener\">un immense espoir,<\/a> il fallait lui ouvrir tout de suite les portes de la s\u00e9lection. Et ce n\u2019est pas sa place de meilleur Fran\u00e7ais aux Mondiaux du Rwanda il y a deux semaines (13e), encore moins son podium europ\u00e9en dimanche, qui va refroidir l\u2019enthousiasme. Place d\u00e9sormais, pour la p\u00e9pite Seixas, \u00e0 un premier Monument, le Tour de Lombardie, ce samedi entre C\u00f4me et Bergame.<\/p>\n","protected":false},"excerpt":{"rendered":"M\u00eame Thomas Voeckler, le s\u00e9lectionneur national, avoue avoir chang\u00e9 son logiciel. Habitu\u00e9 \u00e0 laisser s\u2019aguerrir les jeunes, Voeckler&hellip;\n","protected":false},"author":2,"featured_media":454663,"comment_status":"","ping_status":"","sticky":false,"template":"","format":"standard","meta":{"footnotes":""},"categories":[1411],"tags":[1154,207,459,1011,27,60],"class_list":{"0":"post-454662","1":"post","2":"type-post","3":"status-publish","4":"format-standard","5":"has-post-thumbnail","7":"category-cyclisme","8":"tag-cycling","9":"tag-cyclisme","10":"tag-departements-horsidfo","11":"tag-fr","12":"tag-france","13":"tag-sports"},"share_on_mastodon":{"url":"https:\/\/pubeurope.com\/@fr\/115354758367645863","error":""},"_links":{"self":[{"href":"https:\/\/www.europesays.com\/fr\/wp-json\/wp\/v2\/posts\/454662","targetHints":{"allow":["GET"]}}],"collection":[{"href":"https:\/\/www.europesays.com\/fr\/wp-json\/wp\/v2\/posts"}],"about":[{"href":"https:\/\/www.europesays.com\/fr\/wp-json\/wp\/v2\/types\/post"}],"author":[{"embeddable":true,"href":"https:\/\/www.europesays.com\/fr\/wp-json\/wp\/v2\/users\/2"}],"replies":[{"embeddable":true,"href":"https:\/\/www.europesays.com\/fr\/wp-json\/wp\/v2\/comments?post=454662"}],"version-history":[{"count":0,"href":"https:\/\/www.europesays.com\/fr\/wp-json\/wp\/v2\/posts\/454662\/revisions"}],"wp:featuredmedia":[{"embeddable":true,"href":"https:\/\/www.europesays.com\/fr\/wp-json\/wp\/v2\/media\/454663"}],"wp:attachment":[{"href":"https:\/\/www.europesays.com\/fr\/wp-json\/wp\/v2\/media?parent=454662"}],"wp:term":[{"taxonomy":"category","embeddable":true,"href":"https:\/\/www.europesays.com\/fr\/wp-json\/wp\/v2\/categories?post=454662"},{"taxonomy":"post_tag","embeddable":true,"href":"https:\/\/www.europesays.com\/fr\/wp-json\/wp\/v2\/tags?post=454662"}],"curies":[{"name":"wp","href":"https:\/\/api.w.org\/{rel}","templated":true}]}}