{"id":454666,"date":"2025-10-11T09:12:14","date_gmt":"2025-10-11T09:12:14","guid":{"rendered":"https:\/\/www.europesays.com\/fr\/454666\/"},"modified":"2025-10-11T09:12:14","modified_gmt":"2025-10-11T09:12:14","slug":"liane-foly-ne-mache-pas-ses-mots-et-revient-sur-son-eviction-des-enfoires-en-2020-ce-ne-sont-pas-des-amis-ce-sont-des","status":"publish","type":"post","link":"https:\/\/www.europesays.com\/fr\/454666\/","title":{"rendered":"Liane Foly ne m\u00e2che pas ses mots et revient sur son \u00e9viction des Enfoir\u00e9s en 2020 : \u00ab\u00a0Ce ne sont pas des amis, ce sont des\u2026\u00a0\u00bb"},"content":{"rendered":"<p>            <img loading=\"lazy\" decoding=\"async\" src=\"https:\/\/www.europesays.com\/fr\/wp-content\/uploads\/2025\/04\/121-62909a850c1a7-35x35-1.jpg\" class=\"author-article-picture\" width=\"35\" height=\"35\"\/><\/p>\n<p>                Par<br \/>\n                                    <a class=\"author-article-bio-link\" href=\"https:\/\/www.purepeople.com\/auteur\/bertrand-bielle_a121\" rel=\"nofollow noopener\" target=\"_blank\">Bertrand Bielle<\/a><br \/>\n                                                    | Journaliste<\/p>\n<p>\n                Curieux de nature, Bertrand est toujours \u00e0 l\u2019affut du moindre petit scoop. Passionn\u00e9 par le football, il n\u2019est jamais bien loin du ballon rond et de toutes les actualit\u00e9s qui en d\u00e9coulent. Toutefois, l\u2019\u00e9v\u00e8nementiel du showbiz ou de la politique fait \u00e9galement partie de ses recherches journalistiques privil\u00e9gi\u00e9es.\n            <\/p>\n<p>\n    Liane Foly, invit\u00e9e de l\u2019\u00e9mission \u00ab\u00a0Ils m\u00e9riteraient d\u2019\u00eatre dans le journal\u00a0\u00bb sur Bel RTL, est revenue sans d\u00e9tour sur son d\u00e9part des Enfoir\u00e9s. Apr\u00e8s plus de trente ans pass\u00e9s au sein de la troupe, la chanteuse a d\u00e9couvert qu\u2019elle n\u2019\u00e9tait plus convi\u00e9e. Une \u00e9viction douloureuse, qu\u2019elle \u00e9voque aujourd\u2019hui avec franchise et \u00e9motion\u2026\n<\/p>\n<p>                            <img loading=\"lazy\" decoding=\"async\" class=\"player-thumbnail\" src=\"https:\/\/www.europesays.com\/fr\/wp-content\/uploads\/2025\/10\/de6a4a6d5b97b807-580x326-1.jpg\" width=\"580\" height=\"326\"\/><\/p>\n<p>                    Liane Foly ne m\u00e2che pas ses mots et revient sur son \u00e9viction des Enfoir\u00e9s en 2020 : \u00ab\u00a0Ce ne sont pas des amis, ce sont des\u2026\u00a0\u00bb<\/p>\n<p>La suite apr\u00e8s la publicit\u00e9<\/p>\n<p>Sur les ondes de Bel RTL le 7 octobre dernier, dans l\u2019\u00e9mission Ils m\u00e9riteraient d\u2019\u00eatre dans le journal, Liane Foly est revenue sur <a href=\"https:\/\/www.purepeople.com\/article\/je-pense-que-le-public-doit-savoir-que-liane-foly-fait-une-mise-au-point-sur-son-retrait-des-enfoires_a534382\/1\" rel=\"nofollow noopener\" target=\"_blank\">son \u00e9viction des Enfoir\u00e9s<\/a>, il y a cinq ans. \u00ab\u00a0On ne fait pas une cause humanitaire quand on le veut, on y est invit\u00e9. On re\u00e7oit un mail tous les ans &#8211; que j\u2019ai re\u00e7u pendant plus de 30 ans &#8211; qui nous dit\u00a0: \u2018Vous r\u00e9servez quinze jours, l\u2019ann\u00e9e prochaine, on sera \u00e0 tel endroit et vous serez avec nous&rsquo;. Quand vous ne recevez plus de mail, \u00e7a veut dire que vous n\u2019\u00eates plus d\u00e9sir\u00e9e. \u00c7a s\u2019arr\u00eate l\u00e0. C\u2019est une cha\u00eene qui d\u00e9cide. Ce sont des d\u00e9cideurs, une production.\u00a0\u00bb, a-t-elle d\u00e9clar\u00e9.<\/p>\n<p>Et d&rsquo;ajouter : \u00ab\u00a0C\u2019est tr\u00e8s, tr\u00e8s dur de ne plus \u00eatre d\u00e9sir\u00e9e. Je l\u2019ai \u00e9videmment mal v\u00e9cu au d\u00e9part puisque la derni\u00e8re, c\u2019\u00e9tait en 2020 (&#8230;) Ce qui m&rsquo;a d\u00e9rang\u00e9e un peu plus, c&rsquo;est qu&rsquo;on pense que c&rsquo;est une bande d&rsquo;amis. Quand ils ne me voient plus arriver, on pourrait s&rsquo;attendre \u00e0 ce qu&rsquo;ils posent des questions, qu&rsquo;ils appellent pour dire :'\u00a0\u00bbComment \u00e7a se fait que t&rsquo;es plus avec nous &lsquo;\u00a0\u00bb. Mais rien. Et c&rsquo;est l\u00e0 que j&rsquo;ai compris : ce ne sont pas des amis, ce sont des coll\u00e8gues de paillettes.\u00a0\u00bb<\/p>\n<p>Figure embl\u00e9matique des Enfoir\u00e9s, Liane Foly a \u00e9t\u00e9 invit\u00e9e \u00e0 rejoindre la troupe par Jean-Jacques Goldman<\/p>\n<p>Des d\u00e9clarations fortes de la part de celle qui accordait cet entretien \u00e0 l\u2019occasion de la promotion de son spectacle La folle repart en th\u00e8se. \u00ab\u00a0La seule chose qu&rsquo;il faut dire, c&rsquo;est que c&rsquo;est une cause humanitaire, j&rsquo;ai \u0153uvr\u00e9 pour cette cause depuis des ann\u00e9es, aux c\u00f4t\u00e9s de Jean-Jacques Goldman, c&rsquo;est lui qui m&rsquo;avait demand\u00e9 de l&rsquo;int\u00e9grer au d\u00e9part. Cela a dur\u00e9 plus de trente ans. Et puis au bout d&rsquo;un moment, et bien, les choses bougent ;<a href=\"https:\/\/www.purepeople.com\/article\/les-enfoires-jean-jacques-goldman-ne-participe-pas-mais-cest-quelquun-qui-garde-toujours-un-oeil-attentif-sur-ce-que-lon-fait_a542976\/1\" rel=\"nofollow noopener\" target=\"_blank\"> Jean-Jacques a quitt\u00e9 les Enfoir\u00e9s<\/a> et puis la jeune g\u00e9n\u00e9ration est arriv\u00e9e\u2026\u00a0\u00bb, a-t-elle aussi indiqu\u00e9 \u00e0 ce sujet.<\/p>\n<p>Cette ann\u00e9e, les concerts des Enfoir\u00e9s\u00a0auront lieu \u00e0 Paris en janvier 2026.\u00a0Encore une \u00e9dition \u00e0 laquelle celle qui entre 1984 et 1995 a \u00e9t\u00e9 <a href=\"https:\/\/www.purepeople.com\/article\/jaurais-aime-quil-mepouse-liane-foly-evoque-son-ex-compagnon-andre-manoukian-et-lui-passe-un-message_a534035\/1\" rel=\"nofollow noopener\" target=\"_blank\">en couple avec Andr\u00e9 Manoukian<\/a> ne participera donc pas, sauf \u00e9norme rebondissement.<\/p>\n","protected":false},"excerpt":{"rendered":"Par Bertrand Bielle | Journaliste Curieux de nature, Bertrand est toujours \u00e0 l\u2019affut du moindre petit scoop. Passionn\u00e9&hellip;\n","protected":false},"author":2,"featured_media":454667,"comment_status":"","ping_status":"","sticky":false,"template":"","format":"standard","meta":{"footnotes":""},"categories":[1359],"tags":[58,59,1011,27,973],"class_list":{"0":"post-454666","1":"post","2":"type-post","3":"status-publish","4":"format-standard","5":"has-post-thumbnail","7":"category-people","8":"tag-divertissement","9":"tag-entertainment","10":"tag-fr","11":"tag-france","12":"tag-people"},"share_on_mastodon":{"url":"https:\/\/pubeurope.com\/@fr\/115354766819509097","error":""},"_links":{"self":[{"href":"https:\/\/www.europesays.com\/fr\/wp-json\/wp\/v2\/posts\/454666","targetHints":{"allow":["GET"]}}],"collection":[{"href":"https:\/\/www.europesays.com\/fr\/wp-json\/wp\/v2\/posts"}],"about":[{"href":"https:\/\/www.europesays.com\/fr\/wp-json\/wp\/v2\/types\/post"}],"author":[{"embeddable":true,"href":"https:\/\/www.europesays.com\/fr\/wp-json\/wp\/v2\/users\/2"}],"replies":[{"embeddable":true,"href":"https:\/\/www.europesays.com\/fr\/wp-json\/wp\/v2\/comments?post=454666"}],"version-history":[{"count":0,"href":"https:\/\/www.europesays.com\/fr\/wp-json\/wp\/v2\/posts\/454666\/revisions"}],"wp:featuredmedia":[{"embeddable":true,"href":"https:\/\/www.europesays.com\/fr\/wp-json\/wp\/v2\/media\/454667"}],"wp:attachment":[{"href":"https:\/\/www.europesays.com\/fr\/wp-json\/wp\/v2\/media?parent=454666"}],"wp:term":[{"taxonomy":"category","embeddable":true,"href":"https:\/\/www.europesays.com\/fr\/wp-json\/wp\/v2\/categories?post=454666"},{"taxonomy":"post_tag","embeddable":true,"href":"https:\/\/www.europesays.com\/fr\/wp-json\/wp\/v2\/tags?post=454666"}],"curies":[{"name":"wp","href":"https:\/\/api.w.org\/{rel}","templated":true}]}}