{"id":454668,"date":"2025-10-11T09:13:11","date_gmt":"2025-10-11T09:13:11","guid":{"rendered":"https:\/\/www.europesays.com\/fr\/454668\/"},"modified":"2025-10-11T09:13:11","modified_gmt":"2025-10-11T09:13:11","slug":"le-chat-de-geluck-prend-aussi-ses-quartiers-sur-les-quais-de-saone","status":"publish","type":"post","link":"https:\/\/www.europesays.com\/fr\/454668\/","title":{"rendered":"Le Chat de Geluck prend (aussi) ses quartiers sur les quais de Sa\u00f4ne"},"content":{"rendered":"<p class=\"content\" style=\"font-size:1.2em;font-weight:700\"><strong>Isabelle Nicolas, directrice de la galerie Estades \u00e0 Lyon, est l\u2019invit\u00e9e de 6 minutes chrono \/ Lyon Capitale.<\/strong><\/p>\n<p>L\u2019univers pince-sans-rire du Chat de Philippe Geluck s\u2019invite sur les quais de Sa\u00f4ne. Jusqu\u2019au 15 novembre, la galerie Estades expose une s\u00e9lection d\u2019\u0153uvres du dessinateur belge, entre humour, philosophie et r\u00e9f\u00e9rences \u00e0 l\u2019histoire de l\u2019art. Une actualit\u00e9 qui fait \u00e9cho \u00e0 l\u2019exposition monumentale \u00ab\u00a0Le Chat d\u00e9ambule\u00a0\u00bb visible au parc de la T\u00eate d\u2019Or jusqu\u2019en mars prochain.<\/p>\n<p><strong>Lire aussi : <a href=\"https:\/\/www.lyoncapitale.fr\/culture\/les-expos-a-voir-en-octobre-a-lyon\" rel=\"nofollow noopener\" target=\"_blank\">Les expos \u00e0 voir en octobre \u00e0 Lyon<\/a><\/strong><\/p>\n<p>Une exposition pleine d\u2019humour et de profondeur<\/p>\n<p>\u00ab\u00a0Philippe Geluck est un artiste aux multiples talents mais \u00e0 l\u2019agenda bien rempli\u00a0\u00bb, explique Isabelle Nicolas. Entre la pr\u00e9paration de son mus\u00e9e \u00e0 Bruxelles, l\u2019exposition au mus\u00e9e Maillol et la sortie de son 25e album, \u00ab\u00a0le moment \u00e9tait parfait pour pr\u00e9senter la n\u00f4tre en parall\u00e8le\u00a0\u00bb, poursuit la galeriste. \u00c0 la galerie Estades, les visiteurs d\u00e9couvrent \u00ab\u00a0des acryliques sur toile, des dessins originaux, des s\u00e9rigraphies et des sculptures\u00a0\u00bb, parfois d\u00e9clin\u00e9es en mod\u00e8les r\u00e9duits des \u0153uvres monumentales visibles au parc.<\/p>\n<p>Pour Isabelle Nicolas, le succ\u00e8s du Chat repose sur sa double lecture : \u00ab\u00a0Vous pouvez faire l\u2019exposition simplement en vous baladant et en \u00e9tant amus\u00e9, ou la lire avec une seconde lecture, plus culturelle. Philippe Geluck a une culture artistique tr\u00e8s profonde qu\u2019on retrouve dans ses \u0153uvres.\u00a0\u00bb Une approche qui permet de s\u00e9duire un large public, des enfants aux amateurs d\u2019art. Son coup de c\u0153ur ? Une \u0153uvre clin d\u2019\u0153il \u00e0 \u00ab\u00a0L\u2019Homme de Vitruve\u00a0\u00bb : \u00ab\u00a0L\u00e9onard de Vinci n\u2019avait pas pens\u00e9 \u00e0 tout.\u00a0\u00bb<\/p>\n<p>Plus de d\u00e9tails dans la vid\u00e9o :<\/p>\n<p class=\"has-text-align-center has-vivid-red-color has-text-color has-link-color wp-elements-9fe07168e0e40e1031dadade088c6c5d\"><strong>La retranscription compl\u00e8te de l&rsquo;\u00e9mission avec Isabelle Nicolas : <\/strong><\/p>\n<p><strong>Bonjour \u00e0 tous, bienvenue dans l&rsquo;\u00e9mission 6 minutes chrono, le rendez-vous quotidien de la r\u00e9daction de Lyon Capitale. Aujourd&rsquo;hui, on va parler de culture, de bande dessin\u00e9e, de dessin, avec l&rsquo;exposition \u00ab Le Chat \u00bb de Philippe Geluck, qui se tient jusqu&rsquo;au 15 novembre \u00e0 la galerie Estades. Pour en parler, nous recevons Isabelle Nicolas, directrice de la galerie Estades \u00e0 Lyon. Bonjour Isabelle Nicolas, merci d&rsquo;\u00eatre venue sur notre plateau. Alors, on le rappelle, Le Chat, c\u2019est ce personnage embl\u00e9matique, pince-sans-rire, mi-philosophe, mi-humoriste, dont le p\u00e8re, le dessinateur, est Philippe Geluck. Cet artiste belge est dessinateur, auteur, com\u00e9dien, chroniqueur, il est multicasquette. Votre exposition intervient en m\u00eame temps qu&rsquo;une autre, celle qui se tient au parc de la T\u00eate d&rsquo;Or, intitul\u00e9e \u00ab Le Chat d\u00e9ambule \u00bb. C\u2019est une exposition itin\u00e9rante pr\u00e9sent\u00e9e dans plusieurs pays d&rsquo;Europe, actuellement \u00e0 Lyon jusqu&rsquo;au mois de mars. Donc, il y a ces deux expositions en parall\u00e8le, mais nous, on vient parler de la v\u00f4tre. Est-ce que vous pouvez d&rsquo;abord nous raconter comment vous en \u00eates venue \u00e0 exposer Geluck dans votre galerie, sachant que l\u2019histoire est plus ancienne que celle du parc de la T\u00eate d\u2019Or ? C\u2019\u00e9tait pr\u00e9vu de longue date.<\/strong><\/p>\n<p>Oui, tout \u00e0 fait. \u00c7a a d&rsquo;abord \u00e9t\u00e9 une rencontre entre Michel Estades et Philippe Geluck, qui s\u2019est faite il y a quelques ann\u00e9es et au cours de laquelle ils ont eu l\u2019envie commune de pr\u00e9parer une exposition. Philippe Geluck est un artiste aux multiples talents mais \u00e0 l\u2019agenda bien rempli, avec une actualit\u00e9 tr\u00e8s dense. On le voit justement avec l\u2019exposition qui a lieu au parc de la T\u00eate d\u2019Or en ce moment, mais aussi la pr\u00e9paration de son mus\u00e9e qui ouvrira en octobre 2027 \u00e0 Bruxelles, et la sortie de son 25\u1d49 album le 25 octobre.<\/p>\n<p><strong>Oui, donc il y a une actualit\u00e9\u2026<\/strong><\/p>\n<p>Voil\u00e0, il y a aussi l\u2019exposition du mus\u00e9e Maillol \u00e0 Paris. Donc, l\u2019envie \u00e9tait l\u00e0, mais il fallait trouver le bon moment. Et il est arriv\u00e9 quand Philippe Geluck nous a appel\u00e9s il y a quelques mois en nous disant : \u00ab Je vais faire une exposition Le Chat d\u00e9ambule, pr\u00e9sent\u00e9e dans plusieurs villes de France et en Belgique. \u00bb L\u2019exposition \u00e9tait pr\u00e9vue au parc de la T\u00eate d\u2019Or \u00e0 Lyon : c\u2019\u00e9tait le tempo parfait pour pr\u00e9senter la n\u00f4tre en parall\u00e8le et r\u00e9galer les Lyonnais avec cette double actualit\u00e9 autour de Geluck.<\/p>\n<p><strong>Alors, je crois que c\u2019est d\u00e9j\u00e0 un carton plein. Vous avez commenc\u00e9 ce week-end \u00e0 ouvrir et il y avait d\u00e9j\u00e0 beaucoup de monde.<\/strong><\/p>\n<p>Beaucoup, beaucoup de monde tout au long du week-end.<\/p>\n<p><strong>Qu\u2019est-ce qu\u2019on vient voir dans votre galerie ? Je le rappelle, elle se situe sur les quais de Sa\u00f4ne, dans le 1er arrondissement, en face de la gare Saint-Paul. Quels sont les objets que vous montrez ? Qu\u2019est-ce que vous donnez \u00e0 voir ?<\/strong><\/p>\n<p>On pr\u00e9sente aussi bien des acryliques sur toile, des dessins originaux, des acryliques sur carton, mais aussi des s\u00e9rigraphies, des digigraphies et des sculptures. Les sculptures ne sont pas monumentales comme celles du parc, mais certaines qui y sont expos\u00e9es sont pr\u00e9sent\u00e9es ici en mod\u00e8les r\u00e9duits : 60 cm ou 30 cm \u00e0 la galerie. L\u2019exposition est donc tr\u00e8s vari\u00e9e, aussi bien en termes de techniques que de sujets.<\/p>\n<p><strong>Et comment ont-elles \u00e9t\u00e9 s\u00e9lectionn\u00e9es ? Comment cette exposition a-t-elle \u00e9t\u00e9 pens\u00e9e ?<\/strong><\/p>\n<p>Philippe Geluck pense vraiment une exposition dans son ensemble. Il nous a propos\u00e9 ses \u0153uvres parce que les sujets sont tr\u00e8s vari\u00e9s, et on ne s\u2019ennuie pas une seconde : c\u2019est impossible de s\u2019ennuyer dans une exposition Geluck.<\/p>\n<p><strong>Chaque bulle a un peu son univers, c\u2019est \u00e7a ? Il n\u2019y a pas forc\u00e9ment une th\u00e9matique qui les r\u00e9unit ?<\/strong><\/p>\n<p>Voil\u00e0. Le Chat est toujours l\u00e0 pour nous parler, mais vous avez aussi bien des punchlines humoristiques \u2014 l\u2019humour est toujours pr\u00e9sent avec Philippe Geluck \u2014 que des r\u00e9f\u00e9rences \u00e0 de grandes \u0153uvres de l\u2019histoire de l\u2019art. Il y a plein de niveaux de lecture possibles dans une exposition Geluck.<\/p>\n<p><strong>Alors, vous faites une bonne transition. J\u2019allais vous demander : pour venir voir votre exposition \u2014 ou m\u00eame celle du parc de la T\u00eate d\u2019Or d\u2019ailleurs \u2014 faut-il \u00eatre un super fan du Chat et de Philippe Geluck, ou peut-on aussi \u00eatre un amateur mod\u00e9r\u00e9, mais n\u00e9anmoins curieux de bande dessin\u00e9e et de l\u2019univers du Chat ? Est-ce qu\u2019on peut s\u2019y retrouver m\u00eame sans \u00eatre un aficionado absolu ?<\/strong><\/p>\n<p>Compl\u00e8tement. Vous pouvez faire l\u2019exposition simplement en vous baladant, en \u00e9tant amus\u00e9 et charm\u00e9 par ce Chat, ou bien en la lisant avec une seconde lecture. Philippe Geluck a une culture artistique tr\u00e8s profonde qu\u2019on retrouve dans ses \u0153uvres, avec des ponts, des clins d\u2019\u0153il \u00e0 d\u2019autres artistes.<\/p>\n<p><strong>C\u2019est un peu \u00e7a qui explique sa popularit\u00e9 : il y a \u00e0 la fois cette profondeur dans le sens, dans l\u2019humour \u2014 presque philosophique parfois, avec une forme d\u2019ha\u00efku, tr\u00e8s court, tr\u00e8s efficace \u2014 et en m\u00eame temps, on peut rester \u00e0 la surface et y trouver son compte, son humour. C\u2019est un peu \u00e7a l\u2019esprit, comment vous le voyez ?<\/strong><\/p>\n<p>Tout \u00e0 fait. C\u2019est pour \u00e7a que cela peut toucher aussi bien des familles avec des enfants, amus\u00e9s par le Chat, que des amateurs d\u2019art qui verront des ponts avec Soulages, Alechinsky, Mondrian ou De Vinci.<\/p>\n<p><strong>Il y a donc cette profondeur de champ qui est assez extraordinaire. Une derni\u00e8re question avant de terminer cette \u00e9mission : avez-vous un coup de c\u0153ur personnel, en toute subjectivit\u00e9 ?<\/strong><\/p>\n<p>Alors l\u00e0, oui, en toute subjectivit\u00e9. Il y en a une qui me fait particuli\u00e8rement rire, un gros clin d\u2019\u0153il \u00e0 l\u2019Homme de Vitruve de L\u00e9onard de Vinci, et qui m\u2019amuse particuli\u00e8rement.<\/p>\n<p><strong>Je crois que nos t\u00e9l\u00e9spectateurs la voient en m\u00eame temps, et elle explique que\u2026<\/strong><\/p>\n<p>L\u00e9onard de Vinci n\u2019avait pas pens\u00e9 \u00e0 tout.<\/p>\n<p><strong>Voil\u00e0, ce sera le mot de la fin. Merci beaucoup Isabelle Nicolas d\u2019\u00eatre venue sur notre plateau. On le rappelle, chers t\u00e9l\u00e9spectateurs, vous pouvez retrouver l\u2019exposition \u00e0 la galerie Estades. C\u2019est \u00e0 quelle adresse ?<\/strong><\/p>\n<p>Au 61, quai Saint-Vincent, jusqu\u2019au 15 novembre.<\/p>\n<p><strong>Voil\u00e0, en face de la gare Saint-Paul, sur les quais de Sa\u00f4ne, et \u00e9galement l\u2019exposition Le Chat d\u00e9ambule au parc de la T\u00eate d\u2019Or jusqu\u2019en mars. Merci d\u2019avoir suivi cette \u00e9mission, \u00e0 tr\u00e8s bient\u00f4t.<\/strong><\/p>\n","protected":false},"excerpt":{"rendered":"Isabelle Nicolas, directrice de la galerie Estades \u00e0 Lyon, est l\u2019invit\u00e9e de 6 minutes chrono \/ Lyon Capitale.&hellip;\n","protected":false},"author":2,"featured_media":454669,"comment_status":"","ping_status":"","sticky":false,"template":"","format":"standard","meta":{"footnotes":""},"categories":[1358],"tags":[1348,1384,1385,1386,58,59,1011,27],"class_list":{"0":"post-454668","1":"post","2":"type-post","3":"status-publish","4":"format-standard","5":"has-post-thumbnail","7":"category-arts-et-design","8":"tag-arts","9":"tag-arts-and-design","10":"tag-arts-et-design","11":"tag-design","12":"tag-divertissement","13":"tag-entertainment","14":"tag-fr","15":"tag-france"},"share_on_mastodon":{"url":"https:\/\/pubeurope.com\/@fr\/115354770111587204","error":""},"_links":{"self":[{"href":"https:\/\/www.europesays.com\/fr\/wp-json\/wp\/v2\/posts\/454668","targetHints":{"allow":["GET"]}}],"collection":[{"href":"https:\/\/www.europesays.com\/fr\/wp-json\/wp\/v2\/posts"}],"about":[{"href":"https:\/\/www.europesays.com\/fr\/wp-json\/wp\/v2\/types\/post"}],"author":[{"embeddable":true,"href":"https:\/\/www.europesays.com\/fr\/wp-json\/wp\/v2\/users\/2"}],"replies":[{"embeddable":true,"href":"https:\/\/www.europesays.com\/fr\/wp-json\/wp\/v2\/comments?post=454668"}],"version-history":[{"count":0,"href":"https:\/\/www.europesays.com\/fr\/wp-json\/wp\/v2\/posts\/454668\/revisions"}],"wp:featuredmedia":[{"embeddable":true,"href":"https:\/\/www.europesays.com\/fr\/wp-json\/wp\/v2\/media\/454669"}],"wp:attachment":[{"href":"https:\/\/www.europesays.com\/fr\/wp-json\/wp\/v2\/media?parent=454668"}],"wp:term":[{"taxonomy":"category","embeddable":true,"href":"https:\/\/www.europesays.com\/fr\/wp-json\/wp\/v2\/categories?post=454668"},{"taxonomy":"post_tag","embeddable":true,"href":"https:\/\/www.europesays.com\/fr\/wp-json\/wp\/v2\/tags?post=454668"}],"curies":[{"name":"wp","href":"https:\/\/api.w.org\/{rel}","templated":true}]}}