{"id":454671,"date":"2025-10-11T09:15:13","date_gmt":"2025-10-11T09:15:13","guid":{"rendered":"https:\/\/www.europesays.com\/fr\/454671\/"},"modified":"2025-10-11T09:15:13","modified_gmt":"2025-10-11T09:15:13","slug":"je-regrette-antoine-de-caunes-pris-par-lemotion-son-message-troublant-a-philippe-gildas","status":"publish","type":"post","link":"https:\/\/www.europesays.com\/fr\/454671\/","title":{"rendered":"\u00ab\u00a0Je regrette\u2026\u00a0\u00bb : Antoine de Caunes pris par l\u2019\u00e9motion, son message troublant \u00e0 Philippe Gildas"},"content":{"rendered":"<p>Apr\u00e8s sa traditionnelle pause estivale.\u00a0<a href=\"https:\/\/www.closermag.fr\/people\/alors-que-valery-giscard-destaing-anne-elisabeth-lemoine-ose-une-remarque-detonante-sur-lady-diana-3580276\" data-mrf-link=\"https:\/\/www.closermag.fr\/people\/alors-que-valery-giscard-destaing-anne-elisabeth-lemoine-ose-une-remarque-detonante-sur-lady-diana-3580276\" target=\"_blank\" rel=\"noopener\">Anne-Elisabeth<br \/>\nLemoine<\/a> \u00e9tait de retour \u00e0 la t\u00eate du talk-show quotidien<br \/>\nbaptis\u00e9 <a href=\"https:\/\/www.telestar.fr\/tag\/c-a-vous\" data-mrf-link=\"https:\/\/www.telestar.fr\/tag\/c-a-vous\" target=\"_blank\" rel=\"noopener\">C \u00e0 vous<\/a><br \/>\nle lundi 1er septembre 2025 sur France 5. Pour m\u00e9moire,<br \/>\n<strong>l\u00a0\u00bbanimatrice incarne d\u00e9sormais de l&rsquo;\u00e9mission uniquement du<br \/>\nlundi au jeudi<\/strong>\u00a0cette saison. Les num\u00e9ros diffus\u00e9s les<br \/>\nvendredis et les samedis sont quant \u00e0 eux pr\u00e9sent\u00e9s par son ancien<br \/>\nchroniqueur\u00a0<a href=\"https:\/\/www.closermag.fr\/people\/mohamed-bouhafsi-cette-confidence-tres-surprenante-de-kendji-girac-en-coulisses-3579628\" target=\"_blank\" rel=\"noopener\">Mohamed<br \/>\nBouhafsi<\/a>.<\/p>\n<p>L&rsquo;ancien journaliste sportif de RMC \u00e9tait justement aux<br \/>\ncommandes d&rsquo;un nouveau num\u00e9ro de C \u00e0 vous le vendredi 10 octobre<br \/>\n2025 sur France 5. Ce jour-l\u00e0, <strong>l&rsquo;animateur a re\u00e7u plusieurs<br \/>\ninvit\u00e9s sur son plateau.<\/strong> Parmi ces derniers, on peut<br \/>\nnotamment citer la pr\u00e9sentatrice vedette de RMC, <a href=\"https:\/\/www.closermag.fr\/tv_tele_realite\/proces-de-stephane-plaza-estelle-denis-interdite-et-choquee-ce-qua-fait-nrj-avec-cauet-3508247\" target=\"_blank\" rel=\"noopener\"><br \/>\nEstelle Denis<\/a>. Mais aussi le visage incontournable de Canal+,<br \/>\n<a href=\"https:\/\/www.closermag.fr\/people\/je-suis-le-prochain-antoine-de-caunes-face-a-la-mort-ses-confessions-transpirantes-dhonnetete-3585919\" target=\"_blank\" rel=\"noopener\"><br \/>\nAntoine de Caunes<\/a>.<\/p>\n<p>Philippe Gildas est d\u00e9c\u00e9d\u00e9 des suites d\u2019un cancer le 28 octobre<br \/>\n2018 \u00e0 l&rsquo;\u00e2ge de 82 ans<\/p>\n<p>Pour rappel, Antoine de Caunes s&rsquo;\u00e9tait r\u00e9v\u00e9l\u00e9 au grand public<br \/>\ndans les ann\u00e9es 90. <strong>Lorsqu&rsquo;il intervenait dans l&rsquo;\u00e9mission<br \/>\nculte Nulle Part Ailleurs.<\/strong> Avec son acolyte Jos\u00e9 Garcia,<br \/>\nle chroniqueur r\u00e9alisait quotidiennement un sketch en rapport avec<br \/>\nl&rsquo;un des invit\u00e9s de Philippe Gildas. Qui pr\u00e9sentait ce talk-show<br \/>\nembl\u00e9matique de Canal+.<\/p>\n<p>Pour rappel, Philippe Gildas est malheureusement d\u00e9c\u00e9d\u00e9 le 28<br \/>\noctobre 2018 \u00e0 l&rsquo;\u00e2ge de 82 ans. Des suites d\u2019un cancer. Bien<br \/>\n\u00e9videmment, <strong>Antoine de Caunes s&rsquo;\u00e9tait rendu aux obs\u00e8ques de<br \/>\nl&rsquo;animateur<\/strong> organis\u00e9es dans la salle de la Coupole au<br \/>\ncr\u00e9matorium du cimeti\u00e8re du P\u00e8re-Lachaise \u00e0 Paris le 5 novembre<br \/>\n2018. L&rsquo;ancien acolyte de Jos\u00e9 Garcia a d&rsquo;ailleurs profit\u00e9 de son<br \/>\npassage sur le plateau de C \u00e0 vous pour adresser un message au<br \/>\nd\u00e9funt animateur.<\/p>\n<p>Antoine de Caunes \u00e0 Philippe Gildas :<br \/>\n\u00ab\u00a0Mon petit Philou, tu me manques \u00e9norm\u00e9ment\u00a0\u00bb<\/p>\n<p>\u00ab\u00a0Mon petit Philou, tu me manques \u00e9norm\u00e9ment. Je pense \u00e0 toi<br \/>\n\u00e0 peu pr\u00e8s tous les jours que Dieu fait. Il y a l\u2019anniversaire de<br \/>\nta mort qui approche donc \u00e7a va encore se mettre \u00e0 chauffer et tu<br \/>\nme manques infiniment. En plus, je regrette car <strong>si tu avais<br \/>\ntoujours \u00e9t\u00e9 vivant, on aurait fait une super interview pour<br \/>\nVieux.<\/strong> Rappelle-moi s\u2019il te pla\u00eet\u00a0\u00bb, a ainsi lanc\u00e9<br \/>\nAntoine de Caunes.<\/p>\n<p>Par la suite, celui qui a pr\u00e9sent\u00e9 une \u00e9mission quotidienne sur<br \/>\nFrance Inter durant plusieurs ann\u00e9es a expliqu\u00e9 qu&rsquo;il \u00ab\u00a0s\u2019est<br \/>\nsenti vieux pour la premi\u00e8re fois\u00a0\u00bb au moment de la mort de<br \/>\nPhilippe Gildas. \u00ab\u00a0C\u2019est la mort de vos proches qui vous donne<br \/>\ndes marqueurs dans l\u2019existence. Et qui vous font prendre conscience<br \/>\nde votre propre finitude. <strong>\u00c9videmment, je suis le prochain<br \/>\nsur la liste<\/strong>\u00ab\u00a0, a finalement conclu Antoine de Caunes,<br \/>\naujourd\u2019hui \u00e2g\u00e9 de 71 ans.<\/p>\n","protected":false},"excerpt":{"rendered":"Apr\u00e8s sa traditionnelle pause estivale.\u00a0Anne-Elisabeth Lemoine \u00e9tait de retour \u00e0 la t\u00eate du talk-show quotidien baptis\u00e9 C \u00e0&hellip;\n","protected":false},"author":2,"featured_media":454672,"comment_status":"","ping_status":"","sticky":false,"template":"","format":"standard","meta":{"footnotes":""},"categories":[1356],"tags":[58,59,1011,27,4467,252,1364],"class_list":{"0":"post-454671","1":"post","2":"type-post","3":"status-publish","4":"format-standard","5":"has-post-thumbnail","7":"category-television","8":"tag-divertissement","9":"tag-entertainment","10":"tag-fr","11":"tag-france","12":"tag-france-5","13":"tag-television","14":"tag-tv"},"share_on_mastodon":{"url":"https:\/\/pubeurope.com\/@fr\/115354778025522262","error":""},"_links":{"self":[{"href":"https:\/\/www.europesays.com\/fr\/wp-json\/wp\/v2\/posts\/454671","targetHints":{"allow":["GET"]}}],"collection":[{"href":"https:\/\/www.europesays.com\/fr\/wp-json\/wp\/v2\/posts"}],"about":[{"href":"https:\/\/www.europesays.com\/fr\/wp-json\/wp\/v2\/types\/post"}],"author":[{"embeddable":true,"href":"https:\/\/www.europesays.com\/fr\/wp-json\/wp\/v2\/users\/2"}],"replies":[{"embeddable":true,"href":"https:\/\/www.europesays.com\/fr\/wp-json\/wp\/v2\/comments?post=454671"}],"version-history":[{"count":0,"href":"https:\/\/www.europesays.com\/fr\/wp-json\/wp\/v2\/posts\/454671\/revisions"}],"wp:featuredmedia":[{"embeddable":true,"href":"https:\/\/www.europesays.com\/fr\/wp-json\/wp\/v2\/media\/454672"}],"wp:attachment":[{"href":"https:\/\/www.europesays.com\/fr\/wp-json\/wp\/v2\/media?parent=454671"}],"wp:term":[{"taxonomy":"category","embeddable":true,"href":"https:\/\/www.europesays.com\/fr\/wp-json\/wp\/v2\/categories?post=454671"},{"taxonomy":"post_tag","embeddable":true,"href":"https:\/\/www.europesays.com\/fr\/wp-json\/wp\/v2\/tags?post=454671"}],"curies":[{"name":"wp","href":"https:\/\/api.w.org\/{rel}","templated":true}]}}