{"id":454679,"date":"2025-10-11T09:19:18","date_gmt":"2025-10-11T09:19:18","guid":{"rendered":"https:\/\/www.europesays.com\/fr\/454679\/"},"modified":"2025-10-11T09:19:18","modified_gmt":"2025-10-11T09:19:18","slug":"leon-marchand-battu-par-kos-sur-200-m-dos-pour-debuter-la-coupe-du-monde-en-petit-bassin","status":"publish","type":"post","link":"https:\/\/www.europesays.com\/fr\/454679\/","title":{"rendered":"L\u00e9on Marchand battu par Kos sur 200\u00a0m dos pour d\u00e9buter la Coupe du monde en petit bassin"},"content":{"rendered":"<p>Le Fran\u00e7ais <a href=\"https:\/\/www.20minutes.fr\/sport\/leon-marchand\/\" class=\"c-link c-link--is-underlined\" target=\"_blank\" rel=\"noopener\">L\u00e9on Marchand<\/a> a \u00e9t\u00e9 battu par son compagnon d\u2019entra\u00eenement hongrois Hubert Kos sur 200\u00a0m dos en ouverture de la Coupe du monde en petit bassin, vendredi \u00e0 Carmel (<a href=\"https:\/\/www.20minutes.fr\/monde\/etats-unis\/\" class=\"c-link c-link--is-underlined\" target=\"_blank\" rel=\"noopener\">Etats-Unis<\/a>).<\/p>\n<p>Marchand a rapidement pris la t\u00eate de la course avant de c\u00e9der au champion olympique de la distance qui a termin\u00e9 en 1 min 46 sec 84\/100es s\u2019imposant avec 84\/100es d\u2019avance sur le Fran\u00e7ais et 2 sec 97\/100es sur l\u2019Am\u00e9ricain Shaine Casas. Les trois hommes s\u2019entra\u00eenent ensemble au Texas sous la houlette de Bob Bowman.<\/p>\n<p>Retour difficile apr\u00e8s le triomphe de Singapour<\/p>\n<p>Marchand, vainqueur de quatre m\u00e9dailles d\u2019or aux <a href=\"https:\/\/www.20minutes.fr\/sport\/jo\/\" class=\"c-link c-link--is-underlined\" target=\"_blank\" rel=\"noopener\">Jeux olympiques<\/a> de Paris en\u00a02024, n\u2019avait plus nag\u00e9 en grande comp\u00e9tition depuis ao\u00fbt et les Championnats du monde de Singapour o\u00f9 il avait remport\u00e9 deux m\u00e9dailles d\u2019or (200 et 400\u00a0m quatre nages).<\/p>\n<p>Pour sa reprise \u00e0 Carmel, il a d\u00e9cid\u00e9 de se retirer vendredi du 100\u00a0m 4 nages, mais a sign\u00e9 le troisi\u00e8me temps cumul\u00e9 des s\u00e9ries du 400\u00a0m libre en 3\u00a0: 38.25, \u00e0 45\/100es du meilleur temps \u00e9tabli par l\u2019Am\u00e9ricain Carson Foster (3\u00a0: 37.80).<\/p>\n<p>Chez les femmes, l\u2019Australienne Kaylee McKeown a remport\u00e9 le 50\u00a0m dos (25 sec 42\/100es). La quintuple championne olympique, qui restait sur un doubl\u00e9 en or aux Mondiaux de Singapour, a devanc\u00e9 sa compatriote Mollie O\u2019Callaghan.<\/p>\n<\/p>\n<p>La d\u00e9tentrice du record du monde de la distance Regan Smith a d\u00e9cid\u00e9 de ne pas s\u2019engager sur 50\u00a0m dos mais a remport\u00e9 le 200\u00a0m papillon en \u00e9tablissant un nouveau record des Etats-Unis en 2 min 00 sec 28\/100es.<\/p>\n<p>La vedette canadienne Summer McIntosh, qui a remport\u00e9 quatre m\u00e9dailles d\u2019or et une de bronze aux derniers Mondiaux, a d\u00e9clar\u00e9 forfait pour la comp\u00e9tition pour cause de maladie.<\/p>\n","protected":false},"excerpt":{"rendered":"Le Fran\u00e7ais L\u00e9on Marchand a \u00e9t\u00e9 battu par son compagnon d\u2019entra\u00eenement hongrois Hubert Kos sur 200\u00a0m dos en&hellip;\n","protected":false},"author":2,"featured_media":454680,"comment_status":"","ping_status":"","sticky":false,"template":"","format":"standard","meta":{"footnotes":""},"categories":[9],"tags":[39753,58023,451,73,1011,27,7941,13283,5216,517,60],"class_list":{"0":"post-454679","1":"post","2":"type-post","3":"status-publish","4":"format-standard","5":"has-post-thumbnail","7":"category-sports","8":"tag-100m","9":"tag-200m","10":"tag-coupe-du-monde","11":"tag-etats-unis","12":"tag-fr","13":"tag-france","14":"tag-jo-paris-2024","15":"tag-leon-marchand","16":"tag-natation","17":"tag-sport","18":"tag-sports"},"share_on_mastodon":{"url":"https:\/\/pubeurope.com\/@fr\/115354793771165350","error":""},"_links":{"self":[{"href":"https:\/\/www.europesays.com\/fr\/wp-json\/wp\/v2\/posts\/454679","targetHints":{"allow":["GET"]}}],"collection":[{"href":"https:\/\/www.europesays.com\/fr\/wp-json\/wp\/v2\/posts"}],"about":[{"href":"https:\/\/www.europesays.com\/fr\/wp-json\/wp\/v2\/types\/post"}],"author":[{"embeddable":true,"href":"https:\/\/www.europesays.com\/fr\/wp-json\/wp\/v2\/users\/2"}],"replies":[{"embeddable":true,"href":"https:\/\/www.europesays.com\/fr\/wp-json\/wp\/v2\/comments?post=454679"}],"version-history":[{"count":0,"href":"https:\/\/www.europesays.com\/fr\/wp-json\/wp\/v2\/posts\/454679\/revisions"}],"wp:featuredmedia":[{"embeddable":true,"href":"https:\/\/www.europesays.com\/fr\/wp-json\/wp\/v2\/media\/454680"}],"wp:attachment":[{"href":"https:\/\/www.europesays.com\/fr\/wp-json\/wp\/v2\/media?parent=454679"}],"wp:term":[{"taxonomy":"category","embeddable":true,"href":"https:\/\/www.europesays.com\/fr\/wp-json\/wp\/v2\/categories?post=454679"},{"taxonomy":"post_tag","embeddable":true,"href":"https:\/\/www.europesays.com\/fr\/wp-json\/wp\/v2\/tags?post=454679"}],"curies":[{"name":"wp","href":"https:\/\/api.w.org\/{rel}","templated":true}]}}