{"id":454687,"date":"2025-10-11T09:23:10","date_gmt":"2025-10-11T09:23:10","guid":{"rendered":"https:\/\/www.europesays.com\/fr\/454687\/"},"modified":"2025-10-11T09:23:10","modified_gmt":"2025-10-11T09:23:10","slug":"les-images-saisissantes-des-milliers-de-deplaces-palestiniens-qui-remontent-vers-le-nord-de-la-bande-de-gaza","status":"publish","type":"post","link":"https:\/\/www.europesays.com\/fr\/454687\/","title":{"rendered":"Les images saisissantes des milliers de d\u00e9plac\u00e9s palestiniens qui remontent vers le nord de la bande de Gaza"},"content":{"rendered":"<p>\n    <strong>EN IMAGES <\/strong>&#8211; Apr\u00e8s l\u2019annonce du cessez-le-feu \u00e0 Gaza et le retrait partiel des troupes isra\u00e9liennes, la population civile de Gaza a commenc\u00e9 \u00e0 remonter en direction du nord du territoire d\u00e9vast\u00e9 par deux ans de guerre.<\/p>\n<p class=\"fig-paragraph\">Apr\u00e8s l\u2019annonce du cessez-le-feu entre Isra\u00ebl et le Hamas, des milliers de d\u00e9plac\u00e9s ont pris la route vers le nord de la bande de Gaza alors que d\u2019autres sont retourn\u00e9s dans les ruines de leurs maisons \u00e0 Khan Youn\u00e8s, dans le sud, selon des images de l\u2019AFP.<\/p>\n<p class=\"fig-paragraph\">\u00abCela fait deux ans que nous sommes d\u00e9plac\u00e9s, vivant sur les trottoirs, sans abri, ni endroit o\u00f9 loger (&#8230;) Je veux juste rentrer chez moi. Si Dieu le veut, les choses s\u2019am\u00e9lioreront et la tr\u00eave durera\u00bb, a d\u00e9clar\u00e9 \u00e0 l\u2019AFP Areej Abou Saadaeh, une Gazaouie de 53 ans, \u00e0 Khan Youn\u00e8s (sud).<\/p>\n<p>                                    <a class=\"fig-a11y-skip a11y-hidden\" href=\"#fig-a11y-skip-main-inarticle\"><br \/>\n        Passer la publicit\u00e9<br \/>\n    <\/a><\/p>\n<p class=\"fig-paragraph\">\u00abNous rentrons chez nous malgr\u00e9 les destructions, le si\u00e8ge et la douleur. Nous sommes heureux m\u00eame si nous retournons dans des ruines\u00bb, a dit Amir Abou Iyadeh, 32 ans, aussi rencontr\u00e9 dans le sud du territoire avant sa remont\u00e9e de l\u2019enclave.<\/p>\n<p class=\"fig-body-link\">\n            \u00c0 lire aussi<br \/>\n        <a class=\"fig-body-link__link\" href=\"http:\/\/www.lefigaro.fr\/flash-actu\/cessez-le-feu-a-gaza-les-images-historiques-des-milliers-de-palestiniens-qui-regagnent-le-nord-du-territoire-20251010\" data-fig-type=\"NewsFlash\" data-gtm-custom-categorie=\"navigation\" data-gtm-custom-action=\"crossclick\" data-gtm-custom-label=\"Contextuel\" data-gtm-event=\"customEventSPE\" data-fig-domain=\"LEFIGARO\" rel=\"nofollow noopener\" target=\"_blank\">Cessez-le-feu \u00e0 Gaza\u00a0: les images historiques des milliers de Palestiniens qui regagnent le nord du territoire<br \/>\n    <\/a>\n<\/p>\n<p class=\"fig-paragraph\">Selon la D\u00e9fense civile de Gaza, \u00abapproximativement 200.000 personnes\u00bb sont retourn\u00e9es chez elles, dans le nord de la bande de Gaza vendredi.<\/p>\n<p class=\"fig-paragraph\">L\u2019arm\u00e9e isra\u00e9lienne a annonc\u00e9 un repositionnement de ses troupes dans des secteurs de la bande de Gaza ravag\u00e9e par la guerre, d\u00e9clench\u00e9e par une attaque sans pr\u00e9c\u00e9dent du mouvement islamiste Hamas le 7 octobre 2023 contre Isra\u00ebl. Mais elle a averti que plusieurs zones restaient \u00abextr\u00eamement dangereuses\u00bb pour la population civile.<\/p>\n<p class=\"fig-paragraph\">\u00c0 travers la bande de Gaza, des secouristes ont profit\u00e9 vendredi du cessez-le-feu pour fouiller les d\u00e9combres. \u00ab\u00c0 Gaza-ville uniquement, 63 corps (morts) ont \u00e9t\u00e9 retrouv\u00e9s et transport\u00e9s \u00e0 l\u2019h\u00f4pital\u00bb, a indiqu\u00e9 Mahmoud Bassal, porte-parole de la D\u00e9fense civile locale.<\/p>\n","protected":false},"excerpt":{"rendered":"EN IMAGES &#8211; Apr\u00e8s l\u2019annonce du cessez-le-feu \u00e0 Gaza et le retrait partiel des troupes isra\u00e9liennes, la population&hellip;\n","protected":false},"author":2,"featured_media":454688,"comment_status":"","ping_status":"","sticky":false,"template":"","format":"standard","meta":{"footnotes":""},"categories":[5],"tags":[11,1011,27,665,14,12,28],"class_list":{"0":"post-454687","1":"post","2":"type-post","3":"status-publish","4":"format-standard","5":"has-post-thumbnail","7":"category-international","8":"tag-actualites","9":"tag-fr","10":"tag-france","11":"tag-gaza","12":"tag-international","13":"tag-news","14":"tag-world"},"share_on_mastodon":{"url":"https:\/\/pubeurope.com\/@fr\/115354809375178310","error":""},"_links":{"self":[{"href":"https:\/\/www.europesays.com\/fr\/wp-json\/wp\/v2\/posts\/454687","targetHints":{"allow":["GET"]}}],"collection":[{"href":"https:\/\/www.europesays.com\/fr\/wp-json\/wp\/v2\/posts"}],"about":[{"href":"https:\/\/www.europesays.com\/fr\/wp-json\/wp\/v2\/types\/post"}],"author":[{"embeddable":true,"href":"https:\/\/www.europesays.com\/fr\/wp-json\/wp\/v2\/users\/2"}],"replies":[{"embeddable":true,"href":"https:\/\/www.europesays.com\/fr\/wp-json\/wp\/v2\/comments?post=454687"}],"version-history":[{"count":0,"href":"https:\/\/www.europesays.com\/fr\/wp-json\/wp\/v2\/posts\/454687\/revisions"}],"wp:featuredmedia":[{"embeddable":true,"href":"https:\/\/www.europesays.com\/fr\/wp-json\/wp\/v2\/media\/454688"}],"wp:attachment":[{"href":"https:\/\/www.europesays.com\/fr\/wp-json\/wp\/v2\/media?parent=454687"}],"wp:term":[{"taxonomy":"category","embeddable":true,"href":"https:\/\/www.europesays.com\/fr\/wp-json\/wp\/v2\/categories?post=454687"},{"taxonomy":"post_tag","embeddable":true,"href":"https:\/\/www.europesays.com\/fr\/wp-json\/wp\/v2\/tags?post=454687"}],"curies":[{"name":"wp","href":"https:\/\/api.w.org\/{rel}","templated":true}]}}