{"id":454697,"date":"2025-10-11T09:29:24","date_gmt":"2025-10-11T09:29:24","guid":{"rendered":"https:\/\/www.europesays.com\/fr\/454697\/"},"modified":"2025-10-11T09:29:24","modified_gmt":"2025-10-11T09:29:24","slug":"instant-lecture-factuel-linfo-de-luniversite-de-lorraine","status":"publish","type":"post","link":"https:\/\/www.europesays.com\/fr\/454697\/","title":{"rendered":"INSTANT LECTURE &#8211; Factuel &#8211; l&rsquo;Info de l&rsquo;Universit\u00e9 de Lorraine"},"content":{"rendered":"<p>Temps de lecture : 1 minute<\/p>\n<p>Informations pratiques<\/p>\n<p><strong>Localisation<\/strong> : Maison De l&rsquo;\u00c9tudiant Lorraine Sud CLSH NANCY 23 Boulevard Albert 1er 54000 NANCY<\/p>\n<p> <strong>Date de d\u00e9but<\/strong> : 06\/10\/2025 18:00 <strong>Date de fin<\/strong> : 01\/12\/2025 18:00<\/p>\n<p>Le Th\u00e9\u00e2tre Universitaire de Nancy t\u2019invite \u00e0 venir discuter, d\u00e9couvrir et d\u00e9battre de textes en tous genres. Avec un th\u00e8me par mois, tu peux \u00e9galement ramener des textes que tu aimerais partager.<\/p>\n<p>06 octobre : th\u00e8me \u00ab\u00a0Po\u00e9tiquer\u00a0\u00bb<\/p>\n<p>03 novembre : th\u00e8me \u00ab\u00a0Myst\u00e8res et enqu\u00eates\u00a0\u00bb<\/p>\n<p>01 d\u00e9cembre : th\u00e8me \u00ab\u00a0Japon\u00a0\u00bb<\/p>\n<p>\u00a0<\/p>\n<p>Avec Instant Lecture, d\u00e9lices litt\u00e9raires garantis !<\/p>\n<p><\/p>\n","protected":false},"excerpt":{"rendered":"Temps de lecture : 1 minute Informations pratiques Localisation : Maison De l&rsquo;\u00c9tudiant Lorraine Sud CLSH NANCY 23&hellip;\n","protected":false},"author":2,"featured_media":454698,"comment_status":"","ping_status":"","sticky":false,"template":"","format":"standard","meta":{"footnotes":""},"categories":[9635],"tags":[1111,11,1777,674,1011,27,775,1702,12,25],"class_list":{"0":"post-454697","1":"post","2":"type-post","3":"status-publish","4":"format-standard","5":"has-post-thumbnail","7":"category-nancy","8":"tag-actu","9":"tag-actualites","10":"tag-eu","11":"tag-europe","12":"tag-fr","13":"tag-france","14":"tag-grand-est","15":"tag-nancy","16":"tag-news","17":"tag-republique-francaise"},"share_on_mastodon":{"url":"https:\/\/pubeurope.com\/@fr\/115354833174240777","error":""},"_links":{"self":[{"href":"https:\/\/www.europesays.com\/fr\/wp-json\/wp\/v2\/posts\/454697","targetHints":{"allow":["GET"]}}],"collection":[{"href":"https:\/\/www.europesays.com\/fr\/wp-json\/wp\/v2\/posts"}],"about":[{"href":"https:\/\/www.europesays.com\/fr\/wp-json\/wp\/v2\/types\/post"}],"author":[{"embeddable":true,"href":"https:\/\/www.europesays.com\/fr\/wp-json\/wp\/v2\/users\/2"}],"replies":[{"embeddable":true,"href":"https:\/\/www.europesays.com\/fr\/wp-json\/wp\/v2\/comments?post=454697"}],"version-history":[{"count":0,"href":"https:\/\/www.europesays.com\/fr\/wp-json\/wp\/v2\/posts\/454697\/revisions"}],"wp:featuredmedia":[{"embeddable":true,"href":"https:\/\/www.europesays.com\/fr\/wp-json\/wp\/v2\/media\/454698"}],"wp:attachment":[{"href":"https:\/\/www.europesays.com\/fr\/wp-json\/wp\/v2\/media?parent=454697"}],"wp:term":[{"taxonomy":"category","embeddable":true,"href":"https:\/\/www.europesays.com\/fr\/wp-json\/wp\/v2\/categories?post=454697"},{"taxonomy":"post_tag","embeddable":true,"href":"https:\/\/www.europesays.com\/fr\/wp-json\/wp\/v2\/tags?post=454697"}],"curies":[{"name":"wp","href":"https:\/\/api.w.org\/{rel}","templated":true}]}}