{"id":454705,"date":"2025-10-11T09:34:25","date_gmt":"2025-10-11T09:34:25","guid":{"rendered":"https:\/\/www.europesays.com\/fr\/454705\/"},"modified":"2025-10-11T09:34:25","modified_gmt":"2025-10-11T09:34:25","slug":"les-projets-disabelle-perrein-pour-les-commercants-de-montpellier","status":"publish","type":"post","link":"https:\/\/www.europesays.com\/fr\/454705\/","title":{"rendered":"les projets d&rsquo;Isabelle Perrein pour les commer\u00e7ants de Montpellier"},"content":{"rendered":"<p>            Par<br \/>\n        <strong><br \/>\n            <a href=\"https:\/\/actu.fr\/auteur\/c-nithard\" title=\"Consulter tous les articles de C\u00e9dric Nithard\" rel=\"nofollow noopener\" target=\"_blank\">C\u00e9dric Nithard<\/a><br \/>\n        <\/strong><\/p>\n<p>        Publi\u00e9 le<\/p>\n<p>            10 oct. 2025 \u00e0 17h42        <\/p>\n<p><strong>Les commer\u00e7ants, artisans et autres ind\u00e9pendants<\/strong>, et particuli\u00e8rement ceux des centres-villes, sont clairement une \u00ab\u00a0cible\u00a0\u00bb pour <strong>les candidats aux municipales<\/strong>. \u00c0 <strong>Montpellier<\/strong>, le sujet est particuli\u00e8rement sensible. Apr\u00e8s cinq ans de grands travaux, coupl\u00e9s \u00e0 une politique des mobilit\u00e9s ax\u00e9s sur les v\u00e9los et les transports en commun, la souffrance est r\u00e9elle en attendant les effets b\u00e9n\u00e9fiques de la strat\u00e9gie de la municipalit\u00e9. <strong>Un m\u00e9contentement<\/strong> sur lequel entend capitaliser <strong>Isabelle Perrein<\/strong> et surtout apporter des r\u00e9ponses. Ce qu\u2019elle a pr\u00e9sent\u00e9 lors d\u2019une r\u00e9union publique ce mardi 7 octobre.<\/p>\n<p>\u00ab\u00a0Une ville assign\u00e9e \u00e0 r\u00e9sidence\u00a0\u00bb<\/p>\n<p class=\" wall-content\">Lanc\u00e9e depuis deux ans dans les municipales, <a href=\"https:\/\/actu.fr\/occitanie\/montpellier_34172\/montpellier-isabelle-perrein-une-coureuse-de-fond-prete-pour-les-municipales_62468936.html\" rel=\"nofollow noopener\" target=\"_blank\">Isabelle Perrein ne m\u00e9nage pas ses forces pour s\u2019installer dans le paysage<\/a>. D\u00e9j\u00e0 pr\u00e9sente r\u00e9guli\u00e8rement sur le terrain avec ses \u00e9quipes au contact des habitants, la notaire montpelli\u00e9raine passe la vitesse sup\u00e9rieure \u00e0 six mois de l\u2019\u00e9lection. Refusant toujours toute \u00e9tiquette, <a href=\"https:\/\/actu.fr\/occitanie\/montpellier_34172\/municipales-isabelle-perrein-seduit-le-modem-en-esperant-faire-de-meme-avec-les-commercants_63260638.html\" rel=\"nofollow noopener\" target=\"_blank\">sa liste Aimer Montpellier a enregistr\u00e9 le soutien du MoDem34<\/a> en esp\u00e9rant attirer d\u2019autres forces politiques, des LR \u00e0 Horizons en passant par un coup de pouce de Mohed Altrad, pour constituer un bloc de centre-droit face \u00e0 une gauche fractur\u00e9e.<\/p>\n<p class=\" wall-content\">Tandis que cette semaine \u00e9tait consacr\u00e9e \u00e0 la rencontre de parents d\u2019\u00e9l\u00e8ves \u00e0 la sortie d\u2019\u00e9coles, Isabelle Perrein tenait ce mardi 7 octobre une r\u00e9union publique \u00e0 la salle Pelloutier sur les th\u00e8me \u00ab Commer\u00e7ants, artisans et ind\u00e9pendants : quel avenir \u00e0 Montpellier ? \u00bb. Une date \u2013 veille du grand bazar d\u2019automne \u2013 et un horaire \u2013 19h30 -, sans \u00e9voquer la situation politique nationale et une \u00e9ch\u00e9ance municipale encore loin dans les t\u00eates des \u00e9lecteurs, peu \u00e9vidents. Pas de quoi d\u00e9motiver la candidate. Devant quelques 80 personnes, dont une bonne vingtaine de son \u00e9quipe et plusieurs repr\u00e9sentants d\u2019associations de commer\u00e7ants, Isabelle Perrein a dress\u00e9 un constat sans appel en avan\u00e7ant une baisse de 30% du chiffre d\u2019affaires des commerces du centre-ville depuis 2020. \u00ab\u00a0C\u2019est bien qu\u2019une politique est mise en place allant contre les int\u00e9r\u00eats des commer\u00e7ants et des entreprises de proximit\u00e9 ce qui est aussi aller contre les int\u00e9r\u00eats de la collectivit\u00e9\u00a0\u00bb juge-t-elle.<\/p>\n<p class=\" wall-content\">En cause, \u00ab\u00a0une ville inaccessible, une ville assign\u00e9e \u00e0 r\u00e9sidence\u00a0\u00bb, \u00ab\u00a0la suppression de plus de 600 places de stationnement\u00a0\u00bb, \u00ab\u00a0des parkings hors de prix\u00a0\u00bb, \u00ab\u00a0l\u2019ins\u00e9curit\u00e9 surtout le soir\u00a0\u00bb, \u00ab\u00a0la salet\u00e9\u00a0\u00bb\u2026 qui repousseraient les visiteurs. \u00ab\u00a0La ville n\u2019est plus attractive. Les gens ne viennent plus faire leurs courses \u00e0 Montpellier, ils vont \u00e0 N\u00eemes, S\u00e8te, B\u00e9ziers, voire Aix-en-Provence\u2026\u00a0\u00bb tonne Isabelle Perrein en regrettant : \u00ab\u00a0C\u2019est autant de recettes en moins pour nos commer\u00e7ants et d\u2019emplois qu\u2019ils ne cr\u00e9ent pas\u00a0\u00bb. Elle estime \u00e9galement que \u00ab\u00a0beaucoup d\u2019animations du centre-ville ne sont pas efficaces ou ont \u00e9t\u00e9 d\u00e9plac\u00e9es\u00a0\u00bb avec en t\u00eate le march\u00e9 de No\u00ebl ou la Com\u00e9die du Livre tenus d\u00e9sormais dans les jardins du Peyrou et dont le flux de visiteurs serait \u00e9loign\u00e9 du centre-ville.<\/p>\n<p>Circulation et stationnement<\/p>\n<p class=\" wall-content\">Bien \u00e9videmment Isabelle Perrein ne reste pas cantonn\u00e9e \u00e0 la critique. \u00ab\u00a0Je suis un acteur \u00e9conomique de cette ville, donc je suis l\u00e9gitime \u00e0 porter un programme \u00e9conomique important pour d\u00e9velopper les actions que je veux mettre en place durant le prochain mandat\u00a0\u00bb d\u00e9fend-elle. Avec la volont\u00e9 de \u00ab\u00a0retrouver la croissance pour que Montpellier devienne un p\u00f4le attractif\u00a0\u00bb son objectif est de \u00ab\u00a0tout mettre en oeuvre pour que les chiffre d\u2019affaires des commer\u00e7ants reparte \u00e0 la hausse\u00a0\u00bb.<\/p>\n<p>Vid\u00e9os : en ce moment sur Actu<\/p>\n<p class=\" wall-content\">Sur le volet mobilit\u00e9, elle pr\u00f4ne l\u2019\u00e9quilibre entre les modes de d\u00e9placement. \u00ab\u00a0On nous a mont\u00e9 les uns contre les autres\u00a0\u00bb observe-t-elle. L\u2019id\u00e9e \u00e9tant tout de m\u00eame de r\u00e9\u00e9quilibrer la balance en faveur des automobilistes avec la r\u00e9ouverture de certaines art\u00e8res (notamment les avenues de la Libert\u00e9 et Albert Dubout ou le pont de S\u00e8te) qui \u00ab\u00a0emp\u00eachent d\u2019acc\u00e9der \u00e0 la ville ou de circuler d\u2019un quartier \u00e0 un autre\u00a0\u00bb et de revoir le plan de circulation pour faciliter les acc\u00e8s aux parkings. Certains, comme le parking du march\u00e9 aux Fleurs sera rouvert aux visiteurs et le 1er \u00e9tage de celui de la Com\u00e9die rendu aux voitures. L\u00e0 o\u00f9 c\u2019est possible, elle entend aussi \u00ab\u00a0densifier les places de stationnement \u00e0 ciel ouvert en travaillant sur l\u2019espace public\u00a0\u00bb et cr\u00e9er davantage de places de livraison. Quant \u00e0 la tarification, si elle est oppos\u00e9 \u00e0 la gratuit\u00e9 des transports en commun pr\u00e9f\u00e9rant \u00ab\u00a0une gratuit\u00e9 intelligente\u00a0\u00bb (ndlr : c\u2019est \u00e0 dire gratuit pour les jeunes et les seniors avec pour les autres un abonnement en fonction du coefficient social), Isabelle Perrein veut favoriser la gratuit\u00e9 du stationnement \u00e0 certains heures ou jours de la semaine pour \u00ab\u00a0dynamiser le commerce\u00a0\u00bb.<\/p>\n<p>Revoir les animations<\/p>\n<p class=\" wall-content\">La candidate met en avant son d\u00e9sir de \u00ab\u00a0redonner un sentiment d\u2019appartenance \u00e0 cette ville\u00a0\u00bb qui passerait par \u00ab\u00a0le plaisir de se retrouver sur l\u2019espace public avec des animations et notamment des animations qui fassent travailler les commerces\u00a0\u00bb. En prenant en exemple Coeur de Ville en Lumi\u00e8res, elle estime que \u00ab\u00a0m\u00eame si beaucoup de personnes viennent et font travailler les caf\u00e9s et restaurants, ce n\u2019est pas le cas des autres professionnels\u00a0\u00bb et juge donc que \u00ab\u00a0ce n\u2019est pas une animation qui a pour objectif de faire tourner l\u2019\u00e9conomie de la ville. Elle est l\u00e0 pour faire plaisir aux Montpelli\u00e9rains et \u00e0 la M\u00e9tropole\u00a0\u00bb. Elle propose ainsi pour les f\u00eates de fin d\u2019ann\u00e9e de \u00ab\u00a0r\u00e9unir les deux objectifs\u00a0\u00bb en \u00ab\u00a0travaillant sur un gros plan de d\u00e9coration de la ville en lien avec les commer\u00e7ants pour d\u00e9corer les vitrines afin d\u2019inciter les m\u00e9tropolitains \u00e0 venir les d\u00e9couvrir et avoir envie de d\u00e9penser pour les cadeaux\u00a0\u00bb.<\/p>\n<p>Votre r\u00e9gion, votre actu !<\/p>\n<p>Recevez chaque jour les infos qui comptent pour vous.<\/p>\n<p>\t<a href=\"https:\/\/actu.fr\/newsletter\" class=\"ac-btn ac-btn--corner ac-btn--medium ac-btn--blue800\" rel=\"nofollow noopener\" target=\"_blank\">S&rsquo;incrire<\/a><\/p>\n<p>    <img   decoding=\"async\" loading=\"lazy\" src=\"https:\/\/www.europesays.com\/fr\/wp-content\/uploads\/2025\/10\/isabelle-perrein-reunion-publique-montpellier-960x640.jpg\" alt=\"Isabelle Perrein\" width=\"960\" height=\"640\"\/><br \/>\n    Isabelle Perrein a pr\u00e9sent\u00e9 ses id\u00e9es pour \u00ab\u00a0dynamiser la ville\u00a0\u00bb.\u00a0 (\u00a9CN \/ M\u00e9tropolitain)<\/p>\n<p class=\" wall-content\">Dans ce m\u00eame esprit de \u00ab\u00a0dynamiser la ville\u00a0\u00bb, Isabelle Perrein souhaite remettre en place un grand carnaval populaire, organiser des expositions en plein air, pr\u00e9voir des off des grands festivals de l\u2019\u00e9t\u00e9 sur l\u2019espace public\u2026 \u00ab\u00a0Tout le programme que l\u2019on a pens\u00e9 est construit autour du plaisir d\u2019habiter ou de venir \u00e0 Montpellier. Pour cela, notre ville doit \u00eatre s\u00e9curis\u00e9e, accessible, propre et notre espace public anim\u00e9\u00a0\u00bb r\u00e9sume-t-elle. Sur les terrasses des bars et restaurants, Isabelle Perrein l\u2019affirme : \u00ab\u00a0Il n\u2019est pas question de diminuer la superficie des terrasses car c\u2019est toucher au chiffre d\u2019affaires et aux emplois. Ce n\u2019est pas le r\u00f4le d\u2019un maire de paup\u00e9riser sa population que ce soit un chef d\u2019entreprise ou un salari\u00e9\u00a0\u00bb.<\/p>\n<p class=\" wall-content\">Par ailleurs, la candidate r\u00e9fl\u00e9chit \u00e0 inviter les commer\u00e7ants du centre-ville \u00e0 d\u00e9caler leurs horaires en \u00e9t\u00e9 pour rester ouverts plus tard. En couplant cela \u00e0 une campagne de publicit\u00e9 en bordure des plages, elle esp\u00e8re ainsi attirer en soir\u00e9e les touristes du littoral \u00e0 Montpellier. Exil\u00e9es au Domaine d\u2019O, les Estivales retrouveront l\u2019esplanade Charles de Gaulle, tout comme le march\u00e9 de No\u00ebl qu\u2019elle entend repositionner en centre-ville. Un march\u00e9 pour lequel elle souhaite donner la priorit\u00e9 aux commer\u00e7ants locaux dans l\u2019attribution des stands.<\/p>\n<p>\u00ab\u00a0faire rayonner la ville\u00a0\u00bb<\/p>\n<p class=\" wall-content\">Ancienne d\u00e9l\u00e9gu\u00e9e aux commerces dans le mandat de Philippe Saurel, Brigitte Roussel-Galiana a apport\u00e9 un soutien appuy\u00e9 \u00e0 Isabelle Perrein en fustigeant : \u00ab\u00a0Micha\u00ebl Delafosse a saccag\u00e9 la ville et sacrifi\u00e9 les commerces de proximit\u00e9\u00a0\u00bb. Cette derni\u00e8re a par ailleurs d\u00e9fendu les f\u00eates de la Saint-Roch. \u00ab\u00a0Qu\u2019est-ce que c\u2019est que ces histoires de la\u00efcit\u00e9 ? Moi commer\u00e7ante, j\u2019en ai rien \u00e0 faire de la la\u00efcit\u00e9. Ce que je demande, c\u2019est d\u2019avoir des motifs pour valoriser mon commerce. Toutes les villes \u00e0 c\u00f4t\u00e9 f\u00eatent un saint, et nous ?!?\u00a0\u00bb. La candidate n\u2019a ainsi pas cach\u00e9 son int\u00e9r\u00eat pour l\u2019\u00e9v\u00e9nement sujet chaque ann\u00e9e \u00e0 pol\u00e9miques. \u00ab\u00a0Les f\u00eates de la Saint-Roch sont la plus belles des occasions qui nous est donn\u00e9es pour raconter l\u2019histoire de Montpellier intimement li\u00e9e \u00e0 l\u2019histoire de la m\u00e9decine. Cela doit \u00eatre un moment pour mettre en lumi\u00e8re et faire rayonner la ville\u00a0\u00bb plaide-t-elle.<\/p>\n<p class=\" wall-content\">Quant au tourisme de mani\u00e8re plus globale, Isabelle Perrein souhaite d\u00e9velopper \u00ab\u00a0un vrai programme, qui se travaille en intercommunalit\u00e9s, pour aller vendre la ville et faire venir des touristes\u00a0\u00bb. Dans ce sens, en voulant les faire conna\u00eetre au-del\u00e0 des Montpelli\u00e9rains, elle entend accroitre la valorisation du Jardin des Plantes qui pourrait accueillir une Tisanerie, de l\u2019Herbier de Montpellier en lui redonnant un plus grand \u00e9clat et met en avant le projet de mus\u00e9e de la M\u00e9decine du XXIe si\u00e8cle imagin\u00e9 dans les locaux de l\u2019ancienne facult\u00e9 de m\u00e9decine boulevard Henri IV. Un lieu qui, sur un plan scientifique pourrait \u00ab\u00a0accueillir des chercheurs du monde entier\u00a0\u00bb, et sur la sc\u00e9nographie puiser dans les nouvelles technologies pour \u00ab\u00a0permettre aux enfants de voyager dans le temps et de comprendre in situ comment le monde fonctionne\u00a0\u00bb.<\/p>\n<p>Quatre interlocuteurs<\/p>\n<p class=\" wall-content\">Sur un plan plus administratif, Isabelle Perrein promet aux commer\u00e7ants de la ville d\u2019avoir quatre interlocuteurs. D\u2019abord, elle en tant que maire avec des rencontres tous les six mois et un adjoint aux commerces qui aura \u00ab\u00a0une exp\u00e9rience de professionnel dans le commerce car si on veut vous comprendre encore faut-il \u00e9changer d\u2019\u00e9gal \u00e0 \u00e9gal\u00a0\u00bb. Ensuite, pour assurer le dialogue avec les 8 600 commer\u00e7ants et 33 000 ind\u00e9pendants de la ville, elle mettra en place un manager du centre-ville et une personne charg\u00e9e des commerces situ\u00e9s en p\u00e9riph\u00e9rie du centre. \u00ab\u00a0Je veux que les commer\u00e7ants se sentent soutenus et accompagn\u00e9s et que les chiffres d\u2019affaires repartent \u00e0 la hausse\u00a0\u00bb mart\u00e8le la candidate. Au-del\u00e0 du chiffre d\u2019affaires, c\u2019est aussi l\u2019emploi qui est vis\u00e9 dans un territoire dont elle n\u2019a pas manqu\u00e9 de rappeler la r\u00e9alit\u00e9 sociale. \u00ab\u00a0Mon objectif est que, gr\u00e2ce \u00e0 une reprise \u00e9conomique, beaucoup de Montpelli\u00e9rains qui sont en difficult\u00e9 arrivent \u00e0 retrouver du travail\u00a0\u00bb plaide-t-elle.<\/p>\n<p class=\" wall-content\">D\u00e9fendant de \u00ab\u00a0ne pas avoir d\u2019\u00e9go ou vouloir laisser sa pierre angulaire sur la ville\u00a0\u00bb, consciente du traumatisme laiss\u00e9 par cinq ans de grands travaux, Isabelle Perrein n\u2019entend pas faire de \u00ab\u00a0travaux pharaoniques\u00a0\u00bb et de \u00ab\u00a0d\u00e9penses inconsid\u00e9r\u00e9es\u00a0\u00bb. Dans une salle d\u00e9mesur\u00e9e pour l\u2019assistance, la t\u00eate de la liste Aimer Montpellier lance enfin un message aux commer\u00e7ants : \u00ab\u00a0Je suis une habitante de cette ville, je suis un chef d\u2019entreprise et je me suis engag\u00e9 pour faire. Si je ne peux pas faire les choses, je vous le dirai. Je m\u2019engage \u00e0 faire tout mon possible pour vous trouver des solutions mais avec moi vous saurez o\u00f9 vous en \u00eates. Je veux surtout que l\u2019on se reconnecte \u00e0 l\u2019action politique et que l\u2019on retrouve confiance en nos dirigeants. J\u2019en ai marre d\u2019avoir des gens qui d\u00e9cident de notre avenir. Je veux une action pour vous et pour le terrain\u00a0\u00bb. Et si beaucoup ont par le pass\u00e9 d\u00e9laiss\u00e9 cet \u00e9lectorat, habitant bien souvent \u00e0 l\u2019ext\u00e9rieur de Montpellier, la consigne circule massivement que, sous certaines conditions, les commer\u00e7ants peuvent choisir d\u2019y voter. Quoi qu\u2019il en est, ils restent des relais d\u2019opinion importants ne manquant pas d\u2019\u00eatre dragu\u00e9s par plusieurs candidats. Certains auront plus de mal\u2026 Ce ne semble pas \u00eatre le cas d\u2019Isabelle Perrein.<\/p>\n<p class=\" wall-content\">Personnalisez votre actualit\u00e9 en ajoutant vos villes et m\u00e9dias en favori avec <a href=\"https:\/\/moncompte.actu.fr\" title=\"D\u00e9couvez Mon Actu\" rel=\"nofollow noopener\" data-trk=\"{&quot;cta&quot;:{&quot;action&quot;:&quot;https:\\\/\\\/moncompte.actu.fr&quot;,&quot;category&quot;:&quot;mon compte&quot;,&quot;from&quot;:&quot;article footer&quot;,&quot;name&quot;:&quot;Mon actu&quot;,&quot;type&quot;:&quot;cta&quot;}}\" target=\"_blank\">Mon Actu<\/a>.<\/p>\n","protected":false},"excerpt":{"rendered":"Par C\u00e9dric Nithard Publi\u00e9 le 10 oct. 2025 \u00e0 17h42 Les commer\u00e7ants, artisans et autres ind\u00e9pendants, et particuli\u00e8rement&hellip;\n","protected":false},"author":2,"featured_media":454706,"comment_status":"","ping_status":"","sticky":false,"template":"","format":"standard","meta":{"footnotes":""},"categories":[9599],"tags":[1111,11,4188,1777,674,1011,27,2208,12,2680,316,25],"class_list":{"0":"post-454705","1":"post","2":"type-post","3":"status-publish","4":"format-standard","5":"has-post-thumbnail","7":"category-montpellier","8":"tag-actu","9":"tag-actualites","10":"tag-elections-municipales","11":"tag-eu","12":"tag-europe","13":"tag-fr","14":"tag-france","15":"tag-montpellier","16":"tag-news","17":"tag-occitanie","18":"tag-politique","19":"tag-republique-francaise"},"share_on_mastodon":{"url":"https:\/\/pubeurope.com\/@fr\/115354853664403197","error":""},"_links":{"self":[{"href":"https:\/\/www.europesays.com\/fr\/wp-json\/wp\/v2\/posts\/454705","targetHints":{"allow":["GET"]}}],"collection":[{"href":"https:\/\/www.europesays.com\/fr\/wp-json\/wp\/v2\/posts"}],"about":[{"href":"https:\/\/www.europesays.com\/fr\/wp-json\/wp\/v2\/types\/post"}],"author":[{"embeddable":true,"href":"https:\/\/www.europesays.com\/fr\/wp-json\/wp\/v2\/users\/2"}],"replies":[{"embeddable":true,"href":"https:\/\/www.europesays.com\/fr\/wp-json\/wp\/v2\/comments?post=454705"}],"version-history":[{"count":0,"href":"https:\/\/www.europesays.com\/fr\/wp-json\/wp\/v2\/posts\/454705\/revisions"}],"wp:featuredmedia":[{"embeddable":true,"href":"https:\/\/www.europesays.com\/fr\/wp-json\/wp\/v2\/media\/454706"}],"wp:attachment":[{"href":"https:\/\/www.europesays.com\/fr\/wp-json\/wp\/v2\/media?parent=454705"}],"wp:term":[{"taxonomy":"category","embeddable":true,"href":"https:\/\/www.europesays.com\/fr\/wp-json\/wp\/v2\/categories?post=454705"},{"taxonomy":"post_tag","embeddable":true,"href":"https:\/\/www.europesays.com\/fr\/wp-json\/wp\/v2\/tags?post=454705"}],"curies":[{"name":"wp","href":"https:\/\/api.w.org\/{rel}","templated":true}]}}