{"id":454718,"date":"2025-10-11T09:42:37","date_gmt":"2025-10-11T09:42:37","guid":{"rendered":"https:\/\/www.europesays.com\/fr\/454718\/"},"modified":"2025-10-11T09:42:37","modified_gmt":"2025-10-11T09:42:37","slug":"strasbourg-studyrama-le-salon-de-lorientation-se-tiendra-le-11-octobre","status":"publish","type":"post","link":"https:\/\/www.europesays.com\/fr\/454718\/","title":{"rendered":"Strasbourg. Studyrama, le salon de l\u2019orientation se tiendra le 11 octobre"},"content":{"rendered":"<p>Studyrama, le salon de l\u2019orientation des \u00e9tudes sup\u00e9rieures et des grandes \u00e9coles, se tiendra samedi 11\u00a0octobre, au Parc des Expositions \u00e0 Strasbourg. Une occasion pour les lyc\u00e9ens et leurs familles de d\u00e9couvrir les formations du sup\u00e9rieur de la r\u00e9gion et d\u2019\u00e9changer avec des responsables d\u2019\u00e9tablissement et des conseillers en orientation.<\/p>\n<p>Plus de 800 formations post-bac seront repr\u00e9sent\u00e9es, du bac au bac +\u00a05, en initial ou en alternance, de fili\u00e8re longue ou courte, avec diff\u00e9rents dipl\u00f4mes pr\u00e9sent\u00e9s\u00a0: licences, BUT, masters, mast\u00e8res, MS, MBS\u2026 Un espace vie \u00e9tudiante et orientation, anim\u00e9 par Info Jeunes Grand Est, permettra d\u2019explorer son parcours et de pr\u00e9parer son inscription dans l\u2019enseignement sup\u00e9rieur. Un p\u00f4le sant\u00e9, avec notamment l\u2019IFSI du CHU de Strasbourg, sera \u00e9galement accessible. Dix conf\u00e9rences th\u00e9matiques seront propos\u00e9es pour mieux comprendre les \u00e9tudes sup\u00e9rieures, notamment sur l\u2019int\u00e9gration des grandes \u00e9coles, le PASS\/L.AS et Parcoursup, anim\u00e9es par l\u2019acad\u00e9mie de Strasbourg.<\/p>\n<p class=\"note\">https:\/\/www.studyrama.com<\/p>\n","protected":false},"excerpt":{"rendered":"Studyrama, le salon de l\u2019orientation des \u00e9tudes sup\u00e9rieures et des grandes \u00e9coles, se tiendra samedi 11\u00a0octobre, au Parc&hellip;\n","protected":false},"author":2,"featured_media":454719,"comment_status":"","ping_status":"","sticky":false,"template":"","format":"standard","meta":{"footnotes":""},"categories":[2820],"tags":[1111,11,2389,2880,1057,4854,1777,674,107,1011,27,775,12,25,640,2879],"class_list":{"0":"post-454718","1":"post","2":"type-post","3":"status-publish","4":"format-standard","5":"has-post-thumbnail","7":"category-strasbourg","8":"tag-actu","9":"tag-actualites","10":"tag-alsace","11":"tag-edition-strasbourg","12":"tag-education","13":"tag-enseignement-superieur","14":"tag-eu","15":"tag-europe","16":"tag-fil-info","17":"tag-fr","18":"tag-france","19":"tag-grand-est","20":"tag-news","21":"tag-republique-francaise","22":"tag-strasbourg","23":"tag-strasbourg-ville"},"share_on_mastodon":{"url":"https:\/\/pubeurope.com\/@fr\/115354884226218663","error":""},"_links":{"self":[{"href":"https:\/\/www.europesays.com\/fr\/wp-json\/wp\/v2\/posts\/454718","targetHints":{"allow":["GET"]}}],"collection":[{"href":"https:\/\/www.europesays.com\/fr\/wp-json\/wp\/v2\/posts"}],"about":[{"href":"https:\/\/www.europesays.com\/fr\/wp-json\/wp\/v2\/types\/post"}],"author":[{"embeddable":true,"href":"https:\/\/www.europesays.com\/fr\/wp-json\/wp\/v2\/users\/2"}],"replies":[{"embeddable":true,"href":"https:\/\/www.europesays.com\/fr\/wp-json\/wp\/v2\/comments?post=454718"}],"version-history":[{"count":0,"href":"https:\/\/www.europesays.com\/fr\/wp-json\/wp\/v2\/posts\/454718\/revisions"}],"wp:featuredmedia":[{"embeddable":true,"href":"https:\/\/www.europesays.com\/fr\/wp-json\/wp\/v2\/media\/454719"}],"wp:attachment":[{"href":"https:\/\/www.europesays.com\/fr\/wp-json\/wp\/v2\/media?parent=454718"}],"wp:term":[{"taxonomy":"category","embeddable":true,"href":"https:\/\/www.europesays.com\/fr\/wp-json\/wp\/v2\/categories?post=454718"},{"taxonomy":"post_tag","embeddable":true,"href":"https:\/\/www.europesays.com\/fr\/wp-json\/wp\/v2\/tags?post=454718"}],"curies":[{"name":"wp","href":"https:\/\/api.w.org\/{rel}","templated":true}]}}