{"id":454720,"date":"2025-10-11T09:43:24","date_gmt":"2025-10-11T09:43:24","guid":{"rendered":"https:\/\/www.europesays.com\/fr\/454720\/"},"modified":"2025-10-11T09:43:24","modified_gmt":"2025-10-11T09:43:24","slug":"a-strasbourg-catherine-trautmann-candidate-pour-redresser-la-ville","status":"publish","type":"post","link":"https:\/\/www.europesays.com\/fr\/454720\/","title":{"rendered":"\u00e0 Strasbourg, Catherine Trautmann candidate pour \u00ab redresser la ville \u00bb"},"content":{"rendered":"<p><b>Ce 10 octobre, Catherine Trautmann a officiellement annonc\u00e9 sa candidature aux municipales de 2026 \u00e0 Strasbourg. \u00ab\u00a0Sollicit\u00e9e et encourag\u00e9e \u00e0 s\u2019exprimer\u00a0par les Strasbourgeois \u00bb, l\u2019ancienne maire de 74 ans et conseill\u00e8re municipale depuis 42 ans repart au combat pour \u00ab\u00a0redresser et remettre de l\u2019ordre dans la ville\u00a0\u00bb.<\/b><\/p>\n<p class=\"p1\">C\u2019\u00e9tait un secret de Polichinelle, au vu de la vitesse \u00e0 laquelle ont \u00e9t\u00e9 publi\u00e9s les articles d\u2019annonce, mais cela reste un petit \u00e9v\u00e9nement : <b>ce 10 octobre, Catherine Trautmann a annonc\u00e9 sa candidature aux \u00e9lections municipales de 2026 \u00e0 Strasbourg<\/b>. Une nouvelle bataille politique \u00e0 venir pour l\u2019ancienne maire de Strasbourg, qui est \u00e9lue de l\u2019opposition.<\/p>\n<p class=\"p1\">Encourag\u00e9e \u00e0 s\u2019exprimer sur ses intentions par de nombreux\/ses Strasbourgeois(es) rencontr\u00e9(e)s ces derniers mois lors de ses 17 rencontres, \u00ab\u00a0pour prendre le pouls de la ville\u00a0\u00bb, <b>Catherine Trautmann d\u00e9cide donc de retourner dans l\u2019ar\u00e8ne, \u00ab\u00a0par amour pour la ville\u00a0\u00bb<\/b>. Si elle insiste sur le fait que \u00ab\u00a0la d\u00e9cision revenait aux Strasbourgeois\u00a0\u00bb, la r\u00e9cente sortie d\u2019un sondage qui lui est tr\u00e8s favorable a d\u00fb lui donner un gage suppl\u00e9mentaire sur son envie de se lancer.<\/p>\n<p>                <a href=\"https:\/\/pokaa.fr\/2025\/09\/15\/municipales-2026-cest-quoi-ce-sondage-qui-place-trautmann-et-vetter-en-tete-a-strasbourg\/\" rel=\"nofollow noopener\" target=\"_blank\"><br \/>\n                    <img width=\"450\" height=\"270\" src=\"https:\/\/www.europesays.com\/fr\/wp-content\/uploads\/2025\/09\/1758169937_637_okkkk-450x270.png\" class=\"attachment-card-horizontal--same-subject size-card-horizontal--same-subject wp-post-image\" alt=\"\" decoding=\"async\" loading=\"lazy\"\/>                <\/a><\/p>\n<p>    <img width=\"800\" height=\"600\" src=\"https:\/\/www.europesays.com\/fr\/wp-content\/uploads\/2025\/10\/img-1773-grande-800x600.jpeg\" class=\"attachment-image-size-L size-image-size-L\" alt=\"catherine trautmann journaliste\" decoding=\"async\" loading=\"lazy\"  \/>         \u00a9 Nicolas Kaspar \/ Pokaa <\/p>\n<p>Pourquoi Catherine Trautmann est-elle candidate ?<\/p>\n<p class=\"p1\">Pourquoi, apr\u00e8s 42 ans de mandat municipal [elle a \u00e9t\u00e9 \u00e9lue pour la premi\u00e8re fois en 1983, ndlr] et \u00e0 74 ans, l\u2019ancienne maire de Strasbourg d\u00e9cide-t-elle de repartir pour un tour ? <b>Si elle reconna\u00eet qu\u2019elle est \u00ab\u00a0dans les prolongations, comme on dit en foot\u00a0\u00bb, comme Kylian Mbapp\u00e9 en son temps, on ne lui parle pas d\u2019\u00e2ge<\/b>. Elle annonce en effet avoir\u00a0\u00ab v\u00e9rifi\u00e9 l\u2019\u00e9tat de la machine \u00bb,\u00a0ainsi que sa capacit\u00e9 \u00e0\u00a0\u00ab\u00a0tenir la course\u00a0\u00bb.<\/p>\n<blockquote><p>\n        Je ne retrouve plus ma ville qui a perdu sa place et son utilit\u00e9.    <\/p><\/blockquote>\n<p>            Catherine Trautmann, candidate aux \u00e9lections municipales \u00e0 Strasbourg<\/p>\n<p class=\"p1\">Jurant qu\u2019elle ne part pas pour ses ambitions personnelles, Catherine Trautmann souhaite que \u00ab nous retrouvions ensemble l\u2019esprit et la fiert\u00e9 de Strasbourg \u00bb. Elle se lance ensuite dans une litanie sur l\u2019\u00e9tat de la ville, <b>apr\u00e8s \u00ab\u00a0un mandat actuel qui a d\u00e9construit et rabaiss\u00e9\u00a0\u00bb \u00e0 cause d\u2019une \u00ab vision tr\u00e8s id\u00e9ologique de la ville qui a isol\u00e9 et d\u00e9class\u00e9 Strasbourg \u00bb.<\/b> Elle ne peut ainsi accepter que \u00ab\u00a0Strasbourg nous file entre les mains\u00a0\u00bb, que \u00ab les Strasbourgeois s\u2019en sentent d\u00e9poss\u00e9d\u00e9s et ressentent du d\u00e9pit de ne pas \u00eatre entendus voire m\u00e9pris\u00e9s \u00bb.<\/p>\n<p class=\"p1\">Des constats \u00e9galement dress\u00e9s par Jean-Philippe Vetter et Pierre Jakubowicz, <b>qui font dire \u00e0 Catherine Trautmann que \u00ab notre ville a profond\u00e9ment besoin d\u2019apaisement \u00bb.<\/b> Cela, sans jamais remettre en question le r\u00f4le qu\u2019a potentiellement pu jouer l\u2019opposition strasbourgeoise dans l\u2019aggravation des conflits dans la ville [la pol\u00e9mique de l\u2019affichage de la campagne des s\u00e9niors strasbourgeois, lanc\u00e9e par une \u00e9lue socialiste, en est le dernier exemple, ndlr].<\/p>\n<p>    <img width=\"800\" height=\"600\" src=\"https:\/\/www.europesays.com\/fr\/wp-content\/uploads\/2025\/10\/img-1767-grande-800x600.jpeg\" class=\"attachment-image-size-L size-image-size-L\" alt=\"campagne catherine trautmann\" decoding=\"async\" loading=\"lazy\"  \/>         \u00a9 Nicolas Kaspar \/ Pokaa <\/p>\n<p>Une m\u00e9thode, plus qu\u2019un programme<\/p>\n<p class=\"p1\">Si l\u2019annonce de sa candidature a davantage rim\u00e9 avec opposition que proposition, Catherine Trautmann a tout de m\u00eame trac\u00e9 une feuille de route de sa volont\u00e9 pour Strasbourg. <b>Elle compte ainsi \u00ab\u00a0redresser et remettre de l\u2019ordre dans la ville\u00a0\u00bb, d\u00e9ployer une \u00ab\u00a0perspective ambitieuse avec un mod\u00e8le inventif\u00a0\u00bb, et \u00ab unifier ville et Eurom\u00e9tropole \u00bb<\/b>. Le tout avec un triptyque : \u00ab\u00a0Redresser, D\u00e9ployer, P\u00e9renniser\u00a0\u00bb.<\/p>\n<p class=\"p1\">Pour l\u2019ancienne maire, <b>les imp\u00e9ratifs \u00e0 suivre seront ceux de la justice sociale, de l\u2019\u00e9coute et du dialogue, de la solidarit\u00e9, du respect et de la la\u00efcit\u00e9<\/b>. Car \u00ab une municipalit\u00e9 doit servir et doit assurer plusieurs droits, dont celui \u00e0 l\u2019\u00e9ducation, y compris sportive et culturelle, \u00e0 la s\u00e9curit\u00e9, qui est une libert\u00e9, au logement digne et \u00e0 la mobilit\u00e9 \u00bb.<\/p>\n<blockquote><p>\n        Je sais que les marges de man\u0153uvre ne sont plus l\u00e0, il va falloir travailler avec des minimums de d\u00e9penses. \u00c7a va \u00eatre difficile.    <\/p><\/blockquote>\n<p>            Catherine Trautmann, candidate aux \u00e9lections municipales \u00e0 Strasbourg<\/p>\n<p class=\"p1\"><b>Elle annonce \u00e9galement qu\u2019elle mettra en place un audit financier des finances de la ville<\/b>, afin de savoir ce qu\u2019il est possible de faire pour \u00ab pr\u00e9parer la ville aux d\u00e9fis du futur, comme l\u2019\u00e9cologie, l\u2019IA et l\u2019alimentation, tout en prenant en compte les r\u00e9alit\u00e9s du quotidien comme le pouvoir d\u2019achat et la perte d\u2019accessibilit\u00e9 \u00bb. Enfin, Catherine Trautmann souhaite \u00ab\u00a0sauver le centre-ville\u00a0\u00bb, en remettant en place des \u00ab co\u00fbts supportables pour le stationnement, le transport, et l\u2019attractivit\u00e9 de la ville \u00bb.<\/p>\n<p class=\"p1\">N\u00e9anmoins, la conseill\u00e8re municipale d\u2019opposition annonce d\u00e9j\u00e0 la couleur, teint\u00e9e de r\u00e9alisme : <b>\u00ab\u00a0Je sais que les marges de man\u0153uvre ne sont plus l\u00e0, il va falloir travailler avec des minimums de d\u00e9penses. \u00c7a va \u00eatre difficile.\u00a0\u00bb<\/b> Elle compte ainsi davantage partir sur un \u00ab\u00a0mandat de r\u00e9formation\u00a0\u00bb, en comparaison au mandat de transformation voulu par les \u00e9cologistes en 2020.<\/p>\n<p>    <img width=\"800\" height=\"600\" src=\"https:\/\/www.europesays.com\/fr\/wp-content\/uploads\/2025\/10\/img-1772-grande-800x600.jpeg\" class=\"attachment-image-size-L size-image-size-L\" alt=\"catherine trautmann\" decoding=\"async\" loading=\"lazy\"  \/>         \u00a9 Nicolas Kaspar \/ Pokaa <\/p>\n<p>Une candidature \u00ab\u00a0ni d\u2019un parti, ni d\u2019un camp, ni d\u2019un clan\u00a0\u00bb<\/p>\n<p class=\"p1\">Si la candidature de Catherine Trautmann \u00e9tait attendue, elle a n\u00e9anmoins pris de vitesse les investitures du Parti socialiste qui tombent d\u00e9but novembre. Une pratique pas inhabituelle, et que la candidate aux municipales justifie : \u00ab\u00a0<b>Pourquoi je ne serai pas candidate, puisque les Strasbourgeois me le demandent ? Maintenant, je peux discuter avec le parti, ici et \u00e0 Paris<\/b>.\u00a0\u00bb Alors que des contestations internes au PS strasbourgeois \u00e9mergent, Catherine Trautmann assume le rapport de force.<\/p>\n<p>Catherine Trautmann balaye d\u2019ailleurs toute possibilit\u00e9 d\u2019alliances \u00e0 gauche. L\u00e0 encore, <b>la surprise n\u2019est pas grande, au vu de la fracture b\u00e9ante qui s\u2019est cr\u00e9\u00e9e entre les socialistes et les \u00e9cologistes apr\u00e8s l\u2019\u00e9viction de C\u00e9line Geissmann de son poste d\u2019adjointe au num\u00e9rique<\/b>. Elle en profite pour tacler une nouvelle fois ses anciens alli\u00e9(e)s : \u00ab Je ne classe plus les \u00c9cologistes \u00e0 gauche avec leur politique tarifaire destructrice et leur refus de l\u2019encadrement des loyers et des fournitures scolaires gratuites pour tous. \u00bb\u00a0<\/p>\n<blockquote><p>\n        Je ne suis la candidate ni d\u2019un parti, ni d\u2019un camp, ni d\u2019un clan. Ce que me demandent mes amis, c\u2019est de d\u00e9passer mon propre parti.    <\/p><\/blockquote>\n<p>            Catherine Trautmann, candidate aux \u00e9lections municipales \u00e0 Strasbourg<\/p>\n<p>    <img width=\"450\" height=\"600\" src=\"https:\/\/www.europesays.com\/fr\/wp-content\/uploads\/2025\/10\/img-1774-grande-450x600.jpeg\" class=\"attachment-image-size-M size-image-size-M\" alt=\"catherine trautmann\" decoding=\"async\" loading=\"lazy\"  \/>         \u00a9 Nicolas Kaspar \/ Pokaa <\/p>\n<p class=\"p1\"><strong>Une posture ind\u00e9pendante qui s\u2019est transform\u00e9e en position quelque peu solitaire au vu de l\u2019organisation de sa conf\u00e9rence de presse<\/strong>. On y a vu la candidate seule entour\u00e9e de journalistes alors que ses soutiens et son \u00e9quipe \u00e9taient loin. Ce n\u2019\u00e9tait pas tant \u00ab Je marche seule \u00bb que \u00ab Je me pr\u00e9sente seule \u00bb et cela repr\u00e9sente la volont\u00e9 de Catherine Trautmann, qui affirme que\u00a0\u00ab la seule alliance c\u2019est avec les Strasbourgeois \u00bb.<\/p>\n<p class=\"p1\"><b>N\u00e9anmoins, la candidate au municipales invite en guise de conclusion celles et ceux qui le souhaitent \u00e0 venir travailler avec elle et son \u00e9quipe<\/b>. Une \u00e9quipe qu\u2019on nous promet rajeunie, avec \u00ab\u00a0un travail effectu\u00e9 sur le renouvellement politique\u00a0\u00bb. Il reste \u00e0 voir sa composition, qui devrait tomber aux alentours de d\u00e9cembre. La campagne s\u2019acc\u00e9l\u00e8re.<\/p>\n","protected":false},"excerpt":{"rendered":"Ce 10 octobre, Catherine Trautmann a officiellement annonc\u00e9 sa candidature aux municipales de 2026 \u00e0 Strasbourg. \u00ab\u00a0Sollicit\u00e9e et&hellip;\n","protected":false},"author":2,"featured_media":454721,"comment_status":"","ping_status":"","sticky":false,"template":"","format":"standard","meta":{"footnotes":""},"categories":[2820],"tags":[1111,58024,57668,11,5848,1777,674,1011,27,775,3434,12,25,640],"class_list":{"0":"post-454720","1":"post","2":"type-post","3":"status-publish","4":"format-standard","5":"has-post-thumbnail","7":"category-strasbourg","8":"tag-actu","9":"tag-actu-politique-strasbourg","10":"tag-actu-strasbourg","11":"tag-actualites","12":"tag-catherine-trautmann","13":"tag-eu","14":"tag-europe","15":"tag-fr","16":"tag-france","17":"tag-grand-est","18":"tag-municipales-2026","19":"tag-news","20":"tag-republique-francaise","21":"tag-strasbourg"},"share_on_mastodon":{"url":"https:\/\/pubeurope.com\/@fr\/115354889195849280","error":""},"_links":{"self":[{"href":"https:\/\/www.europesays.com\/fr\/wp-json\/wp\/v2\/posts\/454720","targetHints":{"allow":["GET"]}}],"collection":[{"href":"https:\/\/www.europesays.com\/fr\/wp-json\/wp\/v2\/posts"}],"about":[{"href":"https:\/\/www.europesays.com\/fr\/wp-json\/wp\/v2\/types\/post"}],"author":[{"embeddable":true,"href":"https:\/\/www.europesays.com\/fr\/wp-json\/wp\/v2\/users\/2"}],"replies":[{"embeddable":true,"href":"https:\/\/www.europesays.com\/fr\/wp-json\/wp\/v2\/comments?post=454720"}],"version-history":[{"count":0,"href":"https:\/\/www.europesays.com\/fr\/wp-json\/wp\/v2\/posts\/454720\/revisions"}],"wp:featuredmedia":[{"embeddable":true,"href":"https:\/\/www.europesays.com\/fr\/wp-json\/wp\/v2\/media\/454721"}],"wp:attachment":[{"href":"https:\/\/www.europesays.com\/fr\/wp-json\/wp\/v2\/media?parent=454720"}],"wp:term":[{"taxonomy":"category","embeddable":true,"href":"https:\/\/www.europesays.com\/fr\/wp-json\/wp\/v2\/categories?post=454720"},{"taxonomy":"post_tag","embeddable":true,"href":"https:\/\/www.europesays.com\/fr\/wp-json\/wp\/v2\/tags?post=454720"}],"curies":[{"name":"wp","href":"https:\/\/api.w.org\/{rel}","templated":true}]}}