{"id":454727,"date":"2025-10-11T09:46:10","date_gmt":"2025-10-11T09:46:10","guid":{"rendered":"https:\/\/www.europesays.com\/fr\/454727\/"},"modified":"2025-10-11T09:46:10","modified_gmt":"2025-10-11T09:46:10","slug":"cette-nouvelle-serie-a-besoin-de-beaucoup-de-figurants","status":"publish","type":"post","link":"https:\/\/www.europesays.com\/fr\/454727\/","title":{"rendered":"cette nouvelle s\u00e9rie a besoin de beaucoup de figurants"},"content":{"rendered":"<p>            Par<br \/>\n        <strong><br \/>\n            <a href=\"https:\/\/actu.fr\/auteur\/laure-gentil\" title=\"Consulter tous les articles de Laure Gentil\" target=\"_blank\" rel=\"noopener\">Laure Gentil<\/a><br \/>\n        <\/strong><\/p>\n<p>        Publi\u00e9 le<\/p>\n<p>            11 oct. 2025 \u00e0 10h44        <\/p>\n<p>Si vous souhaitez mettre un pied dans le monde du cin\u00e9ma c\u2019est le moment. En effet, selon la r\u00e9gion Pays de la Loire, un casting est en cours pour trouver des \u00ab\u2009silhouettes\u2009\u00bb et figurants dans le cadre du <strong>tournage des trois premiers \u00e9pisodes<\/strong> de la s\u00e9rie Les Evapor\u00e9s, r\u00e9alis\u00e9e par <strong>Emilie Grandperret<\/strong>, et produit par Storia Television qui se tournera \u00e0 Nantes et ses alentours.<\/p>\n<p>Synopsis <\/p>\n<p>D\u00e9vast\u00e9e par la disparition soudaine et inexpliqu\u00e9e de son mari, Esther Bazin, capitaine de police, trouve sur sa route deux civils membres du Groupe de Recherche des Disparitions Volontaires (GRDV). La disparition de son mari \u00e9tant consid\u00e9r\u00e9e comme volontaire, la police ne peut enqu\u00eater. Esther s\u2019associe donc avec cette brigade au profil singulier. Leur mission ? R\u00e9soudre des affaires de disparitions volontaires, \u00ab ces \u00e9vapor\u00e9s \u00bb sur lesquels la police ne peut l\u00e9galement enqu\u00eater.<\/p>\n<p>Quels profils recherch\u00e9s\u2009?<\/p>\n<p class=\" wall-content\">Des \u00ab\u2009silhouettes\u2009\u00bb et figurants <strong>hommes et femmes de tous \u00e2ges<\/strong> et de toutes origines pour interpr\u00e9ter\u2009:<\/p>\n<ul class=\" wall-content\">\n<li>un g\u00e9rant d\u2019a\u00e9rodrome, un pilote d\u2019avion de tourisme (licence +\u00a0certificat m\u00e9dical valides) 3 d\u00e9collages\/atterrissages dans les 90\u00a0jours, un dessinateur homme (35 \u2013 50\u00a0ans) pour une doublure main, des jeunes filles (18 \u2013 27\u00a0ans), des p\u00eacheurs, des agents de s\u00e9curit\u00e9, des serveurs et serveuses, des policiers et polici\u00e8res, des joueurs de basket (18-25\u00a0ans), des touristes retrait\u00e9s, un groupe de passants\u2009;<\/li>\n<li>\u00e0 Nantes et alentours\u2009: des passants et passantes, des policiers et polici\u00e8res, des joueurs de basket (18-25\u00a0ans), public de match de basket, des pom-pom-girls, des clients et clientes de restaurant, bar et club, un DJ et des automobilistes\u2009;<\/li>\n<li>\u00e0 Clisson et alentours\u2009: des clients et clientes ainsi que des familles au restaurant, un jeune couple\u2009;<\/li>\n<li>\u00e0 Pornic et alentours\u2009: des p\u00eacheurs, des plaisanciers (si possible avec leur propre bateau), un skipper, des passants et passantes, des clients et clientes de restaurant, des clients d\u2019un camping.<\/li>\n<\/ul>\n<p>Que faut-il mettre dans sa candidature\u2009?<\/p>\n<p class=\" wall-content\">Il est demand\u00e9 de transmettre\u2009: deux photos r\u00e9centes au naturel en portrait et en pied, la date de naissance, l\u2019\u00e2ge, la taille, la ville, les coordonn\u00e9es t\u00e9l\u00e9phoniques et mail, vos savoir-faire particuliers et vos disponibilit\u00e9s ou indisponibilit\u00e9s sur la p\u00e9riode du 4\u00a0novembre au 13\u00a0d\u00e9cembre.<\/p>\n<p class=\" wall-content\"><strong>La p\u00e9riode de tournage s\u2019\u00e9tend du 4\u00a0novembre au 13\u00a0d\u00e9cembre 2025.<\/strong><\/p>\n<p>Pour candidater merci d\u2019envoyer un mail \u00e0 en pr\u00e9cisant dans l\u2019objet (homme ou femme, \u00e2ge et ville)\u2009: <a href=\"https:\/\/actu.fr\/cdn-cgi\/l\/email-protection\" class=\"__cf_email__\" data-cfemail=\"a9cac8daddc0c7ce87ccdfc8d9c6dbccdae9cec4c8c0c587cac6c4\" target=\"_blank\" rel=\"noopener\">[email\u00a0protected]<\/a>.\u00a0R\u00e9mun\u00e9r\u00e9 au tarif conventionnel en vigueur<\/p>\n<p class=\" wall-content\">Personnalisez votre actualit\u00e9 en ajoutant vos villes et m\u00e9dias en favori avec <a href=\"https:\/\/moncompte.actu.fr\" title=\"D\u00e9couvez Mon Actu\" rel=\"nofollow noopener\" data-trk=\"{&quot;cta&quot;:{&quot;action&quot;:&quot;https:\\\/\\\/moncompte.actu.fr&quot;,&quot;category&quot;:&quot;mon compte&quot;,&quot;from&quot;:&quot;article footer&quot;,&quot;name&quot;:&quot;Mon actu&quot;,&quot;type&quot;:&quot;cta&quot;}}\" target=\"_blank\">Mon Actu<\/a>.<\/p>\n","protected":false},"excerpt":{"rendered":"Par Laure Gentil Publi\u00e9 le 11 oct. 2025 \u00e0 10h44 Si vous souhaitez mettre un pied dans le&hellip;\n","protected":false},"author":2,"featured_media":454728,"comment_status":"","ping_status":"","sticky":false,"template":"","format":"standard","meta":{"footnotes":""},"categories":[2818],"tags":[1111,11,11668,1777,674,1011,27,1652,766,12,2636,25],"class_list":{"0":"post-454727","1":"post","2":"type-post","3":"status-publish","4":"format-standard","5":"has-post-thumbnail","7":"category-nantes","8":"tag-actu","9":"tag-actualites","10":"tag-casting","11":"tag-eu","12":"tag-europe","13":"tag-fr","14":"tag-france","15":"tag-loisirs-culture","16":"tag-nantes","17":"tag-news","18":"tag-pays-de-la-loire","19":"tag-republique-francaise"},"share_on_mastodon":{"url":"https:\/\/pubeurope.com\/@fr\/115354899817853126","error":""},"_links":{"self":[{"href":"https:\/\/www.europesays.com\/fr\/wp-json\/wp\/v2\/posts\/454727","targetHints":{"allow":["GET"]}}],"collection":[{"href":"https:\/\/www.europesays.com\/fr\/wp-json\/wp\/v2\/posts"}],"about":[{"href":"https:\/\/www.europesays.com\/fr\/wp-json\/wp\/v2\/types\/post"}],"author":[{"embeddable":true,"href":"https:\/\/www.europesays.com\/fr\/wp-json\/wp\/v2\/users\/2"}],"replies":[{"embeddable":true,"href":"https:\/\/www.europesays.com\/fr\/wp-json\/wp\/v2\/comments?post=454727"}],"version-history":[{"count":0,"href":"https:\/\/www.europesays.com\/fr\/wp-json\/wp\/v2\/posts\/454727\/revisions"}],"wp:featuredmedia":[{"embeddable":true,"href":"https:\/\/www.europesays.com\/fr\/wp-json\/wp\/v2\/media\/454728"}],"wp:attachment":[{"href":"https:\/\/www.europesays.com\/fr\/wp-json\/wp\/v2\/media?parent=454727"}],"wp:term":[{"taxonomy":"category","embeddable":true,"href":"https:\/\/www.europesays.com\/fr\/wp-json\/wp\/v2\/categories?post=454727"},{"taxonomy":"post_tag","embeddable":true,"href":"https:\/\/www.europesays.com\/fr\/wp-json\/wp\/v2\/tags?post=454727"}],"curies":[{"name":"wp","href":"https:\/\/api.w.org\/{rel}","templated":true}]}}