{"id":454735,"date":"2025-10-11T09:50:16","date_gmt":"2025-10-11T09:50:16","guid":{"rendered":"https:\/\/www.europesays.com\/fr\/454735\/"},"modified":"2025-10-11T09:50:16","modified_gmt":"2025-10-11T09:50:16","slug":"voici-lavis-du-mangeur-masque-5","status":"publish","type":"post","link":"https:\/\/www.europesays.com\/fr\/454735\/","title":{"rendered":"voici l&rsquo;avis du Mangeur Masqu\u00e9"},"content":{"rendered":"<p>            Par<br \/>\n        <strong><br \/>\n            <a href=\"https:\/\/actu.fr\/auteur\/redaction-toulouse\" title=\"Consulter tous les articles de R\u00e9daction de Toulouse\" target=\"_blank\" rel=\"noopener\">R\u00e9daction de Toulouse<\/a><br \/>\n        <\/strong><\/p>\n<p>        Publi\u00e9 le<\/p>\n<p>            11 oct. 2025 \u00e0 11h16        <\/p>\n<p>Voil\u00e0 un moment que je ne m\u2019\u00e9tais pas assis \u00e0 la table du<strong> Contre-Pied<\/strong> aux Carmes. Parce que souvent d\u00e9\u00e7u, ou pas totalement convaincu par des plats qui manquaient d\u2019impact. Sans parler de l\u2019addition qui elle, ne s\u2019oubliait pas facilement\u2026 Pourquoi y retourner ? Tout simplement parce que la proposition vient tout juste de changer. Tout en gardant la m\u00eame \u00e9quipe : la cheffe <strong>Ana\u00efs Sadek<\/strong>, toujours \u00e9paul\u00e9e par son compagnon <strong>Thibaut Martin<\/strong>, sommelier avis\u00e9 actif en salle.<\/p>\n<p>Le changement, c\u2019est maintenant<\/p>\n<p class=\" wall-content\">Six ans apr\u00e8s les d\u00e9buts, la bistronomie un rien pr\u00e9tentieuse a \u00e9t\u00e9 remis\u00e9e pour laisser place \u00e0 <strong>une cuisine bistroti\u00e8re<\/strong> de tradition fran\u00e7aise, plus que jamais dans l\u2019air du temps. Ce qui signifie aussi plus abordable, avec <strong>un menu \u00e0 23\u20ac le midi<\/strong>, et 36\u20ac le soir (possible \u00e9galement de piocher dans la carte, avec harengs pommes \u00e0 l\u2019huile, croquettes de pied de cochon ou boudin noir).<\/p>\n<p>Un nouveau nom<\/p>\n<p class=\" wall-content\">Pour incarner cette identit\u00e9 rafraichie, il fallait trouver un nouveau nom. Le choix s\u2019est port\u00e9 sur <strong>Le Coq en P\u00e2te<\/strong>. Expression cocardi\u00e8re, et plut\u00f4t bien r\u00e9fl\u00e9chie \u00e0 la lecture de l\u2019ardoise tr\u00e8s resserr\u00e9e, nourrie de plats lisibles <strong>aux all\u00e9chantes promesses<\/strong>. Qui se confirment d\u2019embl\u00e9e d\u00e8s que ma cuill\u00e8re est venue caresser ce velout\u00e9 de c\u00e8pes (c\u2019est la saison, profitons-en). Entr\u00e9e gaillarde s\u2019il en est, surtout quand un \u0153uf mollet et quelques croutons s\u2019invitent dans l\u2019assiette. <strong>\u00c9quilibre parfait<\/strong>, un puissant parfum de sous-bois, sans qu\u2019une abondance de cr\u00e8me ne vienne g\u00e2cher cette harmonie d\u00e9licate.<\/p>\n<p>    <img   decoding=\"async\" loading=\"lazy\" class=\"size-large\" src=\"https:\/\/www.europesays.com\/fr\/wp-content\/uploads\/2025\/10\/3b6d5ede63e863f6d5ede63e8037d5v-960x640.jpg\" alt=\"Grande et lumineuse, la salle reste agr\u00e9able.\" width=\"960\" height=\"640\"\/><br \/>\n    Grande et lumineuse, la salle reste agr\u00e9able. \u00a9L.M.M.Baba du baba \u00e0 l\u2019Armagnac<\/p>\n<p class=\" wall-content\">R\u00e9chauff\u00e9 d\u2019embl\u00e9e, j\u2019attends avec confiance le plat de r\u00e9sistance : un porc noir gascon confit, accompagn\u00e9 d\u2019une <strong>caponata<\/strong> et <strong>d\u2019un jus r\u00e9duit<\/strong>. Encore une fois un sans-faute, avec une pleine g\u00e9n\u00e9rosit\u00e9 et des cuissons impeccables sur la viande et les l\u00e9gumes. Pas raisonnable pour un sou, je me d\u00e9cide \u00e0 prendre un dessert. Le chou p\u00e2tissier chocolat et quatre \u00e9pices me fait de l\u2019\u0153il. Mais c\u2019est finalement vers un classique ind\u00e9modable que je me tourne : un baba, humidifi\u00e9 par une grande rasade de <strong>sirop d\u2019Armagnac<\/strong>, servi face \u00e0 moi. L\u2019ex\u00e9cution est impeccable, avec une part de brioche ultra-moelleuse, et une cr\u00e8me mont\u00e9e avec soin. Un renouveau comme il faut !<\/p>\n<p>Votre r\u00e9gion, votre actu !<\/p>\n<p>Recevez chaque jour les infos qui comptent pour vous.<\/p>\n<p>\t<a href=\"https:\/\/actu.fr\/newsletter\" class=\"ac-btn ac-btn--corner ac-btn--medium ac-btn--blue800\" target=\"_blank\" rel=\"noopener\">S&rsquo;incrire<\/a><\/p>\n<p>    <img   decoding=\"async\" loading=\"lazy\" src=\"https:\/\/www.europesays.com\/fr\/wp-content\/uploads\/2025\/10\/319daede63e86359daede63e8199dav-960x640.jpg\" alt=\"Plaisant de voir des desserts assumer leur g\u00e9n\u00e9rosit\u00e9\" width=\"960\" height=\"640\"\/><br \/>\n    Plaisant de voir des desserts assumer leur g\u00e9n\u00e9rosit\u00e9 (\u00a9L.M.M.)<strong>Le Mangeur Masqu\u00e9<\/strong><br \/>\nSuivez-le<a href=\"https:\/\/www.instagram.com\/le_mangeur_masque\/?hl=fr\" target=\"_blank\" rel=\"noopener\"> sur Insta<\/a>.\u00a0<br \/><a href=\"https:\/\/www.instagram.com\/lecoqenpatetoulouse\/?__d=11%2F\" target=\"_blank\" rel=\"noopener\">Le Coq en P\u00e2te<\/a>, 6 Rue des Pr\u00eatres, 31000 Toulouse<\/p>\n<p class=\" wall-content\">Personnalisez votre actualit\u00e9 en ajoutant vos villes et m\u00e9dias en favori avec <a href=\"https:\/\/moncompte.actu.fr\" title=\"D\u00e9couvez Mon Actu\" rel=\"nofollow noopener\" data-trk=\"{&quot;cta&quot;:{&quot;action&quot;:&quot;https:\\\/\\\/moncompte.actu.fr&quot;,&quot;category&quot;:&quot;mon compte&quot;,&quot;from&quot;:&quot;article footer&quot;,&quot;name&quot;:&quot;Mon actu&quot;,&quot;type&quot;:&quot;cta&quot;}}\" target=\"_blank\">Mon Actu<\/a>.<\/p>\n<p>                    <script async src=\"\/\/www.instagram.com\/embed.js\"><\/script><\/p>\n","protected":false},"excerpt":{"rendered":"Par R\u00e9daction de Toulouse Publi\u00e9 le 11 oct. 2025 \u00e0 11h16 Voil\u00e0 un moment que je ne m\u2019\u00e9tais&hellip;\n","protected":false},"author":2,"featured_media":454736,"comment_status":"","ping_status":"","sticky":false,"template":"","format":"standard","meta":{"footnotes":""},"categories":[2816],"tags":[1111,11,1777,674,1011,27,1652,12,2849,2680,25,2850,1341,2312],"class_list":{"0":"post-454735","1":"post","2":"type-post","3":"status-publish","4":"format-standard","5":"has-post-thumbnail","7":"category-toulouse","8":"tag-actu","9":"tag-actualites","10":"tag-eu","11":"tag-europe","12":"tag-fr","13":"tag-france","14":"tag-loisirs-culture","15":"tag-news","16":"tag-nouveaux-commerces-a-toulouse","17":"tag-occitanie","18":"tag-republique-francaise","19":"tag-restaurants-de-toulouse","20":"tag-sortir-a-toulouse","21":"tag-toulouse"},"share_on_mastodon":{"url":"https:\/\/pubeurope.com\/@fr\/115354916055316837","error":""},"_links":{"self":[{"href":"https:\/\/www.europesays.com\/fr\/wp-json\/wp\/v2\/posts\/454735","targetHints":{"allow":["GET"]}}],"collection":[{"href":"https:\/\/www.europesays.com\/fr\/wp-json\/wp\/v2\/posts"}],"about":[{"href":"https:\/\/www.europesays.com\/fr\/wp-json\/wp\/v2\/types\/post"}],"author":[{"embeddable":true,"href":"https:\/\/www.europesays.com\/fr\/wp-json\/wp\/v2\/users\/2"}],"replies":[{"embeddable":true,"href":"https:\/\/www.europesays.com\/fr\/wp-json\/wp\/v2\/comments?post=454735"}],"version-history":[{"count":0,"href":"https:\/\/www.europesays.com\/fr\/wp-json\/wp\/v2\/posts\/454735\/revisions"}],"wp:featuredmedia":[{"embeddable":true,"href":"https:\/\/www.europesays.com\/fr\/wp-json\/wp\/v2\/media\/454736"}],"wp:attachment":[{"href":"https:\/\/www.europesays.com\/fr\/wp-json\/wp\/v2\/media?parent=454735"}],"wp:term":[{"taxonomy":"category","embeddable":true,"href":"https:\/\/www.europesays.com\/fr\/wp-json\/wp\/v2\/categories?post=454735"},{"taxonomy":"post_tag","embeddable":true,"href":"https:\/\/www.europesays.com\/fr\/wp-json\/wp\/v2\/tags?post=454735"}],"curies":[{"name":"wp","href":"https:\/\/api.w.org\/{rel}","templated":true}]}}