{"id":454743,"date":"2025-10-11T09:55:24","date_gmt":"2025-10-11T09:55:24","guid":{"rendered":"https:\/\/www.europesays.com\/fr\/454743\/"},"modified":"2025-10-11T09:55:24","modified_gmt":"2025-10-11T09:55:24","slug":"marseille-contre-quebec-le-match-du-stand-up-ce-dimanche-12-octobre-au-garage-comedy","status":"publish","type":"post","link":"https:\/\/www.europesays.com\/fr\/454743\/","title":{"rendered":"Marseille contre Qu\u00e9bec, le match du stand-up ce dimanche 12 octobre au Garage Comedy"},"content":{"rendered":"<p>D\u2019un c\u00f4t\u00e9 Marseille, jeune place forte du rire en France o\u00f9 <a href=\"https:\/\/www.laprovence.com\/article\/culture-loisirs\/5393349127184414\/avec-le-succes-du-stand-up-les-demandes-de-formation-cartonnent-a-marseille\" target=\"_blank\" rel=\"noopener\">toujours plus d\u2019artistes \u00e9mergent<\/a> ces derni\u00e8res ann\u00e9es. De l\u2019autre, Qu\u00e9bec, o\u00f9 le stand-up se transmet depuis des dizaines d\u2019ann\u00e9es. Le temps d\u2019un match au Garage Comedy ce dimanche 12\u00a0octobre, chacune des villes sera repr\u00e9sent\u00e9e par une \u00e9quipe de trois com\u00e9diens. \u00ab\u00a0On va faire un ping-pong de sketchs sur sc\u00e8ne. Plusieurs Qu\u00e9b\u00e9cois sont de passage chez nous en ce moment, c\u2019\u00e9tait l\u2019occasion de les inviter, racontait cette semaine Fabien Gaudioso, manager au Garage. On adore ces humoristes qui ont beaucoup de personnalit\u00e9, un trait que l\u2019on retrouve chez ceux de Marseille.\u00a0\u00bb<\/p>\n<p>Face aux trois talents \u00e9mergents d\u2019outre-Atlantique, la cit\u00e9 phoc\u00e9enne pourra compter sur trois valeurs s\u00fbres\u00a0: Sandra Miso, Quentin Friburger et Merwan Sali. La charge de d\u00e9partager chaque \u00e9quipe reviendra au public, dont la ferveur est bien connue au Garage. \u00ab\u00a0La finalit\u00e9 reste avant tout de s\u2019amuser et faire d\u00e9couvrir d\u2019autres styles d\u2019humour\u00a0\u00bb, rappelait-on avec bienveillance du c\u00f4t\u00e9 des organisateurs. Preuve en est, la salle de la rue des 3 Fr\u00e8res Barth\u00e9l\u00e9my (6e) devrait accueillir des artistes qu\u00e9b\u00e9cois confirm\u00e9s d\u00e8s le mois de novembre. Comme ce fut par exemple le cas ces derniers mois avec la venue de Dolino, par ailleurs r\u00e9f\u00e9rence du <a href=\"https:\/\/www.laprovence.com\/article\/culture-loisirs\/97162333941568\/montreux-comedy-a-signe-une-soiree-inedite-au-dome-de-marseille\" target=\"_blank\" rel=\"noopener\">Montreux Comedy<\/a>.<\/p>\n<p>Dimanche 12 octobre \u00e0 21h au Garage (6e). 8\u20ac + sortie au chapeau, garage-comedy.com<\/p>\n","protected":false},"excerpt":{"rendered":"D\u2019un c\u00f4t\u00e9 Marseille, jeune place forte du rire en France o\u00f9 toujours plus d\u2019artistes \u00e9mergent ces derni\u00e8res ann\u00e9es.&hellip;\n","protected":false},"author":2,"featured_media":454744,"comment_status":"","ping_status":"","sticky":false,"template":"","format":"standard","meta":{"footnotes":""},"categories":[2814],"tags":[17,1111,11,1444,251,6664,1777,674,1011,27,884,955,12,7518,882,7810,25,7492],"class_list":{"0":"post-454743","1":"post","2":"type-post","3":"status-publish","4":"format-standard","5":"has-post-thumbnail","7":"category-marseille","8":"tag-17","9":"tag-actu","10":"tag-actualites","11":"tag-contre","12":"tag-culture","13":"tag-dimanche","14":"tag-eu","15":"tag-europe","16":"tag-fr","17":"tag-france","18":"tag-marseille","19":"tag-match","20":"tag-news","21":"tag-octobre","22":"tag-provence-alpes-cote-dazur","23":"tag-quebec","24":"tag-republique-francaise","25":"tag-stand-up"},"share_on_mastodon":{"url":"https:\/\/pubeurope.com\/@fr\/115354935307007247","error":""},"_links":{"self":[{"href":"https:\/\/www.europesays.com\/fr\/wp-json\/wp\/v2\/posts\/454743","targetHints":{"allow":["GET"]}}],"collection":[{"href":"https:\/\/www.europesays.com\/fr\/wp-json\/wp\/v2\/posts"}],"about":[{"href":"https:\/\/www.europesays.com\/fr\/wp-json\/wp\/v2\/types\/post"}],"author":[{"embeddable":true,"href":"https:\/\/www.europesays.com\/fr\/wp-json\/wp\/v2\/users\/2"}],"replies":[{"embeddable":true,"href":"https:\/\/www.europesays.com\/fr\/wp-json\/wp\/v2\/comments?post=454743"}],"version-history":[{"count":0,"href":"https:\/\/www.europesays.com\/fr\/wp-json\/wp\/v2\/posts\/454743\/revisions"}],"wp:featuredmedia":[{"embeddable":true,"href":"https:\/\/www.europesays.com\/fr\/wp-json\/wp\/v2\/media\/454744"}],"wp:attachment":[{"href":"https:\/\/www.europesays.com\/fr\/wp-json\/wp\/v2\/media?parent=454743"}],"wp:term":[{"taxonomy":"category","embeddable":true,"href":"https:\/\/www.europesays.com\/fr\/wp-json\/wp\/v2\/categories?post=454743"},{"taxonomy":"post_tag","embeddable":true,"href":"https:\/\/www.europesays.com\/fr\/wp-json\/wp\/v2\/tags?post=454743"}],"curies":[{"name":"wp","href":"https:\/\/api.w.org\/{rel}","templated":true}]}}