{"id":454751,"date":"2025-10-11T10:00:19","date_gmt":"2025-10-11T10:00:19","guid":{"rendered":"https:\/\/www.europesays.com\/fr\/454751\/"},"modified":"2025-10-11T10:00:19","modified_gmt":"2025-10-11T10:00:19","slug":"qualite-de-lair-dans-les-gares-et-stations","status":"publish","type":"post","link":"https:\/\/www.europesays.com\/fr\/454751\/","title":{"rendered":"Qualit\u00e9 de l&rsquo;air dans les gares et stations"},"content":{"rendered":"<p>1. Am\u00e9liorer la connaissance sur les particules et informer les voyageurs<\/p>\n<p class=\"p\">Pour am\u00e9liorer efficacement la qualit\u00e9 de l\u2019air dans les enceintes ferroviaires souterraines, il est<strong> essentiel de d\u00e9velopper les connaissances sur les particules, dont les fines et ultrafines, et ce, en toute transparence. <\/strong><\/p>\n<p><strong>Am\u00e9liorer la connaissance sur les particules<\/strong><\/p>\n<p class=\"p\">Cela passe notamment, par une<strong> identification plus efficace des sources d\u2019\u00e9missions<\/strong>, la <strong>compr\u00e9hension des facteurs d\u2019influence<\/strong>, mais aussi par<strong> l\u2019\u00e9tude des caract\u00e9ristiques physico-chimiques des particules<\/strong>.<\/p>\n<p>Des mesures permanentes<\/p>\n<p class=\"p\">Aujourd\u2019hui, <strong>huit sites sont \u00e9quip\u00e9s de stations de mesures permanentes en \u00cele-de-France\u00a0<\/strong>: <\/p>\n<ul class=\"ul\">\n<li class=\"li\">Sevran-Beaudottes (RER B)<\/li>\n<li class=\"li\">Avenue Foch (RER C)<\/li>\n<li class=\"li\">La D\u00e9fense (RER E)<\/li>\n<li class=\"li\">Auber (RER A)<\/li>\n<li class=\"li\">Ch\u00e2telet (M\u00e9tro 4) &#8211; D\u00e9plac\u00e9 temporairement \u00e0 Saint-Germain-des-Pr\u00e8s<\/li>\n<li class=\"li\">Franklin Roosevelt (M\u00e9tro 1)<\/li>\n<li class=\"li\">Nation (RER A)<\/li>\n<li class=\"li\">et Ch\u00e2telet-Les-Halles (RER A)<strong\/><\/li>\n<\/ul>\n<p>Des mesures ponctuelles en station et dans les rames<\/p>\n<p class=\"p\">Les r\u00e9sultats des mesures permanentes en station sont compl\u00e9t\u00e9s par<strong> des mesures ponctuelles dans les stations et dans les rames avec des crit\u00e8res harmonis\u00e9s <\/strong>(conform\u00e9ment au <a href=\"https:\/\/www.ineris.fr\/fr\/recommandations-realisation-mesures-harmonisees-qualite-air-enceintes-ferroviaires-souterraines\" target=\"_blank\" rel=\"noopener noreferrer nofollow\">guide INERIS<\/a>), afin d\u2019obtenir une connaissance plus compl\u00e8te, et mise \u00e0 jour r\u00e9guli\u00e8rement. <\/p>\n<p>Installation de capteurs de surveillance<\/p>\n<p class=\"p\">En parall\u00e8le, \u00cele-de-France Mobilit\u00e9s a demand\u00e9 \u00e0 RATP de <strong>d\u00e9velopper des capteurs de surveillance des particules ultrafines<\/strong>, ce qui permettra une meilleure connaissance les concernant.<\/p>\n<p>Informer les voyageurs en toute transparence <\/p>\n<p class=\"p\">Dans cette qu\u00eate d\u2019une am\u00e9lioration de la qualit\u00e9 de l\u2019air int\u00e9rieur, <strong>l\u2019information voyageur est cl\u00e9<\/strong>. Et cela passe par une plus grande <strong>transparence des donn\u00e9es collect\u00e9es,<\/strong> avec davantage de <strong>donn\u00e9es disponibles en Open Data.<\/strong><\/p>\n","protected":false},"excerpt":{"rendered":"1. Am\u00e9liorer la connaissance sur les particules et informer les voyageurs Pour am\u00e9liorer efficacement la qualit\u00e9 de l\u2019air&hellip;\n","protected":false},"author":2,"featured_media":454752,"comment_status":"","ping_status":"","sticky":false,"template":"","format":"standard","meta":{"footnotes":""},"categories":[1592],"tags":[1111,11,1777,674,1011,27,662,12,626,25],"class_list":{"0":"post-454751","1":"post","2":"type-post","3":"status-publish","4":"format-standard","5":"has-post-thumbnail","7":"category-ile-de-france","8":"tag-actu","9":"tag-actualites","10":"tag-eu","11":"tag-europe","12":"tag-fr","13":"tag-france","14":"tag-ile-de-france","15":"tag-news","16":"tag-paris","17":"tag-republique-francaise"},"share_on_mastodon":{"url":"https:\/\/pubeurope.com\/@fr\/115354954941876884","error":""},"_links":{"self":[{"href":"https:\/\/www.europesays.com\/fr\/wp-json\/wp\/v2\/posts\/454751","targetHints":{"allow":["GET"]}}],"collection":[{"href":"https:\/\/www.europesays.com\/fr\/wp-json\/wp\/v2\/posts"}],"about":[{"href":"https:\/\/www.europesays.com\/fr\/wp-json\/wp\/v2\/types\/post"}],"author":[{"embeddable":true,"href":"https:\/\/www.europesays.com\/fr\/wp-json\/wp\/v2\/users\/2"}],"replies":[{"embeddable":true,"href":"https:\/\/www.europesays.com\/fr\/wp-json\/wp\/v2\/comments?post=454751"}],"version-history":[{"count":0,"href":"https:\/\/www.europesays.com\/fr\/wp-json\/wp\/v2\/posts\/454751\/revisions"}],"wp:featuredmedia":[{"embeddable":true,"href":"https:\/\/www.europesays.com\/fr\/wp-json\/wp\/v2\/media\/454752"}],"wp:attachment":[{"href":"https:\/\/www.europesays.com\/fr\/wp-json\/wp\/v2\/media?parent=454751"}],"wp:term":[{"taxonomy":"category","embeddable":true,"href":"https:\/\/www.europesays.com\/fr\/wp-json\/wp\/v2\/categories?post=454751"},{"taxonomy":"post_tag","embeddable":true,"href":"https:\/\/www.europesays.com\/fr\/wp-json\/wp\/v2\/tags?post=454751"}],"curies":[{"name":"wp","href":"https:\/\/api.w.org\/{rel}","templated":true}]}}