{"id":454759,"date":"2025-10-11T10:04:20","date_gmt":"2025-10-11T10:04:20","guid":{"rendered":"https:\/\/www.europesays.com\/fr\/454759\/"},"modified":"2025-10-11T10:04:20","modified_gmt":"2025-10-11T10:04:20","slug":"cabaret-x-club-dhalloween-ville-de-paris","status":"publish","type":"post","link":"https:\/\/www.europesays.com\/fr\/454759\/","title":{"rendered":"Cabaret x Club d&rsquo;Halloween &#8211; Ville de Paris"},"content":{"rendered":"<p>\n  Le 31 octobre, Le Hasard Ludique s\u2019embrase pour une nuit o\u00f9 les fronti\u00e8res s\u2019effacent entre cabaret, clubbing et c\u00e9l\u00e9bration queer &amp; afro. Afro Queer Rising, CIVEN et Tr\u00e9sor Party unissent leurs magies pour une exp\u00e9rience in\u00e9dite\u00a0!\n<\/p>\n<p>\n  Cette ann\u00e9e, Afro Queer Rising vous convie \u00e0 une nuit envo\u00fbtante et mystique o\u00f9 l\u2019on danse, rit et c\u00e9l\u00e8bre avec les esprits.\n<\/p>\n<p>\n  Pour la deuxi\u00e8me fois depuis leur cr\u00e9ation, iels r\u00e9unissent cabaret + club dans une seule soir\u00e9e inoubliable\u2026\n<\/p>\n<p>  Cabaret &#8211; 20h&gt;23h<\/p>\n<p>\n  Afro Queer Rising est un collectif d\u2019artistes queers et afrodescendant\u00b7es bas\u00e9 \u00e0 Paris et en banlieue. \u00c0 travers des soir\u00e9es caritatives, nous finan\u00e7ons nos luttes et racontons nos histoires.\n<\/p>\n<p>\n  Le cabaret met en avant une programmation multidisciplinaire port\u00e9e par des artistes du collectif\u00a0: chant, musique live, po\u00e9sie, drag, effeuillage, a\u00e9rien et danse. L\u2019objectif est clair\u00a0: visibilit\u00e9, empowerment et c\u00e9l\u00e9bration de nos communaut\u00e9s.\n<\/p>\n<p>  Line-up\u00a0:<\/p>\n<p>\n  \u00c0 partir de 23h, le cabaret laisse place au club, qui prendra le relais jusqu\u2019\u00e0 l\u2019aube. Fid\u00e8le \u00e0 son ADN, le club est un espace festif, queer et afro, pens\u00e9 comme une sc\u00e8ne vivante pour mettre en avant nos DJs et performer\u00b7euses.\n<\/p>\n<p>\n  Pour cette \u00e9dition sp\u00e9ciale, nous sommes tr\u00e8s heureux\u00b7ses de collaborer avec le collectif Tr\u00e9sor Party, fond\u00e9 par Monsieur Tr\u00e9sor. Tr\u00e9sor Party m\u00eale musique, danse, drag et performance avec une \u00e9nergie clubbing unique. Ce sera l\u2019occasion de proposer des DJ sets crois\u00e9s et une ambiance Afroqueer Halloween explosive.\n<\/p>\n<p>\n  \ud83d\udc7b Dress code\u00a0: L\u2019Esprit de la Mort<\/p>\n","protected":false},"excerpt":{"rendered":"Le 31 octobre, Le Hasard Ludique s\u2019embrase pour une nuit o\u00f9 les fronti\u00e8res s\u2019effacent entre cabaret, clubbing et&hellip;\n","protected":false},"author":2,"featured_media":454760,"comment_status":"","ping_status":"","sticky":false,"template":"","format":"standard","meta":{"footnotes":""},"categories":[1888],"tags":[11,1777,674,1011,27,12,626,25],"class_list":{"0":"post-454759","1":"post","2":"type-post","3":"status-publish","4":"format-standard","5":"has-post-thumbnail","7":"category-paris","8":"tag-actualites","9":"tag-eu","10":"tag-europe","11":"tag-fr","12":"tag-france","13":"tag-news","14":"tag-paris","15":"tag-republique-francaise"},"share_on_mastodon":{"url":"https:\/\/pubeurope.com\/@fr\/115354970698196232","error":""},"_links":{"self":[{"href":"https:\/\/www.europesays.com\/fr\/wp-json\/wp\/v2\/posts\/454759","targetHints":{"allow":["GET"]}}],"collection":[{"href":"https:\/\/www.europesays.com\/fr\/wp-json\/wp\/v2\/posts"}],"about":[{"href":"https:\/\/www.europesays.com\/fr\/wp-json\/wp\/v2\/types\/post"}],"author":[{"embeddable":true,"href":"https:\/\/www.europesays.com\/fr\/wp-json\/wp\/v2\/users\/2"}],"replies":[{"embeddable":true,"href":"https:\/\/www.europesays.com\/fr\/wp-json\/wp\/v2\/comments?post=454759"}],"version-history":[{"count":0,"href":"https:\/\/www.europesays.com\/fr\/wp-json\/wp\/v2\/posts\/454759\/revisions"}],"wp:featuredmedia":[{"embeddable":true,"href":"https:\/\/www.europesays.com\/fr\/wp-json\/wp\/v2\/media\/454760"}],"wp:attachment":[{"href":"https:\/\/www.europesays.com\/fr\/wp-json\/wp\/v2\/media?parent=454759"}],"wp:term":[{"taxonomy":"category","embeddable":true,"href":"https:\/\/www.europesays.com\/fr\/wp-json\/wp\/v2\/categories?post=454759"},{"taxonomy":"post_tag","embeddable":true,"href":"https:\/\/www.europesays.com\/fr\/wp-json\/wp\/v2\/tags?post=454759"}],"curies":[{"name":"wp","href":"https:\/\/api.w.org\/{rel}","templated":true}]}}