{"id":454761,"date":"2025-10-11T10:05:12","date_gmt":"2025-10-11T10:05:12","guid":{"rendered":"https:\/\/www.europesays.com\/fr\/454761\/"},"modified":"2025-10-11T10:05:12","modified_gmt":"2025-10-11T10:05:12","slug":"ukraine-lelectricite-retablie-a-odessa-apres-une-attaque-massive-russe-contre-les-infrastructures-energetiques","status":"publish","type":"post","link":"https:\/\/www.europesays.com\/fr\/454761\/","title":{"rendered":"Ukraine : l&rsquo;\u00e9lectricit\u00e9 r\u00e9tablie \u00e0 Odessa apr\u00e8s une attaque massive russe contre les infrastructures \u00e9nerg\u00e9tiques"},"content":{"rendered":"<p>  Par&amp;nbsp<a href=\"https:\/\/fr.euronews.com\/profils\/3513\" rel=\"nofollow noopener\" target=\"_blank\">Emma De Ruiter<\/a>&amp;nbsp&amp;&amp;nbsp<b>Serge Duch\u00eane<\/b>&amp;nbspavec&amp;nbsp<b>AP<\/b><\/p>\n<p>\n         Publi\u00e9 le<br \/>\n            11\/10\/2025 &#8211; 11:48 UTC+2\n            <\/p>\n<p>          <img decoding=\"async\" class=\"c-ad__placeholder__logo\" src=\"https:\/\/static.euronews.com\/website\/images\/logos\/logo-euronews-stacked-outlined-72x72-grey-9.svg\" width=\"72\" height=\"72\" alt=\"\" loading=\"lazy\"\/><br \/>\n          PUBLICIT\u00c9<\/p>\n<p>Selon les autorit\u00e9s r\u00e9gionales, une cinquantaine de villes de la r\u00e9gion ukrainienne d&rsquo;Odessa restent priv\u00e9es d&rsquo;\u00e9lectricit\u00e9 samedi matin \u00e0 la suite d&rsquo;une attaque de drones russes contre des infrastructures \u00e9nerg\u00e9tiques.<\/p>\n<p>La soci\u00e9t\u00e9 priv\u00e9e ukrainienne DTEK a indiqu\u00e9 que l&rsquo;\u00e9lectricit\u00e9 avait \u00e9t\u00e9 r\u00e9tablie dans les 240 000 foyers touch\u00e9s.<\/p>\n<p>Le gouverneur r\u00e9gional, Oleh Kiper, a d\u00e9clar\u00e9 qu&rsquo;outre les infrastructures \u00e9nerg\u00e9tiques, deux immeubles r\u00e9sidentiels et un h\u00f4tel avaient \u00e9t\u00e9 endommag\u00e9s. Une personne, une femme de 47 ans, a \u00e9t\u00e9 bless\u00e9e.<\/p>\n<p>L&rsquo;\u00e9lectricit\u00e9 a \u00e9galement \u00e9t\u00e9 r\u00e9tablie pour plus de 800 000 habitants de Kyiv samedi, \u00e0 la suite d&rsquo;une attaque distincte de la Russie sur le r\u00e9seau \u00e9lectrique ukrainien un jour plus t\u00f4t, qui a provoqu\u00e9 des coupures de courant dans une grande partie du pays.<\/p>\n<p><a href=\"https:\/\/t.me\/dtek_ua\/2669\" target=\"_blank\" rel=\"noreferrer nofollow\">DTEK <\/a>a indiqu\u00e9 que \u00ab\u00a0les principaux travaux de r\u00e9tablissement de l&rsquo;alimentation \u00e9lectrique\u00a0\u00bb \u00e9taient termin\u00e9s, mais que certaines pannes locales affectaient encore la capitale ukrainienne \u00e0 la suite des attaques russes \u00ab\u00a0massives\u00a0\u00bb de vendredi.<\/p>\n<p>La Premi\u00e8re ministre ukrainienne, Ioulia Svyrydenko, a d\u00e9crit cette attaque comme \u00ab\u00a0l&rsquo;une des plus importantes frappes concentr\u00e9es\u00a0\u00bb contre l&rsquo;infrastructure \u00e9nerg\u00e9tique de l&rsquo;Ukraine.<\/p>\n<p><a href=\"https:\/\/t.me\/kpszsu\/44420\" target=\"_blank\" rel=\"noreferrer nofollow\">L&rsquo;arm\u00e9e de l&rsquo;air ukrainienne <\/a>a d\u00e9clar\u00e9 samedi que ses d\u00e9fenses a\u00e9riennes avaient intercept\u00e9 ou brouill\u00e9 54 des 78 drones russes lanc\u00e9s contre l&rsquo;Ukraine au cours de la nuit, tandis que le minist\u00e8re russe de la d\u00e9fense a d\u00e9clar\u00e9 avoir abattu 42 drones ukrainiens au-dessus du territoire russe.<\/p>\n<p>Au cours de la journ\u00e9e \u00e9coul\u00e9e, au moins quatre personnes ont \u00e9t\u00e9 tu\u00e9es et 18 bless\u00e9es lors d&rsquo;attaques russes contre l&rsquo;Ukraine, selon les autorit\u00e9s r\u00e9gionales, notamment dans les r\u00e9gions de <a href=\"https:\/\/t.me\/VadymFilashkin\/11731\" target=\"_blank\" rel=\"noreferrer nofollow\">Donetsk<\/a>, <a href=\"https:\/\/t.me\/khersonskaODA\/43425\" target=\"_blank\" rel=\"noreferrer nofollow\">Kherson <\/a>et <a href=\"https:\/\/t.me\/DSNS_Kharkiv\/18031\" target=\"_blank\" rel=\"noreferrer nofollow\">Kharkiv<\/a>.<\/p>\n<p>Vendredi, le pr\u00e9sident ukrainien Volodymyr Zelensky a accus\u00e9 la Russie de \u00ab\u00a0profiter\u00a0\u00bb du fait que le monde concentre son attention sur le Moyen-Orient pour intensifier ses attaques contre l&rsquo;Ukraine et cibler des installations \u00e9nerg\u00e9tiques. Il a d\u00e9clar\u00e9 : \u00ab\u00a0C&rsquo;est un nouveau record de l\u00e2chet\u00e9 de la part de la Russie : intensifier les attaques terroristes \u00e0 un tel moment, frapper la vie de notre peuple\u00a0\u00bb.<\/p>\n<p>\u00ab\u00a0Il ne peut y avoir qu&rsquo;une seule r\u00e9ponse \u00e0 cela\u00a0\u00bb, a-t-il ajout\u00e9, \u00ab\u00a0et c&rsquo;est plus de force, plus de d\u00e9fense a\u00e9rienne pour prot\u00e9ger nos infrastructures critiques et plus de pression sur la Russie pour qu&rsquo;elle soit vraiment responsable de tout ce qu&rsquo;elle fait\u00a0\u00bb.<\/p>\n<p>Le secteur de l&rsquo;\u00e9nergie est un champ de bataille essentiel depuis que la Russie a lanc\u00e9 son invasion totale il y a plus de trois ans.<\/p>\n<p>Chaque ann\u00e9e, la Russie tente de paralyser le r\u00e9seau \u00e9lectrique ukrainien avant l&rsquo;hiver, dans l&rsquo;espoir, semble-t-il, de saper le moral de la population. Les temp\u00e9ratures hivernales s&rsquo;\u00e9tendent de fin octobre \u00e0 mars, les mois de janvier et f\u00e9vrier \u00e9tant les plus froids.<\/p>\n<p>Sources additionnelles<strong> \u2022 Ukra\u00efnska Pravda<\/strong><\/p>\n","protected":false},"excerpt":{"rendered":"Par&amp;nbspEmma De Ruiter&amp;nbsp&amp;&amp;nbspSerge Duch\u00eane&amp;nbspavec&amp;nbspAP Publi\u00e9 le 11\/10\/2025 &#8211; 11:48 UTC+2 PUBLICIT\u00c9 Selon les autorit\u00e9s r\u00e9gionales, une cinquantaine de&hellip;\n","protected":false},"author":2,"featured_media":454762,"comment_status":"","ping_status":"","sticky":false,"template":"","format":"standard","meta":{"footnotes":""},"categories":[1591],"tags":[11,579,893,1887,131,3482,2025,12,23851,1885,1886,132],"class_list":{"0":"post-454761","1":"post","2":"type-post","3":"status-publish","4":"format-standard","5":"has-post-thumbnail","7":"category-russie","8":"tag-actualites","9":"tag-electricite","10":"tag-energie","11":"tag-federation-de-russie","12":"tag-guerre-en-ukraine","13":"tag-guerre-russie-ukraine","14":"tag-invasion-de-la-russie-en-ukraine","15":"tag-news","16":"tag-odessa","17":"tag-russia","18":"tag-russian-federation","19":"tag-russie"},"share_on_mastodon":{"url":"https:\/\/pubeurope.com\/@fr\/115354975054500246","error":""},"_links":{"self":[{"href":"https:\/\/www.europesays.com\/fr\/wp-json\/wp\/v2\/posts\/454761","targetHints":{"allow":["GET"]}}],"collection":[{"href":"https:\/\/www.europesays.com\/fr\/wp-json\/wp\/v2\/posts"}],"about":[{"href":"https:\/\/www.europesays.com\/fr\/wp-json\/wp\/v2\/types\/post"}],"author":[{"embeddable":true,"href":"https:\/\/www.europesays.com\/fr\/wp-json\/wp\/v2\/users\/2"}],"replies":[{"embeddable":true,"href":"https:\/\/www.europesays.com\/fr\/wp-json\/wp\/v2\/comments?post=454761"}],"version-history":[{"count":0,"href":"https:\/\/www.europesays.com\/fr\/wp-json\/wp\/v2\/posts\/454761\/revisions"}],"wp:featuredmedia":[{"embeddable":true,"href":"https:\/\/www.europesays.com\/fr\/wp-json\/wp\/v2\/media\/454762"}],"wp:attachment":[{"href":"https:\/\/www.europesays.com\/fr\/wp-json\/wp\/v2\/media?parent=454761"}],"wp:term":[{"taxonomy":"category","embeddable":true,"href":"https:\/\/www.europesays.com\/fr\/wp-json\/wp\/v2\/categories?post=454761"},{"taxonomy":"post_tag","embeddable":true,"href":"https:\/\/www.europesays.com\/fr\/wp-json\/wp\/v2\/tags?post=454761"}],"curies":[{"name":"wp","href":"https:\/\/api.w.org\/{rel}","templated":true}]}}