{"id":454763,"date":"2025-10-11T10:06:34","date_gmt":"2025-10-11T10:06:34","guid":{"rendered":"https:\/\/www.europesays.com\/fr\/454763\/"},"modified":"2025-10-11T10:06:34","modified_gmt":"2025-10-11T10:06:34","slug":"melania-trump-dit-avoir-etabli-un-canal-de-communications-avec-poutine-sur-les-enfants-ukrainiens","status":"publish","type":"post","link":"https:\/\/www.europesays.com\/fr\/454763\/","title":{"rendered":"Melania Trump dit avoir \u00e9tabli \u00ab un canal de communications \u00bb avec Poutine sur les enfants ukrainiens"},"content":{"rendered":"<p>C&rsquo;est la fin de ce live ! Merci de l&rsquo;avoir suivi<\/p>\n<p>Bonne soir\u00e9e \u00e0 toutes et \u00e0 tous. A demain.<\/p>\n<p>L&rsquo;Ukraine dit avoir r\u00e9tabli l&rsquo;\u00e9lectricit\u00e9 chez au moins 678.000 consommateurs \u00e0 Kiev<\/p>\n<p>Sur son compte Telegram, DTEK a pr\u00e9cis\u00e9 poursuivre son travail \u00e0 \u00ab r\u00e9gime soutenu \u00bb pour r\u00e9tablir le courant dans les foyers et les entreprises apr\u00e8s ces bombardements dans la nuit de jeudi \u00e0 vendredi qui ont entra\u00een\u00e9 des coupures d&rsquo;\u00e9lectricit\u00e9 d&rsquo;une ampleur rarement vue dans la capitale depuis le d\u00e9but de l&rsquo;invasion russe en 2022.<\/p>\n<p>Melania Trump dit avoir \u00e9tabli \u00ab un canal de communications \u00bb avec Poutine sur les enfants ukrainiens<\/p>\n<p>Dans une annonce faite \u00e0 la Maison Blanche, l&rsquo;\u00e9pouse du pr\u00e9sident am\u00e9ricain a d\u00e9clar\u00e9 que huit enfants avaient \u00e9t\u00e9 rendus \u00e0 leur famille ces derni\u00e8res 24 heures \u00e0 la suite de n\u00e9gociations entre son \u00e9quipe et celle du chef de l&rsquo;Etat russe. <\/p>\n<p>Melania Trump a pr\u00e9cis\u00e9 que le dialogue avait \u00e9t\u00e9 engag\u00e9 \u00e0 la suite d&rsquo;une lettre qu&rsquo;elle a adress\u00e9e \u00e0 Vladimir Poutine et avait \u00e9t\u00e9 remise par son mari au pr\u00e9sident russe lors de leur sommet en Alaska en ao\u00fbt. Ce sommet n&rsquo;avait pas permis de progresser sur la fin de la guerre d\u00e9clench\u00e9e par l&rsquo;invasion russe de l&rsquo;Ukraine en f\u00e9vrier 2022. <\/p>\n<p>\u00ab Beaucoup de choses se sont produites depuis que le pr\u00e9sident russe a re\u00e7u ma lettre en ao\u00fbt. Il a r\u00e9pondu par \u00e9crit en montrant qu&rsquo;il \u00e9tait dispos\u00e9 \u00e0 nouer le contact avec moi directement et en pr\u00e9sentant des d\u00e9tails au sujet des enfants ukrainiens habitant en Russie \u00bb, a-t-elle dit \u00e0 la presse. \u00ab Depuis lors, le pr\u00e9sident Poutine et moi-m\u00eame avons ouvert un canal de communications sur le bien-\u00eatre de ces enfants \u00bb.<\/p>\n<p>Washington veut interdire le survol de la Russie aux compagnies a\u00e9riennes chinoises<\/p>\n<p>Le survol du territoire russe pour se rendre de Chine aux \u00c9tats-Unis est \u00ab injuste \u00bb car il \u00ab procure un avantage concurrentiel \u00bb aux compagnies chinoises, affirme le document de cinq pages consult\u00e9 par l&rsquo;AFP. \u00ab La route la plus efficace pour relier certains points aux \u00c9tats-Unis et en Chine implique de survoler l&rsquo;espace a\u00e9rien russe \u00bb, rel\u00e8ve la note du minist\u00e8re am\u00e9ricain des transports.<\/p>\n<p>Cette option est avantageuse \u00ab car elle aboutit g\u00e9n\u00e9ralement \u00e0 une dur\u00e9e de vol plus courte, offrant ainsi une option plus attrayante aux voyageurs \u00bb et permet \u00ab aux op\u00e9rateurs d&rsquo;\u00e9conomiser du carburant et de r\u00e9duire d&rsquo;autres d\u00e9penses d&rsquo;exploitation \u00bb. Or la Russie a ferm\u00e9 son espace a\u00e9rien aux compagnies am\u00e9ricaines en mai 2022.<\/p>\n<p>Moscou justifie avoir frapp\u00e9 des sites \u00e9nerg\u00e9tiques alimentant \u00ab\u00a0le complexe militaro-industriel\u00a0\u00bb<\/p>\n<p>La Russie a affirm\u00e9 vendredi avoir men\u00e9 en Ukraine des frappes \u00ab massives \u00bb de missiles et de drones sur des infrastructures \u00e9nerg\u00e9tiques assurant le fonctionnement du \u00ab complexe militaro-industriel \u00bb du pays, o\u00f9 des dizaines de milliers d&rsquo;habitants \u00e9taient priv\u00e9s de courant.<\/p>\n<p>L&rsquo;arm\u00e9e a dit dans un communiqu\u00e9 avoir men\u00e9 ces frappes nocturnes en r\u00e9ponse aux attaques de Kiev \u00ab contre des installations civiles sur le territoire russe \u00bb.<\/p>\n<p>En plus de Kiev, neuf r\u00e9gions affect\u00e9es par des coupures d&rsquo;\u00e9lectricit\u00e9 ce jeudi en Ukraine<\/p>\n<p>La ville de Kiev et neuf r\u00e9gions \u00e0 travers le pays ont \u00e9t\u00e9 affect\u00e9es par des coupures d&rsquo;\u00e9lectricit\u00e9 \u00e0 la suite de massives frappes nocturnes russes ciblant le syst\u00e8me \u00e9nerg\u00e9tique ukrainien, a annonc\u00e9 le minist\u00e8re de l&rsquo;Energie.<\/p>\n<p>\u00ab \u00c0 la suite d&rsquo;une attaque massive de missiles et de drones russes (&#8230;), un nombre important de consommateurs ont \u00e9t\u00e9 priv\u00e9s d&rsquo;\u00e9lectricit\u00e9 \u00e0 Kiev \u00bb et sa r\u00e9gion ainsi que dans celles de Donetsk, Dnipropetrovsk, Tcherniguiv, Tcherkassy, Kharkiv, Soumy, Poltava et Odessa, a pr\u00e9cis\u00e9 le minist\u00e8re.<\/p>\n<p>Zelensky demande \u00e0 ses alli\u00e9s une \u00ab\u00a0action d\u00e9cisive\u00a0\u00bb pour r\u00e9pondre aux attaques russes<\/p>\n<p>Le pr\u00e9sident ukrainien Volodymyr Zelensky a appel\u00e9 vendredi ses alli\u00e9s \u00e0 r\u00e9pondre par des mesures concr\u00e8tes \u00e0 une attaque russe d&rsquo;ampleur contre les installations \u00e9nerg\u00e9tiques ukrainiennes, provoquant notamment une coupure de courant dans le secteur est de Kiev.<\/p>\n<p>\u00ab Ce qui est n\u00e9cessaire, ce ne sont pas des paroles en l&rsquo;air mais une action d\u00e9cisive \u2013 de la part des \u00c9tats-Unis, de l&rsquo;Europe et du G7 \u2013 en livrant des syst\u00e8mes de d\u00e9fense a\u00e9rienne et en appliquant des sanctions, \u00bb a d\u00e9clar\u00e9 Volodymyr Zelensky dans une d\u00e9claration en ligne, ajoutant que la Russie avait lanc\u00e9 plus de 450 drones et plus de 30 missiles lors de l&rsquo;attaque<\/p>\n<p>Un enfant de 7 ans tu\u00e9 dans une frappe russe sur Zaporijjia<\/p>\n<p>Un enfant de 7 ans est mort \u00e0 la suite de frappes russes durant la nuit de jeudi \u00e0 vendredi sur la r\u00e9gion de Zaporijjia, dans le centre de l&rsquo;Ukraine, a annonc\u00e9 le gouverneur local, Ivan Fedorov.<\/p>\n<p>\u00ab Nouvelle tragique, un gar\u00e7on de 7 ans bless\u00e9 dans une attaque nocturne russe est mort \u00e0 l&rsquo;h\u00f4pital \u00bb sans avoir pu \u00eatre r\u00e9anim\u00e9, a indiqu\u00e9 sur Telegram ce responsable, qui a par ailleurs fait \u00e9tat de trois bless\u00e9s.<\/p>\n<p>L&rsquo;est de Kiev priv\u00e9 de courant suite \u00e0 une attaque russe<\/p>\n<p>L&rsquo;est de Kiev est priv\u00e9 de courant vendredi matin \u00e0 la suite de frappes russes qui ont notamment vis\u00e9 le secteur \u00e9nerg\u00e9tique ukrainien dans la nuit, a annonc\u00e9 le maire de la capitale, Vitali Klitschko.<\/p>\n<p>\u00ab La rive gauche (orientale, ndlr) est sans \u00e9lectricit\u00e9. Il y a \u00e9galement des probl\u00e8mes sur le r\u00e9seau d&rsquo;eau \u00bb, a indiqu\u00e9 l&rsquo;\u00e9lu sur Telegram. Un journaliste de l&rsquo;AFP vivant dans cette partie de la ville a \u00e9galement constat\u00e9 l&rsquo;absence de courant et d&rsquo;eau potable.<\/p>\n<p>De multiples explosions entendues \u00e0 Kiev, le r\u00e9seau \u00e9nerg\u00e9tique vis\u00e9<\/p>\n<p>De multiples explosions ont \u00e9t\u00e9 entendues dans la nuit de jeudi \u00e0 vendredi par des journalistes de l&rsquo;AFP \u00e0 Kiev, le minist\u00e8re ukrainien de l&rsquo;Energie faisant par ailleurs \u00e9tat de frappes \u00ab massives \u00bb sur les infrastructures \u00e9nerg\u00e9tiques du pays.<\/p>\n<p>\u00ab En ce moment, les Russes infligent des frappes massives \u00e0 l&rsquo;infrastructure \u00e9nerg\u00e9tique ukrainienne \u00bb, a indiqu\u00e9 ce minist\u00e8re sur Facebook. Des journalistes de l&rsquo;AFP \u00e0 Kiev ont entendu de nombreuses explosions ainsi que le vrombissement de drones d&rsquo;attaque.<\/p>\n<p>De son c\u00f4t\u00e9, Trump a affirm\u00e9 jeudi soir qu&rsquo;il \u00ab\u00a0augmente la pression\u00a0\u00bb pour mettre fin au conflit en Ukraine<\/p>\n<p>Le pr\u00e9sident am\u00e9ricain Donald Trump a affirm\u00e9 qu&rsquo;il \u00ab augmentait la pression \u00bb pour mettre fin au conflit en Ukraine, o\u00f9 la guerre d\u00e9clench\u00e9e par l&rsquo;invasion russe continue malgr\u00e9 ses gestes envers le pr\u00e9sident russe Vladimir Poutine.<\/p>\n<p>\u00ab Oui on augmente la pression. On l&rsquo;augmente ensemble \u00bb, a r\u00e9pondu le pr\u00e9sident am\u00e9ricain \u00e0 la presse dans le Bureau Ovale en recevant le pr\u00e9sident finlandais Alexander Stubb. \u00ab On augmente tous la pression. L&rsquo;Otan a \u00e9t\u00e9 g\u00e9niale. \u00bb<\/p>\n<p>Jeudi, Volodymyr Zelensky a accus\u00e9 la Russie de \u00ab\u00a0semer le chaos\u00a0\u00bb avec ses frappes visant les infrastructures \u00e9nerg\u00e9tiques et ferroviaires<\/p>\n<p>Le pr\u00e9sident ukrainien Volodymyr Zelensky a accus\u00e9 la Russie de vouloir \u00ab semer le chaos \u00bb en Ukraine en multipliant les frappes sur les infrastructures \u00e9nerg\u00e9tiques et ferroviaires, qui ont entra\u00een\u00e9 des appels \u00e0 l\u2019\u00e9vacuation de familles avec enfants. A l\u2019approche de l\u2019hiver, Moscou a cibl\u00e9 ces derni\u00e8res semaines des installations \u00e9lectriques, gazi\u00e8res ou ferroviaires dans plusieurs r\u00e9gions de l\u2019Ukraine, faisant craindre une campagne similaire \u00e0 celle d\u2019hivers pr\u00e9c\u00e9dents, quand des millions de personnes avaient par moments \u00e9t\u00e9 plong\u00e9es dans le noir ou priv\u00e9es de chauffage.<\/p>\n<p>Bonjour \u00e0 tous et bienvenue dans ce nouveau live consacr\u00e9 \u00e0 la guerre en Ukraine<\/p>\n<p>Chaque jour, 20 Minutes fait le point en direct avec vous sur les derni\u00e8res actualit\u00e9s de la guerre en Ukraine via nos articles live comment\u00e9s. La guerre a \u00e9t\u00e9 d\u00e9clar\u00e9e avec l&rsquo;invasion du pays par la Russie dans la nuit du 23 au 24 f\u00e9vrier 2022 sur d\u00e9cision du pr\u00e9sident russe Vladimir Poutine. Ce vendredi, il s&rsquo;agit d\u00e9j\u00e0 du 1.325e jour du conflit<\/p>\n","protected":false},"excerpt":{"rendered":"C&rsquo;est la fin de ce live ! Merci de l&rsquo;avoir suivi Bonne soir\u00e9e \u00e0 toutes et \u00e0 tous.&hellip;\n","protected":false},"author":2,"featured_media":454764,"comment_status":"","ping_status":"","sticky":false,"template":"","format":"standard","meta":{"footnotes":""},"categories":[1590],"tags":[47,11,1777,674,131,4997,74,1916,12,132,220,135,134],"class_list":{"0":"post-454763","1":"post","2":"type-post","3":"status-publish","4":"format-standard","5":"has-post-thumbnail","7":"category-ukraine","8":"tag-actualite","9":"tag-actualites","10":"tag-eu","11":"tag-europe","12":"tag-guerre-en-ukraine","13":"tag-kiev-kyiv","14":"tag-monde","15":"tag-moscou","16":"tag-news","17":"tag-russie","18":"tag-ukraine","19":"tag-vladimir-poutine","20":"tag-volodymyr-zelensky"},"share_on_mastodon":{"url":"https:\/\/pubeurope.com\/@fr\/115354978546824117","error":""},"_links":{"self":[{"href":"https:\/\/www.europesays.com\/fr\/wp-json\/wp\/v2\/posts\/454763","targetHints":{"allow":["GET"]}}],"collection":[{"href":"https:\/\/www.europesays.com\/fr\/wp-json\/wp\/v2\/posts"}],"about":[{"href":"https:\/\/www.europesays.com\/fr\/wp-json\/wp\/v2\/types\/post"}],"author":[{"embeddable":true,"href":"https:\/\/www.europesays.com\/fr\/wp-json\/wp\/v2\/users\/2"}],"replies":[{"embeddable":true,"href":"https:\/\/www.europesays.com\/fr\/wp-json\/wp\/v2\/comments?post=454763"}],"version-history":[{"count":0,"href":"https:\/\/www.europesays.com\/fr\/wp-json\/wp\/v2\/posts\/454763\/revisions"}],"wp:featuredmedia":[{"embeddable":true,"href":"https:\/\/www.europesays.com\/fr\/wp-json\/wp\/v2\/media\/454764"}],"wp:attachment":[{"href":"https:\/\/www.europesays.com\/fr\/wp-json\/wp\/v2\/media?parent=454763"}],"wp:term":[{"taxonomy":"category","embeddable":true,"href":"https:\/\/www.europesays.com\/fr\/wp-json\/wp\/v2\/categories?post=454763"},{"taxonomy":"post_tag","embeddable":true,"href":"https:\/\/www.europesays.com\/fr\/wp-json\/wp\/v2\/tags?post=454763"}],"curies":[{"name":"wp","href":"https:\/\/api.w.org\/{rel}","templated":true}]}}