{"id":454789,"date":"2025-10-11T10:21:10","date_gmt":"2025-10-11T10:21:10","guid":{"rendered":"https:\/\/www.europesays.com\/fr\/454789\/"},"modified":"2025-10-11T10:21:10","modified_gmt":"2025-10-11T10:21:10","slug":"la-f1-sinvite-sur-lavenue-des-champs-elysees-a-paris-grace-a-aston-martin-racing","status":"publish","type":"post","link":"https:\/\/www.europesays.com\/fr\/454789\/","title":{"rendered":"La F1 s&rsquo;invite sur l&rsquo;Avenue des Champs Elys\u00e9es, \u00e0 Paris, gr\u00e2ce \u00e0 Aston Martin Racing !"},"content":{"rendered":"<p>C\u2019est tr\u00e8s s\u00e9rieux m\u00eame si, vous vous en doutez probablement, il ne s\u2019agit pas du lancement prochain d\u2019un Grand-Prix de F1 \u00e0 Paris ! Chose qui n\u2019arrivera probablement jamais, d\u2019ailleurs. En revanche, par le biais d\u2019un partenariat entre Boss et Aston Martin Racing, une exp\u00e9rience d\u00e9di\u00e9e \u00e0 la Formule 1 est d\u00e9sormais accessible, sur l\u2019Avenue des Champs Elys\u00e9es. Ce par l\u2019interm\u00e9diaire d\u2019une nouvelle boutique.<\/p>\n<p>F1 : aurez-vous les capacit\u00e9s de relever le d\u00e9fi ?<\/p>\n<p>Plus concr\u00e8tement, jusqu\u2019au 15 octobre prochain, les visiteurs auront le loisir de s\u2019immerger dans le monde de la F1. Car une exp\u00e9rience de r\u00e9alit\u00e9 virtuelle, soutenue par <a href=\"https:\/\/lemagjeuxhightech.com\/tag\/apple\/\" target=\"_blank\" rel=\"nofollow noopener\">Apple Vision Pro<\/a> et con\u00e7ue par EPAM Systems Inc retranscrivent les sensations de vitesse v\u00e9cues dans une v\u00e9ritable monoplace de Formule 1. Au cours de l\u2019exp\u00e9rience, vous serez guid\u00e9s par les pilotes officiels de l\u2019\u00e9curie anglaise \u00e0 savoir, Fernando Alonso et <a href=\"https:\/\/lemagsportauto.ouest-france.fr\/tag\/lance-stroll\" target=\"_blank\" rel=\"noopener\">Lance Stroll<\/a>.<\/p>\n<p>James Foster, SVP Global Marketing chez HUGO BOSS, explique l\u2019\u00e9tat d\u2019esprit de cette exp\u00e9rience, ouverte au public : \u00ab La Formule 1 est le summum de la vitesse, de la pr\u00e9cision et de la pression, un monde exaltant que peu de gens ont l\u2019occasion de d\u00e9couvrir de premi\u00e8re main. Gr\u00e2ce \u00e0 cette exp\u00e9rience spatiale extraordinaire, que nous avons cr\u00e9\u00e9e avec l\u2019\u00e9quipe de Formule 1\u2122 Aston Martin Aramco, nous faisons tomber les barri\u00e8res. Nous ne simulons pas une course ; nous transportons les fans dans un \u00e9tat d\u2019esprit BOSS absolu\u201c.<\/p>\n<p>Seront \u00e9galement au programme de cette exp\u00e9rience hors du commun, des exercices de ciblage visuel de pr\u00e9cision ou encore, des puzzles spatiaux en 3D, directement inspir\u00e9s par la strat\u00e9gie de course. Le but, solliciter vos capacit\u00e9s de concentration mais aussi, vos r\u00e9flexes. Pour conclure l\u2019exp\u00e9rience, vous serez immerg\u00e9 dans un tour d\u2019essai, agr\u00e9ment\u00e9 des vrombissement du moteur Mercedes de l\u2019AMR25. Car, pour m\u00e9moire, le bloc allemand propulse l\u2019Aston Martin, pour la derni\u00e8re fois cette saison. Avant le passage avec Honda, d\u00e8s 2026.<\/p>\n<p>Rob Bloom, le directeur du marketing d\u2019Aston Martin Aramco F1, pr\u00e9cise : \u00ab Moins de 1 % des fans ont fait l\u2019exp\u00e9rience de ce sport en personne. Aujourd\u2019hui, les fans peuvent voir, ressentir et s\u2019immerger dans l\u2019action comme jamais auparavant.\u201d<\/p>\n<p>Balazs Fejes, PDG et pr\u00e9sident d\u2019EPAM, nous en dit davantage sur le concept : \u00ab Nous ne nous contentons pas de cr\u00e9er des moments. Nous red\u00e9finissons l\u2019intersection de la mode haut de gamme, du sport et de la technologie\u201c.<\/p>\n<p>Et votre curiosit\u00e9 est titill\u00e9e, nous vous proposons de visualiser le r\u00e9sultat avec cette vid\u00e9o, qui donne un aper\u00e7u plus concret de l\u2019exp\u00e9rience que vous allez, peut-\u00eatre, vivre\u2026<\/p>\n<\/p>\n<blockquote class=\"twitter-tweet\">\n<p dir=\"ltr\" lang=\"en\">Taking over in Singapore.<\/p>\n<p>We showed up across the <a href=\"https:\/\/twitter.com\/hashtag\/SingaporeGP?src=hash&amp;ref_src=twsrc%5Etfw\" target=\"_blank\" rel=\"noopener\">#SingaporeGP<\/a> with our partners to immerse, educate, and light up the Lion City.<\/p>\n<p>Skilfully crafted. Enjoy responsibly. Never drink and drive. <a href=\"https:\/\/t.co\/enxMyJohw0\">pic.twitter.com\/enxMyJohw0<\/a><\/p>\n<p>\u2014 Aston Martin Aramco F1 Team (@AstonMartinF1) <a href=\"https:\/\/twitter.com\/AstonMartinF1\/status\/1975194196375191815?ref_src=twsrc%5Etfw\" target=\"_blank\" rel=\"noopener\">October 6, 2025<\/a><\/p>\n<\/blockquote>\n<p>Aston Martin F1 : une nouvelle \u00e8re, en 2026<\/p>\n<p>C\u00f4t\u00e9 F1, Aston Martin Racing verra de profonds changements s\u2019op\u00e9rer, \u00e0 partir de la saison prochaine. Afin de saisir l\u2019opportunit\u00e9 de la nouvelle r\u00e8glementation moteur et ch\u00e2ssis, l\u2019\u00e9quipe britannique s\u2019est dot\u00e9 du meilleur ing\u00e9nieur-designer de la cat\u00e9gorie reine \u00e0 savoir, Adrian Newey. Transfuge de chez Red Bull Racing, il a consid\u00e9rablement contribu\u00e9 aux succ\u00e8s de l\u2019\u00e9quipe autrichienne ces derni\u00e8res ann\u00e9es. Tant au cours de l\u2019\u00e8re Max Verstappen que de celle de Sebastian Vettl.<\/p>\n<p>En outre, l\u2019\u00e9quipe en question troquera son moteur Mercedes contre un Honda, lui aussi d\u00e9cisif dans l\u2019acquisition des titres de Red Bull en F1, lors des derni\u00e8res ann\u00e9es. De quoi passer un cap et se battre \u00e0 l\u2019avant du peloton, pour r\u00e9colter podium, victoires et peut-\u00eatre m\u00eame, titres de champion du monde. Avec un \u00e9l\u00e9ment tel Fernando Alonso dans ses rangs, le Team en question semble bien arm\u00e9 pour atteindre ses objectifs.<\/p>\n<p>Article publi\u00e9 \u00e0 11h50, le 11\/10\/2025<\/p>\n<p>                                                            <script async src=\"https:\/\/platform.twitter.com\/widgets.js\" charset=\"utf-8\"><\/script><\/p>\n","protected":false},"excerpt":{"rendered":"C\u2019est tr\u00e8s s\u00e9rieux m\u00eame si, vous vous en doutez probablement, il ne s\u2019agit pas du lancement prochain d\u2019un&hellip;\n","protected":false},"author":2,"featured_media":454790,"comment_status":"","ping_status":"","sticky":false,"template":"","format":"standard","meta":{"footnotes":""},"categories":[1412],"tags":[1709,1451,1452,1453,1454,1455,1011,27,60],"class_list":{"0":"post-454789","1":"post","2":"type-post","3":"status-publish","4":"format-standard","5":"has-post-thumbnail","7":"category-f1","8":"tag-aston-martin","9":"tag-f1","10":"tag-formula-1","11":"tag-formula1","12":"tag-formule-1","13":"tag-formule1","14":"tag-fr","15":"tag-france","16":"tag-sports"},"share_on_mastodon":{"url":"https:\/\/pubeurope.com\/@fr\/115355037452255036","error":""},"_links":{"self":[{"href":"https:\/\/www.europesays.com\/fr\/wp-json\/wp\/v2\/posts\/454789","targetHints":{"allow":["GET"]}}],"collection":[{"href":"https:\/\/www.europesays.com\/fr\/wp-json\/wp\/v2\/posts"}],"about":[{"href":"https:\/\/www.europesays.com\/fr\/wp-json\/wp\/v2\/types\/post"}],"author":[{"embeddable":true,"href":"https:\/\/www.europesays.com\/fr\/wp-json\/wp\/v2\/users\/2"}],"replies":[{"embeddable":true,"href":"https:\/\/www.europesays.com\/fr\/wp-json\/wp\/v2\/comments?post=454789"}],"version-history":[{"count":0,"href":"https:\/\/www.europesays.com\/fr\/wp-json\/wp\/v2\/posts\/454789\/revisions"}],"wp:featuredmedia":[{"embeddable":true,"href":"https:\/\/www.europesays.com\/fr\/wp-json\/wp\/v2\/media\/454790"}],"wp:attachment":[{"href":"https:\/\/www.europesays.com\/fr\/wp-json\/wp\/v2\/media?parent=454789"}],"wp:term":[{"taxonomy":"category","embeddable":true,"href":"https:\/\/www.europesays.com\/fr\/wp-json\/wp\/v2\/categories?post=454789"},{"taxonomy":"post_tag","embeddable":true,"href":"https:\/\/www.europesays.com\/fr\/wp-json\/wp\/v2\/tags?post=454789"}],"curies":[{"name":"wp","href":"https:\/\/api.w.org\/{rel}","templated":true}]}}