{"id":454793,"date":"2025-10-11T10:23:09","date_gmt":"2025-10-11T10:23:09","guid":{"rendered":"https:\/\/www.europesays.com\/fr\/454793\/"},"modified":"2025-10-11T10:23:09","modified_gmt":"2025-10-11T10:23:09","slug":"le-reve-fou-de-linter-miami-avec-neymar","status":"publish","type":"post","link":"https:\/\/www.europesays.com\/fr\/454793\/","title":{"rendered":"Le r\u00eave fou de l\u2019Inter Miami avec Neymar"},"content":{"rendered":"<p>L\u2019Inter Miami s\u2019appr\u00eate \u00e0 conna\u00eetre pas mal de changements ces prochaines semaines. \u00c0 la fin de cette saison, la franchise floridienne dira adieu \u00e0 Sergio Busquets et Jordi Alba. Les deux l\u00e9gendes du Bar\u00e7a ont d\u00e9cid\u00e9 qu\u2019il \u00e9tait temps de raccrocher les crampons apr\u00e8s une derni\u00e8re pige aux \u00c9tats-Unis en compagnie de <a href=\"https:\/\/www.footmercato.net\/joueur\/lionel-messi\/\" rel=\"nofollow noopener\" target=\"_blank\">Lionel Messi<\/a> et de Luis Suarez.<\/p>\n<p>            La suite apr\u00e8s cette publicit\u00e9<\/p>\n<p>Il laisse donc deux places vacantes de \u00ab\u00a0Designated Player\u00a0\u00bb dans l\u2019effectif, ces fameux cas qui n\u2019entrent pas dans le salary cap d\u2019une franchise. Cela permet d\u2019attirer plus de stars en <a href=\"https:\/\/www.footmercato.net\/etats-unis\/major-league-soccer\/\" rel=\"nofollow noopener\" target=\"_blank\">Major League Soccer<\/a>, notamment les \u00e9l\u00e9ments en fin de carri\u00e8re souhaitant signer un dernier beau contrat en vivant une exp\u00e9rience diff\u00e9rente, tout en faisant la promotion du soccer aux USA.<\/p>\n<p>            La suite apr\u00e8s cette publicit\u00e9<\/p>\n<p>        L\u2019Inter Miami veut reformer la MSN<\/p>\n<p>Pour remplacer Alba, <a href=\"https:\/\/www.footmercato.net\/a3881583911936482884-inter-miami-un-ancien-du-real-madrid-bientot-aux-cotes-de-lionel-messi\" rel=\"nofollow noopener\" target=\"_blank\">Sergio Reguilon a d\u2019ores et d\u00e9j\u00e0 \u00e9t\u00e9 verrouill\u00e9<\/a>. Libre, il est attendu dans les prochaines heures. Pour Busquets, une liste de joueurs potentiels a \u00e9t\u00e9 dress\u00e9e mais rien n\u2019est encore arr\u00eat\u00e9 car l\u2019Inter Miami s\u2019est mis une id\u00e9e folle en t\u00eate. D\u2019apr\u00e8s le <a href=\"https:\/\/www.dailymail.co.uk\/sport\/football\/article-15182221\/Inter-Miami-Neymar-Lionel-Messi-Luis-Suarez-MLS.html\" rel=\"nofollow noopener\" target=\"_blank\">Daily Mail<\/a>, le club de David Beckham souhaite faire venir <a href=\"https:\/\/www.footmercato.net\/joueur\/neymar\/\" rel=\"nofollow noopener\" target=\"_blank\">Neymar<\/a> pour l\u2019associer \u00e0 nouveau avec ses anciens partenaires du Bar\u00e7a : Messi et Suarez. <\/p>\n<p>La publication anglaise explique que le Br\u00e9silien a \u00e9t\u00e9 propos\u00e9 \u00e0 la franchise am\u00e9ricaine car il est bient\u00f4t libre lui aussi. Revenu en grandes pompes \u00e0 Santos en janvier dernier pour un contrat de six mois, il en a profit\u00e9 pour r\u00e9silier du c\u00f4t\u00e9 d\u2019Al-Hilal. Depuis, le num\u00e9ro dix a prolong\u00e9 jusqu\u2019en d\u00e9cembre mais apr\u00e8s cela, il pourrait rebondir o\u00f9 bon lui semble. <\/p>\n<p>            La suite apr\u00e8s cette publicit\u00e9<\/p>\n<p>        Objectif Mondial 2026 pour Neymar<\/p>\n<p>S\u2019il n\u2019y a pas encore de contacts officiels entre les deux parties, les repr\u00e9sentants de Neymar affirment qu\u2019un accord est possible. \u00c0 33 ans, et alors qu\u2019il est r\u00e9guli\u00e8rement bless\u00e9, \u00e0 l\u2019ischio notamment, l\u2019ancien Parisien privil\u00e9giera le cadre sportif o\u00f9 il aura le plaisir de jouer. Il poss\u00e8de un dernier objectif, retrouver la s\u00e9lection pour disputer sa 4e Coupe du Monde, organis\u00e9e en partie aux \u00c9tats-Unis qui plus est, et reformer la MSN du temps du Bar\u00e7a serait un \u00e9l\u00e9ment de motivation tout trouv\u00e9.<\/p>\n<p>\n    Pub. le 11\/10\/2025 12:00<br \/>\n            &#8211; MAJ le 11\/10\/2025 12:10\n    <\/p>\n","protected":false},"excerpt":{"rendered":"L\u2019Inter Miami s\u2019appr\u00eate \u00e0 conna\u00eetre pas mal de changements ces prochaines semaines. \u00c0 la fin de cette saison,&hellip;\n","protected":false},"author":2,"featured_media":454794,"comment_status":"","ping_status":"","sticky":false,"template":"","format":"standard","meta":{"footnotes":""},"categories":[1410],"tags":[63,1011,27,60],"class_list":{"0":"post-454793","1":"post","2":"type-post","3":"status-publish","4":"format-standard","5":"has-post-thumbnail","7":"category-football","8":"tag-football","9":"tag-fr","10":"tag-france","11":"tag-sports"},"share_on_mastodon":{"url":"https:\/\/pubeurope.com\/@fr\/115355045339507997","error":""},"_links":{"self":[{"href":"https:\/\/www.europesays.com\/fr\/wp-json\/wp\/v2\/posts\/454793","targetHints":{"allow":["GET"]}}],"collection":[{"href":"https:\/\/www.europesays.com\/fr\/wp-json\/wp\/v2\/posts"}],"about":[{"href":"https:\/\/www.europesays.com\/fr\/wp-json\/wp\/v2\/types\/post"}],"author":[{"embeddable":true,"href":"https:\/\/www.europesays.com\/fr\/wp-json\/wp\/v2\/users\/2"}],"replies":[{"embeddable":true,"href":"https:\/\/www.europesays.com\/fr\/wp-json\/wp\/v2\/comments?post=454793"}],"version-history":[{"count":0,"href":"https:\/\/www.europesays.com\/fr\/wp-json\/wp\/v2\/posts\/454793\/revisions"}],"wp:featuredmedia":[{"embeddable":true,"href":"https:\/\/www.europesays.com\/fr\/wp-json\/wp\/v2\/media\/454794"}],"wp:attachment":[{"href":"https:\/\/www.europesays.com\/fr\/wp-json\/wp\/v2\/media?parent=454793"}],"wp:term":[{"taxonomy":"category","embeddable":true,"href":"https:\/\/www.europesays.com\/fr\/wp-json\/wp\/v2\/categories?post=454793"},{"taxonomy":"post_tag","embeddable":true,"href":"https:\/\/www.europesays.com\/fr\/wp-json\/wp\/v2\/tags?post=454793"}],"curies":[{"name":"wp","href":"https:\/\/api.w.org\/{rel}","templated":true}]}}