{"id":454796,"date":"2025-10-11T10:25:12","date_gmt":"2025-10-11T10:25:12","guid":{"rendered":"https:\/\/www.europesays.com\/fr\/454796\/"},"modified":"2025-10-11T10:25:12","modified_gmt":"2025-10-11T10:25:12","slug":"humeurs-dautomne-par-philipe-trias","status":"publish","type":"post","link":"https:\/\/www.europesays.com\/fr\/454796\/","title":{"rendered":"\u00ab\u00a0Humeurs d\u2019automne\u00a0\u00bb par Philipe Trias"},"content":{"rendered":"<p>L\u2019automne s\u2019installe et avec elle, une atmosph\u00e8re particuli\u00e8re. C\u2019est ce que notre photographe Philippe Trias a voulu repr\u00e9senter dans une nouvelle exposition qui sera ouverte au public, dans nos locaux du Progr\u00e8s, \u00e0 partir de ce lundi 13\u00a0octobre.<\/p>\n<p>Sur les murs blancs, les couleurs sont chaudes, la lumi\u00e8re se faufile \u00e0 travers la brume du matin. La fra\u00eecheur s\u2019installe, le ciel est orageux. Notre photographe a s\u00e9lectionn\u00e9 27 photos de sa collection pour illustrer de diff\u00e9rentes fa\u00e7ons la saison.<\/p>\n<p>Ce contenu est bloqu\u00e9 car vous n&rsquo;avez pas accept\u00e9 les cookies et autres traceurs.<\/p>\n<p>En cliquant sur \u00ab J\u2019accepte \u00bb, les cookies et autres traceurs seront d\u00e9pos\u00e9s et vous pourrez visualiser les contenus  (<a href=\"\" class=\"consentModule_policy\" target=\"_blank\" title=\"Consulter la politique de protection des donn\u00e9es du fournisseur\">plus d&rsquo;informations<\/a>).<\/p>\n<p>En cliquant sur \u00ab J\u2019accepte tous les cookies \u00bb, vous autorisez des d\u00e9p\u00f4ts de cookies et autres traceurs pour le stockage de vos donn\u00e9es sur nos sites et applications \u00e0 des fins de personnalisation et de ciblage publicitaire.<\/p>\n<p class=\"consentModule_secondaryText\">Vous gardez la possibilit\u00e9 de retirer votre consentement \u00e0 tout moment en consultant notre <a href=\"https:\/\/www.leprogres.fr\/protection-des-donnees\" target=\"_blank\" title=\"Consulter notre politique de protection des donn\u00e9es\" rel=\"nofollow noopener\">politique de protection des donn\u00e9es<\/a>. <br \/>&#13;<br \/>\n            <a href=\"https:\/\/www.leprogres.fr\/environnement\/2025\/10\/11\/javascript:Didomi.notice.show()\" class=\"consentModule_cmp\" rel=\"nofollow noopener\" target=\"_blank\">G\u00e9rer mes choix<\/a>&#13;\n        <\/p>\n<p>&#13;<br \/>\n                        J&rsquo;accepte&#13;<br \/>\n            J&rsquo;accepte tous les cookies&#13;\n        <\/p>\n<p>  D\u00e9j\u00e0 plus de 1\u00a0500 visiteurs<\/p>\n<p>Chaque photo raconte une histoire. Un petit livret a \u00e9t\u00e9 \u00e9dit\u00e9 pour comprendre les secrets de chaque photo et comprendre ce que le <a href=\"https:\/\/www.leprogres.fr\/d\/l-oeil-de-notre-photographe-dans-le-jura-d590a334-e4a8-4d3d-ac4b-779f420b2545\" target=\"_blank\" rel=\"nofollow noopener\">photographe a voulu exprimer<\/a>. Depuis janvier\u00a02023, plusieurs expositions se sont succ\u00e9d\u00e9 dans nos locaux. D\u00e9j\u00e0 plus de 1\u00a0500 visiteurs sont venus d\u00e9couvrir <a href=\"https:\/\/www.leprogres.fr\/d\/l-oeil-de-notre-photographe-dans-le-jura-d590a334-e4a8-4d3d-ac4b-779f420b2545\" target=\"_blank\" rel=\"nofollow noopener\">le fruit de son travail<\/a>. Parce qu\u2019il est plus que jamais important de rappeler que malgr\u00e9 l\u2019av\u00e8nement des smartphones et des applications comme Instagram, on ne s\u2019improvise pas photographe. Et encore moins photographe de presse.<\/p>\n<p class=\"note\">L\u2019exposition sera visible dans locaux du Progr\u00e8s, 5 rue Pasteur, \u00e0 partir de ce lundi 13\u00a0octobre, tous les jours sauf le samedi et le dimanche, de 9 heures \u00e0 midi et de 13\u00a0h\u00a030 \u00e0 17\u00a0heures.<\/p>\n","protected":false},"excerpt":{"rendered":"L\u2019automne s\u2019installe et avec elle, une atmosph\u00e8re particuli\u00e8re. C\u2019est ce que notre photographe Philippe Trias a voulu repr\u00e9senter&hellip;\n","protected":false},"author":2,"featured_media":454797,"comment_status":"","ping_status":"","sticky":false,"template":"","format":"standard","meta":{"footnotes":""},"categories":[1358],"tags":[1348,1384,1385,1687,1386,58,2274,59,436,2271,1011,27,1826,3352,8423],"class_list":{"0":"post-454796","1":"post","2":"type-post","3":"status-publish","4":"format-standard","5":"has-post-thumbnail","7":"category-arts-et-design","8":"tag-arts","9":"tag-arts-and-design","10":"tag-arts-et-design","11":"tag-culture-loisirs","12":"tag-design","13":"tag-divertissement","14":"tag-edition-jura-sud","15":"tag-entertainment","16":"tag-environnement","17":"tag-exposition-arts-plastiques","18":"tag-fr","19":"tag-france","20":"tag-jura","21":"tag-lons-le-saunier","22":"tag-meteorologie-climat"},"share_on_mastodon":{"url":"https:\/\/pubeurope.com\/@fr\/115355053260325293","error":""},"_links":{"self":[{"href":"https:\/\/www.europesays.com\/fr\/wp-json\/wp\/v2\/posts\/454796","targetHints":{"allow":["GET"]}}],"collection":[{"href":"https:\/\/www.europesays.com\/fr\/wp-json\/wp\/v2\/posts"}],"about":[{"href":"https:\/\/www.europesays.com\/fr\/wp-json\/wp\/v2\/types\/post"}],"author":[{"embeddable":true,"href":"https:\/\/www.europesays.com\/fr\/wp-json\/wp\/v2\/users\/2"}],"replies":[{"embeddable":true,"href":"https:\/\/www.europesays.com\/fr\/wp-json\/wp\/v2\/comments?post=454796"}],"version-history":[{"count":0,"href":"https:\/\/www.europesays.com\/fr\/wp-json\/wp\/v2\/posts\/454796\/revisions"}],"wp:featuredmedia":[{"embeddable":true,"href":"https:\/\/www.europesays.com\/fr\/wp-json\/wp\/v2\/media\/454797"}],"wp:attachment":[{"href":"https:\/\/www.europesays.com\/fr\/wp-json\/wp\/v2\/media?parent=454796"}],"wp:term":[{"taxonomy":"category","embeddable":true,"href":"https:\/\/www.europesays.com\/fr\/wp-json\/wp\/v2\/categories?post=454796"},{"taxonomy":"post_tag","embeddable":true,"href":"https:\/\/www.europesays.com\/fr\/wp-json\/wp\/v2\/tags?post=454796"}],"curies":[{"name":"wp","href":"https:\/\/api.w.org\/{rel}","templated":true}]}}