{"id":454798,"date":"2025-10-11T10:26:11","date_gmt":"2025-10-11T10:26:11","guid":{"rendered":"https:\/\/www.europesays.com\/fr\/454798\/"},"modified":"2025-10-11T10:26:11","modified_gmt":"2025-10-11T10:26:11","slug":"les-trois-coups-de-coeur-du-mois-doctobre-des-libraires-cassidains","status":"publish","type":"post","link":"https:\/\/www.europesays.com\/fr\/454798\/","title":{"rendered":"les trois coups de c\u0153ur du mois d&rsquo;octobre des libraires Cassidains"},"content":{"rendered":"<p>Ce dimanche, Julien Mosca et Thomas Lefort, cog\u00e9rants de <a href=\"https:\/\/www.laprovence.com\/article\/culture-loisirs\/3121005704469314\/apres-des-travaux-la-librairie-preambule-de-cassis-rouvre-ses-portes-avec-de-nouveaux-proprietaires\" target=\"_blank\" rel=\"noopener\">la librairie Pr\u00e9ambule<\/a> bas\u00e9e rue Pierre Eydin \u00e0 <a href=\"https:\/\/www.laprovence.com\/bouches-du-rhone\/cassis-13022\" target=\"_blank\" rel=\"noopener\">Cassis<\/a>, livrent \u00e0 La Provence leurs coups de c\u0153ur \u00e0 d\u00e9vorer en ce mois d\u2019octobre.<\/p>\n<p>\u00ab\u00a0Le Monde est fatigu\u00e9\u00a0\u00bb de Joseph Incardona, chez Finitude<\/p>\n<p>Le monde est fatigu\u00e9 de Joseph Incardona, c\u2019est l\u2019histoire d\u2019\u00c8ve, rescap\u00e9e d\u2019un grave accident de la route devenue sir\u00e8ne professionnelle qui nage dans des aquariums pour amuser les ultra-riches. \u00ab\u00a0L\u2019h\u00e9ro\u00efne transforme sa trag\u00e9die en quelque chose de f\u00e9erique. Pourtant, elle est totalement d\u00e9sabus\u00e9e et la seule chose qui la maintient en vie, c\u2019est de r\u00e9aliser son plan secret\u00a0\u00bb, d\u00e9taille Julien.<\/p>\n<p>Publi\u00e9 le 22\u00a0ao\u00fbt\u00a02025 aux \u00e9ditions Finitude, l\u2019ouvrage met en sc\u00e8ne cette protagoniste anim\u00e9e par un d\u00e9sir de vengeance ainsi qu\u2019un d\u00e9tective priv\u00e9 au pass\u00e9 tout aussi tragique. \u00ab\u00a0L\u2019\u00e9criture est tr\u00e8s rythm\u00e9e et brute. On ressent vraiment cet \u00e9puisement de notre monde contemporain que le titre \u00e9voque. On flotte dans une atmosph\u00e8re \u00e0 la fois onirique et cynique o\u00f9 les deux personnages principaux sont r\u00e9unis par leur d\u00e9tresse.\u00a0\u00bb<\/p>\n<p>\u00ab\u00a0Toutes les vies\u00a0\u00bb de Rebeka Warrior, chez Stock<\/p>\n<p>Dans son premier roman, Toutes les vies, la chanteuse <a href=\"https:\/\/www.laprovence.com\/article\/culture-loisirs\/4535040251224914\/on-a-vu-kompromat-messe-technoide-et-torride-a-l-espace-julien\" target=\"_blank\" rel=\"noopener\">Rebeka Warrior<\/a> livre une exp\u00e9ri&#8230;<\/p>\n","protected":false},"excerpt":{"rendered":"Ce dimanche, Julien Mosca et Thomas Lefort, cog\u00e9rants de la librairie Pr\u00e9ambule bas\u00e9e rue Pierre Eydin \u00e0 Cassis,&hellip;\n","protected":false},"author":2,"featured_media":454799,"comment_status":"","ping_status":"","sticky":false,"template":"","format":"standard","meta":{"footnotes":""},"categories":[1357],"tags":[17,1379,6521,854,251,58026,58,59,1011,27,151,1380,2561,1100],"class_list":{"0":"post-454798","1":"post","2":"type-post","3":"status-publish","4":"format-standard","5":"has-post-thumbnail","7":"category-livres","8":"tag-17","9":"tag-books","10":"tag-coeur","11":"tag-coups","12":"tag-culture","13":"tag-doctobre","14":"tag-divertissement","15":"tag-entertainment","16":"tag-fr","17":"tag-france","18":"tag-les","19":"tag-livres","20":"tag-mois","21":"tag-trois"},"share_on_mastodon":{"url":"https:\/\/pubeurope.com\/@fr\/115355057148099777","error":""},"_links":{"self":[{"href":"https:\/\/www.europesays.com\/fr\/wp-json\/wp\/v2\/posts\/454798","targetHints":{"allow":["GET"]}}],"collection":[{"href":"https:\/\/www.europesays.com\/fr\/wp-json\/wp\/v2\/posts"}],"about":[{"href":"https:\/\/www.europesays.com\/fr\/wp-json\/wp\/v2\/types\/post"}],"author":[{"embeddable":true,"href":"https:\/\/www.europesays.com\/fr\/wp-json\/wp\/v2\/users\/2"}],"replies":[{"embeddable":true,"href":"https:\/\/www.europesays.com\/fr\/wp-json\/wp\/v2\/comments?post=454798"}],"version-history":[{"count":0,"href":"https:\/\/www.europesays.com\/fr\/wp-json\/wp\/v2\/posts\/454798\/revisions"}],"wp:featuredmedia":[{"embeddable":true,"href":"https:\/\/www.europesays.com\/fr\/wp-json\/wp\/v2\/media\/454799"}],"wp:attachment":[{"href":"https:\/\/www.europesays.com\/fr\/wp-json\/wp\/v2\/media?parent=454798"}],"wp:term":[{"taxonomy":"category","embeddable":true,"href":"https:\/\/www.europesays.com\/fr\/wp-json\/wp\/v2\/categories?post=454798"},{"taxonomy":"post_tag","embeddable":true,"href":"https:\/\/www.europesays.com\/fr\/wp-json\/wp\/v2\/tags?post=454798"}],"curies":[{"name":"wp","href":"https:\/\/api.w.org\/{rel}","templated":true}]}}