{"id":454808,"date":"2025-10-11T10:31:10","date_gmt":"2025-10-11T10:31:10","guid":{"rendered":"https:\/\/www.europesays.com\/fr\/454808\/"},"modified":"2025-10-11T10:31:10","modified_gmt":"2025-10-11T10:31:10","slug":"le-taux-de-masse-graisseuse-de-florian-thauvin-a-bluffe-le-staff-des-bleus","status":"publish","type":"post","link":"https:\/\/www.europesays.com\/fr\/454808\/","title":{"rendered":"Le taux de masse graisseuse de Florian Thauvin a bluff\u00e9 le staff des Bleus"},"content":{"rendered":"<p>Six ans apr\u00e8s sa derni\u00e8re apparition en \u00e9quipe de <a href=\"https:\/\/www.footmercato.net\/selection\/france\/\" rel=\"nofollow noopener\" target=\"_blank\">France<\/a>, <a href=\"https:\/\/www.footmercato.net\/joueur\/florian-thauvin\/\" rel=\"nofollow noopener\" target=\"_blank\">Florian Thauvin<\/a> a v\u00e9cu un retour aussi inattendu que r\u00e9ussi en inscrivant un but seulement 70 secondes apr\u00e8s son entr\u00e9e en jeu face \u00e0 l\u2019Azerba\u00efdjan (3-0), vendredi. \u00c0 32 ans, le champion du monde 2018 a honor\u00e9 sa 11e s\u00e9lection dans un contexte o\u00f9 peu l\u2019attendaient, rempla\u00e7ant Kylian Mbapp\u00e9 en fin de match pour \u00e9crire un nouveau chapitre avec les Bleus.<\/p>\n<p>            La suite apr\u00e8s cette publicit\u00e9<\/p>\n<p>Selon L\u2019\u00c9quipe, l\u2019ancien Marseillais avait d\u00e9j\u00e0 impressionn\u00e9 le staff tricolore avant m\u00eame la rencontre, notamment gr\u00e2ce \u00e0 sa condition physique et \u00e0 un taux de masse grasse de seulement 7,5\u202f% d\u00e8s son arriv\u00e9e \u00e0 Clairefontaine. Appliqu\u00e9, souriant, volontaire \u00e0 l\u2019entra\u00eenement, Thauvin a montr\u00e9 qu\u2019il souhaitait transmettre une \u00e9nergie positive et s\u2019imposer comme un relais entre g\u00e9n\u00e9rations. Le staff a red\u00e9couvert un joueur plus mature, tourn\u00e9 vers les autres, et encore pleinement capable de performer au haut niveau. De quoi envisager une place dans la liste de Didier Deschamps pour la Coupe du Monde ?<\/p>\n<p>\n    Pub. le 11\/10\/2025 11:18<br \/>\n            &#8211; MAJ le 11\/10\/2025 12:26\n    <\/p>\n","protected":false},"excerpt":{"rendered":"Six ans apr\u00e8s sa derni\u00e8re apparition en \u00e9quipe de France, Florian Thauvin a v\u00e9cu un retour aussi inattendu&hellip;\n","protected":false},"author":2,"featured_media":454809,"comment_status":"","ping_status":"","sticky":false,"template":"","format":"standard","meta":{"footnotes":""},"categories":[9],"tags":[1011,27,60],"class_list":{"0":"post-454808","1":"post","2":"type-post","3":"status-publish","4":"format-standard","5":"has-post-thumbnail","7":"category-sports","8":"tag-fr","9":"tag-france","10":"tag-sports"},"share_on_mastodon":{"url":"https:\/\/pubeurope.com\/@fr\/115355077052752672","error":""},"_links":{"self":[{"href":"https:\/\/www.europesays.com\/fr\/wp-json\/wp\/v2\/posts\/454808","targetHints":{"allow":["GET"]}}],"collection":[{"href":"https:\/\/www.europesays.com\/fr\/wp-json\/wp\/v2\/posts"}],"about":[{"href":"https:\/\/www.europesays.com\/fr\/wp-json\/wp\/v2\/types\/post"}],"author":[{"embeddable":true,"href":"https:\/\/www.europesays.com\/fr\/wp-json\/wp\/v2\/users\/2"}],"replies":[{"embeddable":true,"href":"https:\/\/www.europesays.com\/fr\/wp-json\/wp\/v2\/comments?post=454808"}],"version-history":[{"count":0,"href":"https:\/\/www.europesays.com\/fr\/wp-json\/wp\/v2\/posts\/454808\/revisions"}],"wp:featuredmedia":[{"embeddable":true,"href":"https:\/\/www.europesays.com\/fr\/wp-json\/wp\/v2\/media\/454809"}],"wp:attachment":[{"href":"https:\/\/www.europesays.com\/fr\/wp-json\/wp\/v2\/media?parent=454808"}],"wp:term":[{"taxonomy":"category","embeddable":true,"href":"https:\/\/www.europesays.com\/fr\/wp-json\/wp\/v2\/categories?post=454808"},{"taxonomy":"post_tag","embeddable":true,"href":"https:\/\/www.europesays.com\/fr\/wp-json\/wp\/v2\/tags?post=454808"}],"curies":[{"name":"wp","href":"https:\/\/api.w.org\/{rel}","templated":true}]}}