{"id":454810,"date":"2025-10-11T10:32:12","date_gmt":"2025-10-11T10:32:12","guid":{"rendered":"https:\/\/www.europesays.com\/fr\/454810\/"},"modified":"2025-10-11T10:32:12","modified_gmt":"2025-10-11T10:32:12","slug":"dans-cauchemar-en-cuisine-philippe-etchebest-contraint-a-prendre-une-decision-inedite","status":"publish","type":"post","link":"https:\/\/www.europesays.com\/fr\/454810\/","title":{"rendered":"Dans \u00ab\u00a0Cauchemar en cuisine\u00a0\u00bb, Philippe Etchebest contraint \u00e0 prendre une d\u00e9cision in\u00e9dite"},"content":{"rendered":"<p>        <img decoding=\"async\" loading=\"lazy\" src=\"https:\/\/www.europesays.com\/fr\/wp-content\/uploads\/2025\/10\/550a2f1_upload-1-huebfoijwepl-capture-d-a-cran-2025-10-11-093321.png\"  width=\"728\" height=\"409\" alt=\"Dans un nouvel \u00e9pisode de \u00ab\u00a0Cauchemar en cuisine\u00a0\u00bb sur M6, Philippe Etchebest a pris la d\u00e9cision de partir de mani\u00e8re tr\u00e8s pr\u00e9matur\u00e9e.\"\/>  <\/p>\n<p>PIERRE OLIVIER\/M6<\/p>\n<p>Dans un nouvel \u00e9pisode de \u00ab\u00a0Cauchemar en cuisine\u00a0\u00bb sur M6, Philippe Etchebest a pris la d\u00e9cision de partir de mani\u00e8re tr\u00e8s pr\u00e9matur\u00e9e.<\/p>\n<p class=\"asset asset-text\">T\u00c9L\u00c9VISION &#8211; Si le chef Etchebest avait \u00e9t\u00e9 le premier surpris de d\u00e9couvrir une cuisine impeccable il y a quelques \u00e9pisodes, cette fois il n\u2019aura m\u00eame pas eu l\u2019occasion de la visiter dans les r\u00e8gles de l\u2019art. Car lors de la diffusion d\u2019un nouvel \u00e9pisode in\u00e9dit de <a href=\"https:\/\/www.huffingtonpost.fr\/medias\/article\/dans-cauchemar-en-cuisine-un-couple-de-restauratrices-victime-d-homophobie_99749.html\" rel=\"nofollow noopener\" target=\"_blank\">Cauchemar en cuisine<\/a> sur M6, <a href=\"https:\/\/www.huffingtonpost.fr\/culture\/article\/ca-me-fait-chier-pourquoi-the-bear-n-est-pas-vraiment-du-gout-de-philippe-etchebest_250635.html\" rel=\"nofollow noopener\" target=\"_blank\">Philippe Etchebest<\/a> a eu affaire \u00e0 un cas in\u00e9dit dans l\u2019histoire de l\u2019\u00e9mission.<\/p>\n<p class=\"asset asset-text\">Diffus\u00e9 ce vendredi 10\u00a0octobre, ce nouveau num\u00e9ro de Cauchemar en cuisine avait lieu \u00e0 S\u00e8te, dans le sud de la France. Un d\u00e9placement de courte dur\u00e9e pour le chef cuisinier qui n\u2019a litt\u00e9ralement crois\u00e9 personne lorsqu\u2019il est arriv\u00e9 dans l\u2019\u00e9tablissement qu\u2019il \u00e9tait venu aider.<\/p>\n<p class=\"asset asset-text\">\u00ab\u00a0Il y a quelqu\u2019un\u00a0? Personne. Bonjour\u00a0? Il y a personne qui vient me chercher, c\u2019est quand m\u00eame incroyable\u2026 Hallucinant\u00a0!\u00a0\u00bb, peut-on l\u2019entendre s\u2019\u00e9tonner d\u00e8s les premiers instants d\u2019un long extrait publi\u00e9 sur les r\u00e9seaux sociaux par <a href=\"https:\/\/www.huffingtonpost.fr\/medias\/article\/jean-michel-retif-ex-candidat-de-cauchemar-en-cuisine-retrouve-mort-dans-son-restaurant_91564.html\" rel=\"nofollow noopener\" target=\"_blank\">la cha\u00eene M6<\/a>. \u00ab\u00a0Tiens, c\u2019est quoi cette voiture qui d\u00e9marre en trombe\u00a0\u00bb, encha\u00eene Philippe Etchebest, sans se poser plus de questions. Au fond du restaurant, on entend alors la cuisini\u00e8re l\u00e2cher\u00a0: \u00ab\u00a0C\u2019est Yassine, il est parti\u00a0\u00bb.<\/p>\n<p class=\"asset asset-text\">Du c\u00f4t\u00e9 de Dylan, en cuisine, c\u2019est la panique totale\u00a0: \u00ab\u00a0Je vais voir Yassine\u00a0? J\u2019essaye de le chercher, mais malheureusement, il n\u2019est plus l\u00e0\u00a0\u00bb, s\u2019inqui\u00e8te le fils du g\u00e9rant et fr\u00e8re de Yacine.<\/p>\n<p class=\"asset asset-text\">Toujours seul dans la salle, Philippe Etchebest croise alors la cuisini\u00e8re Sa\u00efda, qui dispara\u00eet presque aussit\u00f4t du champ de vision du chef en l\u2019apercevant. \u00ab\u00a0Elle m\u2019a vu mais il y a personne qui vient de chercher. C\u2019est quand m\u00eame incroyable\u00a0\u00bb, s\u2019emporte-t-il alors, apr\u00e8s dix minutes d\u2019attente.<\/p>\n<p> La lecture de ce contenu est susceptible d\u2019entra\u00eener un d\u00e9p\u00f4t de cookies de la part de l\u2019op\u00e9rateur tiers qui l\u2019h\u00e9berge. Compte-tenu des choix que vous avez exprim\u00e9s en mati\u00e8re de d\u00e9p\u00f4t de cookies, nous avons bloqu\u00e9 l\u2019affichage de ce contenu. Si vous souhaitez y acc\u00e9der, vous devez accepter la cat\u00e9gorie de cookies \u201cContenus tiers\u201d en cliquant sur le bouton ci-dessous. <\/p>\n<p> Lire la Vid\u00e9o        <\/p>\n<p class=\"asset asset-text\">\u00ab\u00a0Jamais dans \u201cCauchemar en cuisine\u201d j\u2019ai \u00e9t\u00e9 accueilli de cette mani\u00e8re. J\u2019ai tout vu\u00a0: j\u2019ai des gens qui se sont mis \u00e0 genoux, j\u2019ai des gens qui pleuraient, mais j\u2019ai toujours eu quelqu\u2019un en face de moi\u2026 Pratiquement. Ou j\u2019attendais peut-\u00eatre une minute. Mais l\u00e0, \u00e0 ce point-l\u00e0, jamais \u00e7a n\u2019est arriv\u00e9\u00a0\u00bb, finit-il par r\u00e9sumer en voix off.<\/p>\n<p>    \u00ab\u00a0Je perds mon temps\u00a0\u00bb    <\/p>\n<p class=\"asset asset-text\">Curieux, Philippe Etchebest s\u2019avance dans l\u2019arri\u00e8re-cuisine. Il rencontre alors Dylan, puis sa m\u00e8re. \u00ab\u00a0Bonjour Madame, je vous ai fait peur\u00a0?\u00a0\u00bb. Sa r\u00e9ponse\u00a0? Un laconique \u00ab\u00a0oui\u00a0\u00bb. Timide, la femme lui explique quand m\u00eame que Bachir, le g\u00e9rant, est absent car en d\u00e9placement en Alg\u00e9rie pour un enterrement. Quant \u00e0 Aurora, la serveuse qui a contact\u00e9 la production de l\u2019\u00e9mission, elle est \u00e9galement absente. Sa\u00efda ajoute que son fils Yacine, qui g\u00e8re la cuisine est \u00e9galement absent.<\/p>\n<p class=\"asset asset-text\">Apr\u00e8s avoir d\u00e9jeun\u00e9, l\u2019\u00e9quipe pr\u00e9sente \u2212\u00e0 laquelle Aurora s\u2019est rajout\u00e9e \u2212 finit par faire la r\u00e9v\u00e9lation de trop au chef cuisinier\u00a0: Yacine s\u2019est en r\u00e9alit\u00e9 enfui lorsqu\u2019il l\u2019a vu arriver. Philippe Etchebest n\u2019en revient pas et passe alors ses nerfs sur Dylan, qui venait de lui expliquer la situation. \u00ab\u00a0Je suis d\u00e9sol\u00e9. Je ne sais pas si tu te rends compte du nombre de restaurateurs qui font appel \u00e0 moi pour que je vienne les aider. J\u2019ai d\u00e9cid\u00e9 de venir ici, chez vous, au d\u00e9triment de plein d\u2019autres. Je perds mon temps.\u00a0\u00bb<\/p>\n<p class=\"asset asset-text\">La d\u00e9cision est alors radicale\u00a0: l\u2019arr\u00eat pur et simple du tournage. Non sans un message sal\u00e9 laiss\u00e9 par t\u00e9l\u00e9phone \u00e0 Yacine pour lui expliquer la situation. Mais loin d\u2019\u00eatre rancunier, le chef et animateur t\u00e9l\u00e9 a quand m\u00eame pris le temps de pr\u00e9senter une recette de salade compos\u00e9e \u00e0 Sa\u00efda et Dylan. Avant de donner un rendez-vous incertain aux t\u00e9l\u00e9spectateurs\u00a0: \u00ab\u00a0J\u2019esp\u00e8re revenir bient\u00f4t pour comprendre ce qu\u2019il se passe ici\u00a0\u00bb.<\/p>\n","protected":false},"excerpt":{"rendered":"PIERRE OLIVIER\/M6 Dans un nouvel \u00e9pisode de \u00ab\u00a0Cauchemar en cuisine\u00a0\u00bb sur M6, Philippe Etchebest a pris la d\u00e9cision&hellip;\n","protected":false},"author":2,"featured_media":454811,"comment_status":"","ping_status":"","sticky":false,"template":"","format":"standard","meta":{"footnotes":""},"categories":[8],"tags":[902,58,59,1011,27,494,5387,252],"class_list":{"0":"post-454810","1":"post","2":"type-post","3":"status-publish","4":"format-standard","5":"has-post-thumbnail","7":"category-divertissement","8":"tag-cuisine","9":"tag-divertissement","10":"tag-entertainment","11":"tag-fr","12":"tag-france","13":"tag-m6","14":"tag-philippe-etchebest","15":"tag-television"},"share_on_mastodon":{"url":"https:\/\/pubeurope.com\/@fr\/115355081093353076","error":""},"_links":{"self":[{"href":"https:\/\/www.europesays.com\/fr\/wp-json\/wp\/v2\/posts\/454810","targetHints":{"allow":["GET"]}}],"collection":[{"href":"https:\/\/www.europesays.com\/fr\/wp-json\/wp\/v2\/posts"}],"about":[{"href":"https:\/\/www.europesays.com\/fr\/wp-json\/wp\/v2\/types\/post"}],"author":[{"embeddable":true,"href":"https:\/\/www.europesays.com\/fr\/wp-json\/wp\/v2\/users\/2"}],"replies":[{"embeddable":true,"href":"https:\/\/www.europesays.com\/fr\/wp-json\/wp\/v2\/comments?post=454810"}],"version-history":[{"count":0,"href":"https:\/\/www.europesays.com\/fr\/wp-json\/wp\/v2\/posts\/454810\/revisions"}],"wp:featuredmedia":[{"embeddable":true,"href":"https:\/\/www.europesays.com\/fr\/wp-json\/wp\/v2\/media\/454811"}],"wp:attachment":[{"href":"https:\/\/www.europesays.com\/fr\/wp-json\/wp\/v2\/media?parent=454810"}],"wp:term":[{"taxonomy":"category","embeddable":true,"href":"https:\/\/www.europesays.com\/fr\/wp-json\/wp\/v2\/categories?post=454810"},{"taxonomy":"post_tag","embeddable":true,"href":"https:\/\/www.europesays.com\/fr\/wp-json\/wp\/v2\/tags?post=454810"}],"curies":[{"name":"wp","href":"https:\/\/api.w.org\/{rel}","templated":true}]}}