{"id":454816,"date":"2025-10-11T10:35:11","date_gmt":"2025-10-11T10:35:11","guid":{"rendered":"https:\/\/www.europesays.com\/fr\/454816\/"},"modified":"2025-10-11T10:35:11","modified_gmt":"2025-10-11T10:35:11","slug":"le-president-denonce-des-frappes-nocturnes-israeliennes-ayant-fait-un-mort","status":"publish","type":"post","link":"https:\/\/www.europesays.com\/fr\/454816\/","title":{"rendered":"le pr\u00e9sident d\u00e9nonce des frappes nocturnes isra\u00e9liennes ayant fait un mort"},"content":{"rendered":"<p>Le pr\u00e9sident libanais Joseph Aoun a d\u00e9nonc\u00e9 ce samedi des frappes nocturnes contre des \u00ab\u00a0installations civiles\u00a0\u00bb dans le sud du pays ayant fait, selon le minist\u00e8re de la Sant\u00e9, un mort et sept bless\u00e9s.<\/p>\n<p>\u00ab\u00a0Une fois de plus, le sud du <a href=\"https:\/\/www.20minutes.fr\/monde\/liban\/\" class=\"c-link c-link--is-underlined\" rel=\"nofollow noopener\" target=\"_blank\">Liban<\/a> est la cible d\u2019une agression isra\u00e9lienne odieuse contre des installations civiles. Sans justification ni pr\u00e9texte. Mais la gravit\u00e9 de cette derni\u00e8re agression r\u00e9side dans le fait qu\u2019elle survient apr\u00e8s l\u2019accord de cessez-le-feu \u00e0 <a href=\"https:\/\/www.20minutes.fr\/monde\/gaza\/\" class=\"c-link c-link--is-underlined\" rel=\"nofollow noopener\" target=\"_blank\">Gaza<\/a>\u00a0\u00bb, a-t-il affirm\u00e9.<\/p>\n<p>Des attaques confirm\u00e9es par Isra\u00ebl<\/p>\n<p>L\u2019agence de presse officielle libanaise Ani a indiqu\u00e9 que des avions de combat isra\u00e9liens avaient men\u00e9 10 raids visant des parcs de bulldozers et d\u2019excavatrices. L\u2019arm\u00e9e isra\u00e9lienne a confirm\u00e9 des attaques, affirmant avoir \u00ab\u00a0frapp\u00e9 et d\u00e9mantel\u00e9 des infrastructures terroristes du <a href=\"https:\/\/www.20minutes.fr\/monde\/hezbollah\/\" class=\"c-link c-link--is-underlined\" rel=\"nofollow noopener\" target=\"_blank\">Hezbollah<\/a> dans le sud du Liban\u00a0\u00bb. \u00ab\u00a0La pr\u00e9sence de ces engins et les activit\u00e9s du Hezbollah dans cette zone constituent une violation des accords conclus entre Isra\u00ebl et le Liban\u00a0\u00bb, a-t-elle ajout\u00e9.<\/p>\n<p>Malgr\u00e9 le cessez-le-feu du 27\u00a0novembre 2024, qui avait mis fin \u00e0 plus d\u2019un an de conflit meurtrier entre Isra\u00ebl et le Hezbollah, l\u2019arm\u00e9e isra\u00e9lienne continue de mener des frappes quasi quotidiennes au Liban, affirmant viser des membres du mouvement soutenu par l\u2019<a href=\"https:\/\/www.20minutes.fr\/monde\/iran\/\" class=\"c-link c-link--is-underlined\" rel=\"nofollow noopener\" target=\"_blank\">Iran<\/a> et l\u2019accusant de tenter de reconstituer ses forces.<\/p>\n<p>L\u2019ONU a indiqu\u00e9 d\u00e9but octobre que 103 civils avaient \u00e9t\u00e9 tu\u00e9s au Liban depuis l\u2019entr\u00e9e en vigueur de la tr\u00eave.<\/p>\n","protected":false},"excerpt":{"rendered":"Le pr\u00e9sident libanais Joseph Aoun a d\u00e9nonc\u00e9 ce samedi des frappes nocturnes contre des \u00ab\u00a0installations civiles\u00a0\u00bb dans le&hellip;\n","protected":false},"author":2,"featured_media":454817,"comment_status":"","ping_status":"","sticky":false,"template":"","format":"standard","meta":{"footnotes":""},"categories":[5],"tags":[47,11,564,1011,27,33159,665,1146,7295,14,3019,664,12404,74,12,28],"class_list":{"0":"post-454816","1":"post","2":"type-post","3":"status-publish","4":"format-standard","5":"has-post-thumbnail","7":"category-international","8":"tag-actualite","9":"tag-actualites","10":"tag-drone","11":"tag-fr","12":"tag-france","13":"tag-frappes-aeriennes","14":"tag-gaza","15":"tag-guerre","16":"tag-hezbollah","17":"tag-international","18":"tag-iran","19":"tag-israel","20":"tag-liban","21":"tag-monde","22":"tag-news","23":"tag-world"},"share_on_mastodon":{"url":"https:\/\/pubeurope.com\/@fr\/115355092660444009","error":""},"_links":{"self":[{"href":"https:\/\/www.europesays.com\/fr\/wp-json\/wp\/v2\/posts\/454816","targetHints":{"allow":["GET"]}}],"collection":[{"href":"https:\/\/www.europesays.com\/fr\/wp-json\/wp\/v2\/posts"}],"about":[{"href":"https:\/\/www.europesays.com\/fr\/wp-json\/wp\/v2\/types\/post"}],"author":[{"embeddable":true,"href":"https:\/\/www.europesays.com\/fr\/wp-json\/wp\/v2\/users\/2"}],"replies":[{"embeddable":true,"href":"https:\/\/www.europesays.com\/fr\/wp-json\/wp\/v2\/comments?post=454816"}],"version-history":[{"count":0,"href":"https:\/\/www.europesays.com\/fr\/wp-json\/wp\/v2\/posts\/454816\/revisions"}],"wp:featuredmedia":[{"embeddable":true,"href":"https:\/\/www.europesays.com\/fr\/wp-json\/wp\/v2\/media\/454817"}],"wp:attachment":[{"href":"https:\/\/www.europesays.com\/fr\/wp-json\/wp\/v2\/media?parent=454816"}],"wp:term":[{"taxonomy":"category","embeddable":true,"href":"https:\/\/www.europesays.com\/fr\/wp-json\/wp\/v2\/categories?post=454816"},{"taxonomy":"post_tag","embeddable":true,"href":"https:\/\/www.europesays.com\/fr\/wp-json\/wp\/v2\/tags?post=454816"}],"curies":[{"name":"wp","href":"https:\/\/api.w.org\/{rel}","templated":true}]}}