{"id":454818,"date":"2025-10-11T10:36:13","date_gmt":"2025-10-11T10:36:13","guid":{"rendered":"https:\/\/www.europesays.com\/fr\/454818\/"},"modified":"2025-10-11T10:36:13","modified_gmt":"2025-10-11T10:36:13","slug":"les-associations-dans-la-rue-ce-samedi-pour-alerter-sur-leur-situation-financiere","status":"publish","type":"post","link":"https:\/\/www.europesays.com\/fr\/454818\/","title":{"rendered":"Les associations dans la rue ce samedi pour alerter sur leur situation financi\u00e8re"},"content":{"rendered":"<p>\n    Des rassemblements sont attendus dans plus de 70 villes en France ce samedi \u00e0 l\u2019appel du Mouvement associatif. Le secteur r\u00e9clame le maintien des subventions.<\/p>\n<p class=\"fig-paragraph\">\u00ab\u00c7a ne tient plus\u00bb: les associations se mobilisent partout en France samedi pour appeler les pouvoirs publics \u00e0 les<a href=\"http:\/\/www.lefigaro.fr\/conjoncture\/dossier\/faire-voter-le-budget-l-epreuve-du-feu-pour-michel-barnier\" data-fig-type=\"Topic\" data-gtm-custom-categorie=\"navigation\" data-gtm-custom-action=\"crossclick\" data-gtm-custom-label=\"Contextuel\" data-gtm-event=\"customEventSPE\" data-fig-domain=\"LEFIGARO\" target=\"_blank\" rel=\"noopener\">\u00a0pr\u00e9server des coupes budg\u00e9taires<\/a>\u00a0qu&rsquo;elles subissent parfois d\u00e9j\u00e0, les obligeant \u00e0 r\u00e9duire leurs activit\u00e9s.<\/p>\n<p class=\"fig-paragraph\">Des rassemblements sont attendus dans plus de 70 villes, \u00e0 l&rsquo;appel du Mouvement associatif, qui revendique 700.000 associations membres. \u00c0 Paris, il aura lieu \u00e0 partir de 14 heures sur la place Stalingrad. \u00abLa situation des associations est extr\u00eamement tendue, les difficult\u00e9s financi\u00e8res ne sont plus absorbables, \u00e7a ne tient plus\u00bb, alerte aupr\u00e8s de l&rsquo;AFP Claire Thoury, pr\u00e9sidente du Mouvement.<\/p>\n<p>                                    <a class=\"fig-a11y-skip a11y-hidden\" href=\"#fig-a11y-skip-main-inarticle\"><br \/>\n        Passer la publicit\u00e9<br \/>\n    <\/a><\/p>\n<p class=\"fig-paragraph\">Les quelque 1,5 million d&rsquo;associations en activit\u00e9 en France subissent, selon elle, la \u00abcrise inflationniste\u00bb qui gonfle leurs charges. Elles sont aussi victimes de la \u00abcrise budg\u00e9taire\u00bb des pouvoirs publics, qui limitent ou r\u00e9duisent leur soutien. Aide aux plus pr\u00e9caires, d\u00e9fense des droits des femmes, acc\u00e8s au sport&#8230; Les associations de tout secteur voient leurs finances se d\u00e9grader, selon le Mouvement associatif, qui a men\u00e9 en septembre une \u00e9tude aupr\u00e8s de ses membres.<\/p>\n<p>30% des associations employeuses ont moins de trois mois de r\u00e9serve de tr\u00e9sorerie<\/p>\n<p class=\"fig-paragraph\">Environ 30% des associations employeuses ont moins de trois mois de r\u00e9serve de tr\u00e9sorerie, d&rsquo;apr\u00e8s ce sondage. \u00abLes associations rendent le quotidien plus agr\u00e9able ou moins douloureux, sans elles, des besoins sociaux ne seront pas couverts\u00bb, avertit Claire Thoury. La baisse de leurs moyens entra\u00eene d\u00e9j\u00e0 des r\u00e9ductions et des suppressions d&rsquo;activit\u00e9s, mais aussi des reports d&rsquo;investissements et des hausses des cotisations.<\/p>\n<p class=\"fig-paragraph\">Elle se traduit \u00e9galement par des suppressions d&#8217;emplois. Le secteur s&rsquo;appuie sur 1,9 million de salari\u00e9s et 20 millions de b\u00e9n\u00e9voles.<\/p>\n","protected":false},"excerpt":{"rendered":"Des rassemblements sont attendus dans plus de 70 villes en France ce samedi \u00e0 l\u2019appel du Mouvement associatif.&hellip;\n","protected":false},"author":2,"featured_media":454819,"comment_status":"","ping_status":"","sticky":false,"template":"","format":"standard","meta":{"footnotes":""},"categories":[4],"tags":[11,4077,1003,1011,27,12,25,10522],"class_list":{"0":"post-454818","1":"post","2":"type-post","3":"status-publish","4":"format-standard","5":"has-post-thumbnail","7":"category-france","8":"tag-actualites","9":"tag-association","10":"tag-budget","11":"tag-fr","12":"tag-france","13":"tag-news","14":"tag-republique-francaise","15":"tag-subventions"},"share_on_mastodon":{"url":"https:\/\/pubeurope.com\/@fr\/115355096664702196","error":""},"_links":{"self":[{"href":"https:\/\/www.europesays.com\/fr\/wp-json\/wp\/v2\/posts\/454818","targetHints":{"allow":["GET"]}}],"collection":[{"href":"https:\/\/www.europesays.com\/fr\/wp-json\/wp\/v2\/posts"}],"about":[{"href":"https:\/\/www.europesays.com\/fr\/wp-json\/wp\/v2\/types\/post"}],"author":[{"embeddable":true,"href":"https:\/\/www.europesays.com\/fr\/wp-json\/wp\/v2\/users\/2"}],"replies":[{"embeddable":true,"href":"https:\/\/www.europesays.com\/fr\/wp-json\/wp\/v2\/comments?post=454818"}],"version-history":[{"count":0,"href":"https:\/\/www.europesays.com\/fr\/wp-json\/wp\/v2\/posts\/454818\/revisions"}],"wp:featuredmedia":[{"embeddable":true,"href":"https:\/\/www.europesays.com\/fr\/wp-json\/wp\/v2\/media\/454819"}],"wp:attachment":[{"href":"https:\/\/www.europesays.com\/fr\/wp-json\/wp\/v2\/media?parent=454818"}],"wp:term":[{"taxonomy":"category","embeddable":true,"href":"https:\/\/www.europesays.com\/fr\/wp-json\/wp\/v2\/categories?post=454818"},{"taxonomy":"post_tag","embeddable":true,"href":"https:\/\/www.europesays.com\/fr\/wp-json\/wp\/v2\/tags?post=454818"}],"curies":[{"name":"wp","href":"https:\/\/api.w.org\/{rel}","templated":true}]}}