{"id":454824,"date":"2025-10-11T10:39:10","date_gmt":"2025-10-11T10:39:10","guid":{"rendered":"https:\/\/www.europesays.com\/fr\/454824\/"},"modified":"2025-10-11T10:39:10","modified_gmt":"2025-10-11T10:39:10","slug":"saint-etienne-un-automobiliste-flashe-a-118-km-heure-pres-dun-college","status":"publish","type":"post","link":"https:\/\/www.europesays.com\/fr\/454824\/","title":{"rendered":"Saint-\u00c9tienne. Un automobiliste flash\u00e9 \u00e0 118 km\/heure pr\u00e8s d\u2019un coll\u00e8ge"},"content":{"rendered":"<p>Vendredi apr\u00e8s-midi, la police nationale a intercept\u00e9 sur le boulevard Georges-Pompidou un automobiliste \u00e0 118 km\/h (retenu 112 km\/h) pour une portion limit\u00e9e \u00e0 50 \u00e0 la hauteur du coll\u00e8ge Marc-Seguin.<\/p>\n<p>Le chauffard a \u00e9t\u00e9 verbalis\u00e9, son v\u00e9hicule immobilis\u00e9 et son permis de conduire retir\u00e9. Un contr\u00f4le de vitesse qui s\u2019est d\u00e9roul\u00e9 en pr\u00e9sence de la pr\u00e9f\u00e8te de la Loire.<\/p>\n","protected":false},"excerpt":{"rendered":"Vendredi apr\u00e8s-midi, la police nationale a intercept\u00e9 sur le boulevard Georges-Pompidou un automobiliste \u00e0 118 km\/h (retenu 112&hellip;\n","protected":false},"author":2,"featured_media":454825,"comment_status":"","ping_status":"","sticky":false,"template":"","format":"standard","meta":{"footnotes":""},"categories":[9653],"tags":[1111,11,2430,271,272,7539,1777,674,274,107,1011,27,3367,12,25,4001,7538],"class_list":{"0":"post-454824","1":"post","2":"type-post","3":"status-publish","4":"format-standard","5":"has-post-thumbnail","7":"category-saint-etienne","8":"tag-actu","9":"tag-actualites","10":"tag-auvergne-rhone-alpes","11":"tag-crime","12":"tag-delit-et-contravention","13":"tag-edition-loire-sud","14":"tag-eu","15":"tag-europe","16":"tag-faits-divers-justice","17":"tag-fil-info","18":"tag-fr","19":"tag-france","20":"tag-loire","21":"tag-news","22":"tag-republique-francaise","23":"tag-saint-etienne","24":"tag-saint-etienne-ville"},"share_on_mastodon":{"url":"https:\/\/pubeurope.com\/@fr\/115355108479622705","error":""},"_links":{"self":[{"href":"https:\/\/www.europesays.com\/fr\/wp-json\/wp\/v2\/posts\/454824","targetHints":{"allow":["GET"]}}],"collection":[{"href":"https:\/\/www.europesays.com\/fr\/wp-json\/wp\/v2\/posts"}],"about":[{"href":"https:\/\/www.europesays.com\/fr\/wp-json\/wp\/v2\/types\/post"}],"author":[{"embeddable":true,"href":"https:\/\/www.europesays.com\/fr\/wp-json\/wp\/v2\/users\/2"}],"replies":[{"embeddable":true,"href":"https:\/\/www.europesays.com\/fr\/wp-json\/wp\/v2\/comments?post=454824"}],"version-history":[{"count":0,"href":"https:\/\/www.europesays.com\/fr\/wp-json\/wp\/v2\/posts\/454824\/revisions"}],"wp:featuredmedia":[{"embeddable":true,"href":"https:\/\/www.europesays.com\/fr\/wp-json\/wp\/v2\/media\/454825"}],"wp:attachment":[{"href":"https:\/\/www.europesays.com\/fr\/wp-json\/wp\/v2\/media?parent=454824"}],"wp:term":[{"taxonomy":"category","embeddable":true,"href":"https:\/\/www.europesays.com\/fr\/wp-json\/wp\/v2\/categories?post=454824"},{"taxonomy":"post_tag","embeddable":true,"href":"https:\/\/www.europesays.com\/fr\/wp-json\/wp\/v2\/tags?post=454824"}],"curies":[{"name":"wp","href":"https:\/\/api.w.org\/{rel}","templated":true}]}}