{"id":454826,"date":"2025-10-11T10:40:13","date_gmt":"2025-10-11T10:40:13","guid":{"rendered":"https:\/\/www.europesays.com\/fr\/454826\/"},"modified":"2025-10-11T10:40:13","modified_gmt":"2025-10-11T10:40:13","slug":"nancy-pres-de-500-eleves-sur-le-chantier-du-grand-hotel-de-la-reine","status":"publish","type":"post","link":"https:\/\/www.europesays.com\/fr\/454826\/","title":{"rendered":"Nancy. Pr\u00e8s de 500 \u00e9l\u00e8ves sur le chantier du Grand h\u00f4tel de la Reine"},"content":{"rendered":"<p>Organis\u00e9es par la F\u00e9d\u00e9ration fran\u00e7aise du b\u00e2timent, Les coulisses du b\u00e2timent permettent chaque ann\u00e9e \u00e0 des \u00e9l\u00e8ves de se rendre sur des chantiers. Apr\u00e8s le plateau de Haye en 2024, c\u2019est le <a href=\"https:\/\/www.estrepublicain.fr\/economie\/2024\/09\/29\/le-grand-hotel-de-la-reine-ferme-revivez-pres-de-trois-siecles-d-histoire-en-dix-dates-cles\" target=\"_blank\" rel=\"noopener\">Grand h\u00f4tel de la Reine<\/a> qui a ouvert ses portes aux scolaires du d\u00e9partement ce vendredi\u2026 \u00ab\u00a0L\u2019id\u00e9e, c\u2019est de pr\u00e9senter tout le panel des m\u00e9tiers du b\u00e2timent et ouvrir des perspectives aux jeunes\u00a0\u00bb d\u00e9taillait Vanessa Marne, secr\u00e9taire g\u00e9n\u00e9rale de la f\u00e9d\u00e9ration d\u00e9partementale du BTP.<\/p>\n<p>  Des visites tout au long de la journ\u00e9e<\/p>\n<p>Alors que le chantier a <a href=\"https:\/\/www.estrepublicain.fr\/economie\/2024\/10\/10\/rue-fermee-et-travaux-preparatoires-pour-le-grand-hotel-de-la-reine-les-travaux-vont-debuter-pour-au-moins-deux-ans\" target=\"_blank\" rel=\"noopener\">d\u00e9but\u00e9 mi-octobre dernier,<\/a> pr\u00e8s de 500 coll\u00e9giens et lyc\u00e9ens ont visit\u00e9 tout au long de la journ\u00e9e une partie du chantier. L\u2019occasion d\u2019en savoir un peu plus sur les op\u00e9rations de forage devant la fa\u00e7ade, la reprise des planchers et des murs dans ce b\u00e2timent class\u00e9 Monument historique.<\/p>\n<p>Dans un grand hall, qui abritera notamment <a href=\"https:\/\/www.estrepublicain.fr\/societe\/2023\/02\/01\/piscine-spa-seminaire-comment-l-hotel-de-la-reine-de-nancy-va-devenir-un-cinq-etoiles\" target=\"_blank\" rel=\"noopener\">le spa et la piscine de l\u2019\u00e9tablissement,<\/a> les entreprises du secteur ont \u00e9galement pr\u00e9sent\u00e9 leurs m\u00e9tiers. De quoi en apprendre davantage sur les diff\u00e9rents corps de m\u00e9tier. Et pourquoi pas, faire na\u00eetre quelques vocations.<\/p>\n","protected":false},"excerpt":{"rendered":"Organis\u00e9es par la F\u00e9d\u00e9ration fran\u00e7aise du b\u00e2timent, Les coulisses du b\u00e2timent permettent chaque ann\u00e9e \u00e0 des \u00e9l\u00e8ves de&hellip;\n","protected":false},"author":2,"featured_media":454827,"comment_status":"","ping_status":"","sticky":false,"template":"","format":"standard","meta":{"footnotes":""},"categories":[9635],"tags":[1111,11,4749,33,1704,1777,674,1011,27,775,3457,1702,1703,12,25],"class_list":{"0":"post-454826","1":"post","2":"type-post","3":"status-publish","4":"format-standard","5":"has-post-thumbnail","7":"category-nancy","8":"tag-actu","9":"tag-actualites","10":"tag-btp-et-chantiers","11":"tag-economie","12":"tag-edition-nancy-et-agglomeration","13":"tag-eu","14":"tag-europe","15":"tag-fr","16":"tag-france","17":"tag-grand-est","18":"tag-meurthe-et-moselle","19":"tag-nancy","20":"tag-nancy-ville-54b","21":"tag-news","22":"tag-republique-francaise"},"share_on_mastodon":{"url":"https:\/\/pubeurope.com\/@fr\/115355112449254575","error":""},"_links":{"self":[{"href":"https:\/\/www.europesays.com\/fr\/wp-json\/wp\/v2\/posts\/454826","targetHints":{"allow":["GET"]}}],"collection":[{"href":"https:\/\/www.europesays.com\/fr\/wp-json\/wp\/v2\/posts"}],"about":[{"href":"https:\/\/www.europesays.com\/fr\/wp-json\/wp\/v2\/types\/post"}],"author":[{"embeddable":true,"href":"https:\/\/www.europesays.com\/fr\/wp-json\/wp\/v2\/users\/2"}],"replies":[{"embeddable":true,"href":"https:\/\/www.europesays.com\/fr\/wp-json\/wp\/v2\/comments?post=454826"}],"version-history":[{"count":0,"href":"https:\/\/www.europesays.com\/fr\/wp-json\/wp\/v2\/posts\/454826\/revisions"}],"wp:featuredmedia":[{"embeddable":true,"href":"https:\/\/www.europesays.com\/fr\/wp-json\/wp\/v2\/media\/454827"}],"wp:attachment":[{"href":"https:\/\/www.europesays.com\/fr\/wp-json\/wp\/v2\/media?parent=454826"}],"wp:term":[{"taxonomy":"category","embeddable":true,"href":"https:\/\/www.europesays.com\/fr\/wp-json\/wp\/v2\/categories?post=454826"},{"taxonomy":"post_tag","embeddable":true,"href":"https:\/\/www.europesays.com\/fr\/wp-json\/wp\/v2\/tags?post=454826"}],"curies":[{"name":"wp","href":"https:\/\/api.w.org\/{rel}","templated":true}]}}