{"id":454839,"date":"2025-10-11T10:48:13","date_gmt":"2025-10-11T10:48:13","guid":{"rendered":"https:\/\/www.europesays.com\/fr\/454839\/"},"modified":"2025-10-11T10:48:13","modified_gmt":"2025-10-11T10:48:13","slug":"seine-maritime-un-reseau-international-de-trafic-de-cannabis-demantele-une-avocate-de-rouen-mise-en-examen","status":"publish","type":"post","link":"https:\/\/www.europesays.com\/fr\/454839\/","title":{"rendered":"Seine-Maritime. Un r\u00e9seau international de trafic de cannabis d\u00e9mantel\u00e9, une avocate de Rouen mise en examen"},"content":{"rendered":"<p>Le trafic impliquait aussi une robe d&rsquo;avocat. Huit personnes, dont une avocate du barreau de Rouen, ont \u00e9t\u00e9 mises en examen et plac\u00e9es en d\u00e9tention provisoire dans le cadre d&rsquo;une enqu\u00eate sur un r\u00e9seau de trafic de cannabis entre l&rsquo;Espagne et le nord de la France, a annonc\u00e9 ce samedi le parquet de Lille. Selon le procureur de la R\u00e9publique Samuel Finielz, ce trafic international \u00ab \u00e9tait men\u00e9 de mani\u00e8re intensive, de multiples go-fast \u00e9tant objectiv\u00e9s depuis le d\u00e9but de l&rsquo;ann\u00e9e 2025, selon un rythme hebdomadaire \u00bb.<\/p>\n<p>L&rsquo;avocate est soup\u00e7onn\u00e9e d&rsquo;avoir particip\u00e9 \u00e0 ce trafic et d&rsquo;avoir inform\u00e9 \u00ab les personnes vis\u00e9es dans la pr\u00e9sente information judiciaire \u00bb de l&rsquo;existence d&rsquo;investigations en cours. Ces investigations, qui ont mis \u00e0 jour \u00ab un r\u00e9seau organis\u00e9 \u00bb important \u00ab par voie routi\u00e8re, du cannabis depuis l&rsquo;Espagne \u00e0 destination du nord de la France et des agglom\u00e9rations de Rouen et du Havre \u00bb, ont dur\u00e9 plus de six mois.<\/p>\n<p>\u00ab Grosse cylindr\u00e9e faussement immatricul\u00e9s\u00a0\u00bb<\/p>\n<p>L&rsquo;enqu\u00eate pr\u00e9liminaire a \u00e9t\u00e9 ouverte le 17 mars sous l&rsquo;autorit\u00e9 de la Juridiction interr\u00e9gionale sp\u00e9cialis\u00e9e (Jirs) de Lille, apr\u00e8s le dessaisissement du parquet du Havre. Une information judiciaire a ensuite \u00e9t\u00e9 confi\u00e9e le 21 mars \u00e0 un juge d&rsquo;instruction de la Jirs de Lille.<\/p>\n<p>L&rsquo;interception de plusieurs convois, \u00ab compos\u00e9s de v\u00e9hicules de grosse cylindr\u00e9e faussement immatricul\u00e9s et parfois dot\u00e9s de caches am\u00e9nag\u00e9es \u00bb, a conduit \u00e0 des saisines de cannabis \u00ab comprises entre 100 et plus de 400 kg \u00bb. Une op\u00e9ration de police men\u00e9e les 5 et 6 octobre, notamment par la police judiciaire du Havre, a conduit \u00e0 l&rsquo;interpellation de huit personnes, a pr\u00e9cis\u00e9 le procureur.<\/p>\n<p>\u00c0 l&rsquo;issue de leur garde \u00e0 vue, sept personnes ont \u00e9t\u00e9 mises en examen pour \u00ab importation non autoris\u00e9e de stup\u00e9fiants \u00bb en bande organis\u00e9e, \u00ab acquisition, d\u00e9tention, transport, offre ou cession non autoris\u00e9s de stup\u00e9fiants \u00bb et \u00ab participation \u00e0 une association de malfaiteurs en vue de la pr\u00e9paration d&rsquo;un crime \u00bb. Deux d&rsquo;entre elles le sont \u00e9galement pour \u00ab blanchiment \u00bb.<\/p>\n<p>L&rsquo;avocate a \u00e9t\u00e9 mise en examen entre autres pour \u00ab participation \u00e0 une association de malfaiteurs \u00bb et \u00ab complicit\u00e9 d&rsquo;importation non autoris\u00e9e de stup\u00e9fiants \u00bb en bande organis\u00e9e. Toutes les personnes mises en examen ont \u00e9t\u00e9 plac\u00e9es en d\u00e9tention provisoire, conform\u00e9ment aux r\u00e9quisitions du parquet, a indiqu\u00e9 Samuel Finielz.<\/p>\n","protected":false},"excerpt":{"rendered":"Le trafic impliquait aussi une robe d&rsquo;avocat. Huit personnes, dont une avocate du barreau de Rouen, ont \u00e9t\u00e9&hellip;\n","protected":false},"author":2,"featured_media":454840,"comment_status":"","ping_status":"","sticky":false,"template":"","format":"standard","meta":{"footnotes":""},"categories":[9587],"tags":[1111,11,271,272,1777,674,274,107,1011,27,329,12,5161,25,9590],"class_list":{"0":"post-454839","1":"post","2":"type-post","3":"status-publish","4":"format-standard","5":"has-post-thumbnail","7":"category-rouen","8":"tag-actu","9":"tag-actualites","10":"tag-crime","11":"tag-delit-et-contravention","12":"tag-eu","13":"tag-europe","14":"tag-faits-divers-justice","15":"tag-fil-info","16":"tag-fr","17":"tag-france","18":"tag-france-monde","19":"tag-news","20":"tag-normandie","21":"tag-republique-francaise","22":"tag-rouen"},"share_on_mastodon":{"url":"https:\/\/pubeurope.com\/@fr\/115355143702738021","error":""},"_links":{"self":[{"href":"https:\/\/www.europesays.com\/fr\/wp-json\/wp\/v2\/posts\/454839","targetHints":{"allow":["GET"]}}],"collection":[{"href":"https:\/\/www.europesays.com\/fr\/wp-json\/wp\/v2\/posts"}],"about":[{"href":"https:\/\/www.europesays.com\/fr\/wp-json\/wp\/v2\/types\/post"}],"author":[{"embeddable":true,"href":"https:\/\/www.europesays.com\/fr\/wp-json\/wp\/v2\/users\/2"}],"replies":[{"embeddable":true,"href":"https:\/\/www.europesays.com\/fr\/wp-json\/wp\/v2\/comments?post=454839"}],"version-history":[{"count":0,"href":"https:\/\/www.europesays.com\/fr\/wp-json\/wp\/v2\/posts\/454839\/revisions"}],"wp:featuredmedia":[{"embeddable":true,"href":"https:\/\/www.europesays.com\/fr\/wp-json\/wp\/v2\/media\/454840"}],"wp:attachment":[{"href":"https:\/\/www.europesays.com\/fr\/wp-json\/wp\/v2\/media?parent=454839"}],"wp:term":[{"taxonomy":"category","embeddable":true,"href":"https:\/\/www.europesays.com\/fr\/wp-json\/wp\/v2\/categories?post=454839"},{"taxonomy":"post_tag","embeddable":true,"href":"https:\/\/www.europesays.com\/fr\/wp-json\/wp\/v2\/tags?post=454839"}],"curies":[{"name":"wp","href":"https:\/\/api.w.org\/{rel}","templated":true}]}}