{"id":454849,"date":"2025-10-11T10:53:11","date_gmt":"2025-10-11T10:53:11","guid":{"rendered":"https:\/\/www.europesays.com\/fr\/454849\/"},"modified":"2025-10-11T10:53:11","modified_gmt":"2025-10-11T10:53:11","slug":"strasbourg-la-voiture-prend-feu-dans-un-parking-souterrain-a-cronenbourg-une-personne-legerement-intoxiquee","status":"publish","type":"post","link":"https:\/\/www.europesays.com\/fr\/454849\/","title":{"rendered":"Strasbourg. La voiture prend feu dans un parking souterrain \u00e0 Cronenbourg : une personne l\u00e9g\u00e8rement intoxiqu\u00e9e"},"content":{"rendered":"<p>Les sapeurs-pompiers du Bas-Rhin sont intervenus ce samedi matin \u00e0 9\u00a0heures, rue du Champ de manoeuvre, dans le quartier Cronenbourg \u00e0 Strasbourg, pour l&rsquo;incendie d&rsquo;une voiture dans un parking souterrain d&rsquo;un seul niveau. Le sinistre a \u00e9t\u00e9 \u00e9teint au moyen d&rsquo;une lance.<\/p>\n<p>Une personne a \u00e9t\u00e9 l\u00e9g\u00e8rement intoxiqu\u00e9e par les fum\u00e9es d&rsquo;incendie et prise en charge par les secours. De nombreux moyens ont \u00e9t\u00e9 d\u00e9ploy\u00e9s sur les lieux, notamment une \u00e9quipe sp\u00e9cialis\u00e9e dans les reconnaissances de longues distances.<\/p>\n","protected":false},"excerpt":{"rendered":"Les sapeurs-pompiers du Bas-Rhin sont intervenus ce samedi matin \u00e0 9\u00a0heures, rue du Champ de manoeuvre, dans le&hellip;\n","protected":false},"author":2,"featured_media":454850,"comment_status":"","ping_status":"","sticky":false,"template":"","format":"standard","meta":{"footnotes":""},"categories":[2820],"tags":[1111,11,2880,1777,674,274,107,1011,27,775,1310,12,25,640],"class_list":{"0":"post-454849","1":"post","2":"type-post","3":"status-publish","4":"format-standard","5":"has-post-thumbnail","7":"category-strasbourg","8":"tag-actu","9":"tag-actualites","10":"tag-edition-strasbourg","11":"tag-eu","12":"tag-europe","13":"tag-faits-divers-justice","14":"tag-fil-info","15":"tag-fr","16":"tag-france","17":"tag-grand-est","18":"tag-incendie","19":"tag-news","20":"tag-republique-francaise","21":"tag-strasbourg"},"share_on_mastodon":{"url":"https:\/\/pubeurope.com\/@fr\/115355163581802641","error":""},"_links":{"self":[{"href":"https:\/\/www.europesays.com\/fr\/wp-json\/wp\/v2\/posts\/454849","targetHints":{"allow":["GET"]}}],"collection":[{"href":"https:\/\/www.europesays.com\/fr\/wp-json\/wp\/v2\/posts"}],"about":[{"href":"https:\/\/www.europesays.com\/fr\/wp-json\/wp\/v2\/types\/post"}],"author":[{"embeddable":true,"href":"https:\/\/www.europesays.com\/fr\/wp-json\/wp\/v2\/users\/2"}],"replies":[{"embeddable":true,"href":"https:\/\/www.europesays.com\/fr\/wp-json\/wp\/v2\/comments?post=454849"}],"version-history":[{"count":0,"href":"https:\/\/www.europesays.com\/fr\/wp-json\/wp\/v2\/posts\/454849\/revisions"}],"wp:featuredmedia":[{"embeddable":true,"href":"https:\/\/www.europesays.com\/fr\/wp-json\/wp\/v2\/media\/454850"}],"wp:attachment":[{"href":"https:\/\/www.europesays.com\/fr\/wp-json\/wp\/v2\/media?parent=454849"}],"wp:term":[{"taxonomy":"category","embeddable":true,"href":"https:\/\/www.europesays.com\/fr\/wp-json\/wp\/v2\/categories?post=454849"},{"taxonomy":"post_tag","embeddable":true,"href":"https:\/\/www.europesays.com\/fr\/wp-json\/wp\/v2\/tags?post=454849"}],"curies":[{"name":"wp","href":"https:\/\/api.w.org\/{rel}","templated":true}]}}