{"id":454878,"date":"2025-10-11T11:08:14","date_gmt":"2025-10-11T11:08:14","guid":{"rendered":"https:\/\/www.europesays.com\/fr\/454878\/"},"modified":"2025-10-11T11:08:14","modified_gmt":"2025-10-11T11:08:14","slug":"municipales-2026-les-habitants-viennent-de-recevoir-le-2e-courrier-de-jean-michel-aulas-voici-ses-propositions-pour-lyon","status":"publish","type":"post","link":"https:\/\/www.europesays.com\/fr\/454878\/","title":{"rendered":"Municipales 2026. Les habitants viennent de recevoir le 2e\u00a0courrier de Jean-Michel Aulas, voici ses propositions pour Lyon"},"content":{"rendered":"<p>On avait pris l\u2019habitude des cartes postales estivales. Voici venu, avec l\u2019automne, le temps des courriers. Les Lyonnais viennent de recevoir dans leur bo\u00eete, une nouvelle missive du candidat (sans \u00e9tiquette), soutenu par la droite et le bloc central aux Municipales 2026.<\/p>\n<p>C\u2019est la deuxi\u00e8me du genre, apr\u00e8s la premi\u00e8re lettre consacr\u00e9e \u00e0 sa d\u00e9claration de candidature. 100\u00a0000 viennent d\u2019\u00eatre distribu\u00e9es.<\/p>\n<p>Dans celle-ci, il \u00e9gr\u00e8ne quatre propositions, <a href=\"https:\/\/www.leprogres.fr\/elections\/2025\/09\/27\/referendum-annuel-cheque-bien-etre-lutte-contre-l-isolement-retour-sur-quelques-unes-de-ses-propositions\" target=\"_blank\" rel=\"nofollow noopener\">des projets en partie d\u00e9voil\u00e9s en exclusivit\u00e9 au Progr\u00e8s fin septembre<\/a>.<\/p>\n<p>  Un plan pour les familles monoparentales<\/p>\n<p>Un plan (estim\u00e9 \u00e0 13\u00a0millions par an) pour les familles monoparentales lyonnaises (80\u00a0% sont des femmes, 30\u00a0% vivent sous le seuil de pauvret\u00e9), \u00e0 qui il promet notamment transports en commun gratuits et un ch\u00e8que de 250\u00a0euros par an pour que les m\u00e8res \u00ab\u00a0soufflent et prennent du temps pour elles\u00a0\u00bb. <a href=\"https:\/\/www.leprogres.fr\/elections\/2025\/09\/27\/jean-michel-aulas-je-suis-pret-a-gouverner-lyon\" target=\"_blank\" rel=\"nofollow noopener\">Un plan pour les personnes isol\u00e9es et d\u00e9munies (8\u00a0millions par an)<\/a> qui recevront un \u00ab\u00a0ch\u00e8que social\u00a0\u00bb de 200\u00a0euros pour \u00ab\u00a0financer une activit\u00e9 culturelle, sportive ou conviviale\u00a0\u00bb et l\u2019ouverture de \u00ab\u00a0maison du lien\u00a0\u00bb, comprenant notamment de l\u2019h\u00e9bergement d\u2019urgence pour les femmes.<\/p>\n<p>Un plan pour mesurer \u2013 \u00e0 l\u2019image du nutriscore \u2013 l\u2019avanc\u00e9e des projets et des politiques publiques. Inspir\u00e9 peut-\u00eatre de l\u2019op\u00e9ration \u00ab\u00a0chemin parcouru\u00a0\u00bb mis en place par <a href=\"https:\/\/www.leprogres.fr\/p\/gregory-doucet\" target=\"_blank\" rel=\"nofollow noopener\">Gr\u00e9gory Doucet<\/a>, dans un souci de redevabilit\u00e9\u00a0\u00bb, lors de son bilan de mi-mandat et de mandat (avec un code couleur pour se rendre compte d\u2019un coup d\u2019\u0153il des r\u00e9alisations), Aulas ajoute une dimension \u00ab\u00a0en direct\u00a0\u00bb \u00e0 son \u00ab\u00a0cityscore\u00a0\u00bb, comme il en existe \u00e0 Boston. Il propose aussi qu\u2019une fois par an, apr\u00e8s le d\u00e9bat budg\u00e9taire, une grande question soit soumise au vote des habitants par r\u00e9f\u00e9rendum.<\/p>\n<p>  \u00ab\u00a0Dans le respect des plafonds l\u00e9gaux de d\u00e9penses\u00a0\u00bb<\/p>\n<p>Combien les Lyonnais en recevront-ils encore d\u2019ici la fin de la campagne\u00a0? \u00ab\u00a0Autant que n\u00e9cessaire pour pr\u00e9senter nos id\u00e9es aux Lyonnais\u00a0\u00bb, r\u00e9pond son \u00e9quipe de campagne.<\/p>\n<p>En attendant, il est le seul dans la course \u00e0 communiquer de la sorte depuis son meeting XXL de lancement de campagne. Une question de moyens\u00a0?<\/p>\n<p>Interrog\u00e9 par Le Progr\u00e8s, l\u2019entourage de l\u2019ex-patron de l\u2019OL, se refuse \u00e0 \u00ab\u00a0communiquer aupr\u00e8s des m\u00e9dias sur le co\u00fbt du mat\u00e9riel de campagne qui rel\u00e8ve exclusivement des autorit\u00e9s comp\u00e9tentes, en l\u2019occurrence la Commission nationale des comptes de campagne et des financements politiques\u00a0\u00bb mais pr\u00e9cise s\u2019inscrire \u00ab\u00a0dans le respect des plafonds l\u00e9gaux de d\u00e9penses de campagne\u00a0\u00bb.<\/p>\n","protected":false},"excerpt":{"rendered":"On avait pris l\u2019habitude des cartes postales estivales. Voici venu, avec l\u2019automne, le temps des courriers. Les Lyonnais&hellip;\n","protected":false},"author":2,"featured_media":454879,"comment_status":"","ping_status":"","sticky":false,"template":"","format":"standard","meta":{"footnotes":""},"categories":[1889],"tags":[1111,11,2430,2757,4188,1777,674,107,1011,27,2428,2756,12,316,25,2429],"class_list":{"0":"post-454878","1":"post","2":"type-post","3":"status-publish","4":"format-standard","5":"has-post-thumbnail","7":"category-lyon","8":"tag-actu","9":"tag-actualites","10":"tag-auvergne-rhone-alpes","11":"tag-edition-lyon-villeurbanne","12":"tag-elections-municipales","13":"tag-eu","14":"tag-europe","15":"tag-fil-info","16":"tag-fr","17":"tag-france","18":"tag-lyon","19":"tag-lyon-bassin","20":"tag-news","21":"tag-politique","22":"tag-republique-francaise","23":"tag-rhone"},"share_on_mastodon":{"url":"https:\/\/pubeurope.com\/@fr\/115355222222743202","error":""},"_links":{"self":[{"href":"https:\/\/www.europesays.com\/fr\/wp-json\/wp\/v2\/posts\/454878","targetHints":{"allow":["GET"]}}],"collection":[{"href":"https:\/\/www.europesays.com\/fr\/wp-json\/wp\/v2\/posts"}],"about":[{"href":"https:\/\/www.europesays.com\/fr\/wp-json\/wp\/v2\/types\/post"}],"author":[{"embeddable":true,"href":"https:\/\/www.europesays.com\/fr\/wp-json\/wp\/v2\/users\/2"}],"replies":[{"embeddable":true,"href":"https:\/\/www.europesays.com\/fr\/wp-json\/wp\/v2\/comments?post=454878"}],"version-history":[{"count":0,"href":"https:\/\/www.europesays.com\/fr\/wp-json\/wp\/v2\/posts\/454878\/revisions"}],"wp:featuredmedia":[{"embeddable":true,"href":"https:\/\/www.europesays.com\/fr\/wp-json\/wp\/v2\/media\/454879"}],"wp:attachment":[{"href":"https:\/\/www.europesays.com\/fr\/wp-json\/wp\/v2\/media?parent=454878"}],"wp:term":[{"taxonomy":"category","embeddable":true,"href":"https:\/\/www.europesays.com\/fr\/wp-json\/wp\/v2\/categories?post=454878"},{"taxonomy":"post_tag","embeddable":true,"href":"https:\/\/www.europesays.com\/fr\/wp-json\/wp\/v2\/tags?post=454878"}],"curies":[{"name":"wp","href":"https:\/\/api.w.org\/{rel}","templated":true}]}}