{"id":454893,"date":"2025-10-11T11:18:12","date_gmt":"2025-10-11T11:18:12","guid":{"rendered":"https:\/\/www.europesays.com\/fr\/454893\/"},"modified":"2025-10-11T11:18:12","modified_gmt":"2025-10-11T11:18:12","slug":"qatar-les-usa-autorisent-une-base-de-f-15-qataris-dans-lidaho","status":"publish","type":"post","link":"https:\/\/www.europesays.com\/fr\/454893\/","title":{"rendered":"Qatar: les USA autorisent une base de F-15 qataris dans l\u2019Idaho"},"content":{"rendered":"<p>Accord militaire \u2013 <\/p>\n<p>Le Qatar va installer des avions F-15 sur une base am\u00e9ricaine<\/p>\n<p class=\"ContentHead_lead____SsS link_regular__O0hk0 link_externalicon-big__ZdPgo link_externalicon__qcwXs\">Washington et Doha ont sign\u00e9 vendredi un accord autorisant la construction d\u2019une installation militaire qatarie sur une base de l\u2019\u00c9tat de l\u2019Idaho.<\/p>\n<p>Publi\u00e9 aujourd\u2019hui \u00e0 13h01<\/p>\n<p><img decoding=\"async\" loading=\"eager\" fetchpriority=\"high\" src=\"https:\/\/www.europesays.com\/fr\/wp-content\/uploads\/2025\/10\/2s1ZDYWVa5p8Hx3PiGdn6Z.jpg\" alt=\"Le secr\u00e9taire \u00e0 la D\u00e9fense des \u00c9tats-Unis, Pete Hegseth, salue le ministre de la D\u00e9fense qatari, Sheikh Saoud bin Abdulrahman Al Thani, \u00e0 son arriv\u00e9e au Pentagone.\" title=\"Le secr\u00e9taire \u00e0 la D\u00e9fense des \u00c9tats-Unis, Pete Hegseth, salue le ministre de la D\u00e9fense qatari, Sheikh Saoud bin Abdulrahman Al Thani, \u00e0 son arriv\u00e9e au Pentagone.\" class=\"ResponsiveImage_root__ZDz10 responsive-image\" style=\"background-color:#514E52\"\/><\/p>\n<p>Le secr\u00e9taire \u00e0 la D\u00e9fense des \u00c9tats-Unis, Pete Hegseth, salue le ministre de la D\u00e9fense qatari, Sheikh Saoud bin Abdulrahman Al Thani, \u00e0 son arriv\u00e9e au Pentagone.<\/p>\n<p>AFP<\/p>\n<p class=\"ArticleParagraph_root__lhFZo ArticleContainer_content-width__FRl7F link_focus__0ZMwx link_externalicon-big__ZdPgo link_externalicon__qcwXs ArticleElement_article-element__q93eL\">Les <a class=\"HtmlText_root__A1OSq\" href=\"https:\/\/www.24heures.ch\/shutdown-les-etats-unis-affronte-une-paralysie-budgetaire-411822735696\" rel=\"nofollow noopener\" target=\"_blank\">\u00c9tats-Unis<\/a> et le <a class=\"HtmlText_root__A1OSq\" href=\"https:\/\/www.24heures.ch\/jo-2036-le-qatar-confirme-sa-candidature-668716495276\" rel=\"nofollow noopener\" target=\"_blank\">Qatar<\/a> ont sign\u00e9 un accord pour que Doha puisse construire une installation abritant des avions de combat F-15 et des pilotes sur une base a\u00e9rienne de l\u2019Idaho, a annonc\u00e9 vendredi le ministre am\u00e9ricain de la D\u00e9fense Pete Hegseth.<\/p>\n<p class=\"ArticleParagraph_root__lhFZo ArticleContainer_content-width__FRl7F link_focus__0ZMwx link_externalicon-big__ZdPgo link_externalicon__qcwXs ArticleElement_article-element__q93eL\">Cette annonce intervient peu apr\u00e8s un d\u00e9cret sign\u00e9 par le pr\u00e9sident Trump promettant de d\u00e9fendre cet \u00c9tat du Golfe contre des attaques, dans le sillage des frappes a\u00e9riennes isra\u00e9liennes visant le chef du Hamas \u00e0 Doha.<\/p>\n<p class=\"ArticleParagraph_root__lhFZo ArticleContainer_content-width__FRl7F link_focus__0ZMwx link_externalicon-big__ZdPgo link_externalicon__qcwXs ArticleElement_article-element__q93eL\">\u00abNous signons un accord portant sur la construction d\u2019une installation de l\u2019arm\u00e9e de l\u2019air \u00e9miratie sur la <a href=\"https:\/\/mountainhomefss.com\/\" class=\"HtmlText_root__A1OSq\" target=\"_blank\" rel=\"noopener noreferrer nofollow\">base a\u00e9rienne de Mountain Home<\/a> dans l\u2019Idaho\u00bb (nord-ouest), a d\u00e9clar\u00e9 M. Hegseth au Pentagone, aux c\u00f4t\u00e9s du ministre qatari de la D\u00e9fense, Sheikh Saoud bin Abdulrahman Al Thani.<\/p>\n<p class=\"ArticleParagraph_root__lhFZo ArticleContainer_content-width__FRl7F link_focus__0ZMwx link_externalicon-big__ZdPgo link_externalicon__qcwXs ArticleElement_article-element__q93eL\">Cette installation \u00abaccueillera un contingent de F-15 qataris et de pilotes afin de renforcer notre entra\u00eenement conjoint\u00bb, a-t-il soulign\u00e9. La base a\u00e9rienne de Mountain Home accueille actuellement un escadron d\u2019avions de chasse de Singapour, selon son site internet.\u00a0<\/p>\n<p>\u00abPartenariat solide\u00bb entre le Qatar et les \u00c9tats-Unis<\/p>\n<p class=\"ArticleParagraph_root__lhFZo ArticleContainer_content-width__FRl7F link_focus__0ZMwx link_externalicon-big__ZdPgo link_externalicon__qcwXs ArticleElement_article-element__q93eL\">M. Hegseth a \u00e9galement remerci\u00e9 le Qatar pour son \u00abr\u00f4le consid\u00e9rable\u00bb en tant que m\u00e9diateur dans les n\u00e9gociations qui ont conduit \u00e0 un accord entre Isra\u00ebl et le Hamas, ainsi que pour son aide dans la lib\u00e9ration d\u2019un citoyen am\u00e9ricain en Afghanistan.<\/p>\n<p class=\"ArticleParagraph_root__lhFZo ArticleContainer_content-width__FRl7F link_focus__0ZMwx link_externalicon-big__ZdPgo link_externalicon__qcwXs ArticleElement_article-element__q93eL\">Le ministre qatari a lui salu\u00e9 le \u00abpartenariat solide et durable\u00bb et les \u00abrelations \u00e9troites en mati\u00e8re de d\u00e9fense\u00bb entre les deux pays.\u00a0<\/p>\n<p class=\"ArticleParagraph_root__lhFZo ArticleContainer_content-width__FRl7F link_focus__0ZMwx link_externalicon-big__ZdPgo link_externalicon__qcwXs ArticleElement_article-element__q93eL\">La base a\u00e9rienne d\u2019Al Udeid au Qatar est la plus grande installation militaire de Washington au Moyen-Orient. Les relations \u00e9troites entre Trump et les dirigeants du Qatar ont suscit\u00e9 des interrogations, notamment en raison du cadeau offert au pr\u00e9sident am\u00e9ricain, un Boeing 747 destin\u00e9 \u00e0 \u00eatre utilis\u00e9 comme avion pr\u00e9sidentiel.<\/p>\n<p>Washington garde le contr\u00f4le de Mountain Home<\/p>\n<p class=\"ArticleParagraph_root__lhFZo ArticleContainer_content-width__FRl7F link_focus__0ZMwx link_externalicon-big__ZdPgo link_externalicon__qcwXs ArticleElement_article-element__q93eL\">Bien que ce projet d\u2019installation du Qatar dans l\u2019Idaho ait apparemment \u00e9t\u00e9 en pr\u00e9paration depuis le mandat du d\u00e9mocrate Joe Biden, l\u2019accord a suscit\u00e9 des inqui\u00e9tudes notamment de la part de Laura Loomer, figure de l\u2019extr\u00eame droite am\u00e9ricaine, g\u00e9n\u00e9ralement alli\u00e9e de Trump.\u00a0<\/p>\n<p class=\"EmbedBlocker_hint__uEF_d\">\u00c0 ce stade, vous trouverez des contenus externes suppl\u00e9mentaires. Si vous acceptez que des cookies soient plac\u00e9s par des fournisseurs externes et que des donn\u00e9es personnelles soient ainsi transmises \u00e0 ces derniers, vous devez autoriser tous les cookies et afficher directement le contenu externe.<\/p>\n<p>Autoriser les cookiesPlus d&rsquo;infos<\/p>\n<p class=\"ArticleParagraph_root__lhFZo ArticleContainer_content-width__FRl7F link_focus__0ZMwx link_externalicon-big__ZdPgo link_externalicon__qcwXs ArticleElement_article-element__q93eL\">\u00abJe n\u2019aurais jamais cru voir les R\u00e9publicains donner aux musulmans du Qatar, qui financent le terrorisme, une BASE MILITAIRE sur le sol am\u00e9ricain afin qu\u2019ils puissent assassiner des Am\u00e9ricains\u00bb, a-t-elle \u00e9crit sur X.<\/p>\n<p class=\"ArticleParagraph_root__lhFZo ArticleContainer_content-width__FRl7F link_focus__0ZMwx link_externalicon-big__ZdPgo link_externalicon__qcwXs ArticleElement_article-element__q93eL\">\u00abLe Qatar n\u2019aura pas sa propre base aux \u00c9tats-Unis, ni rien qui s\u2019apparente \u00e0 une base. Nous contr\u00f4lons la base existante, comme nous le faisons avec tous nos partenaires\u00bb, a tenu \u00e0 pr\u00e9ciser sur le m\u00eame r\u00e9seau M. Hegseth, qui n\u2019a jamais dit qu\u2019il s\u2019agissait d\u2019une base militaire.<\/p>\n<p class=\"DynamicTeaser_boxtitle__B6piN\">Trump et les \u00c9tats-Unis<\/p>\n<p>Newsletter<\/p>\n<p>\u00abDerni\u00e8res nouvelles\u00bb<\/p>\n<p>Vous voulez rester au top de l\u2019info? \u00ab24 heures\u00bb vous propose deux rendez-vous par jour, pour ne rien rater de ce qui se passe dans votre Canton, en Suisse ou dans le monde.<\/p>\n<p><a class=\"NewsletterBox_more__FNemz link_underlinelink__K5Zr0\" href=\"https:\/\/www.24heures.ch\/nos-newsletters\" rel=\"nofollow noopener\" target=\"_blank\">Autres newsletters<\/a><\/p>\n<p>Se connecter<\/p>\n<p class=\"ArticleContainer_agencies__g6Lpj ArticleContainer_content-width__FRl7F\">AFP<\/p>\n<p class=\"Feedback_root__fr_Mi ArticleContainer_content-width__FRl7F\">Vous avez trouv\u00e9 une erreur?<a href=\"mailto:tes_correction@tamedia.ch?subject=Avis%20d'erreur%20%7C%20Le%20Qatar%20va%20installer%20des%20avions%20F-15%20sur%20une%20base%20am%C3%A9ricaine&amp;body=J'ai%20trouv%C3%A9%20une%20erreur%20dans%20cet%20article%3A%20https%3A%2F%2Fwww.24heures.ch%2Fqatar-les-usa-autorisent-une-base-de-f-15-qataris-dans-lidaho-921658321043\" class=\"Feedback_feedbacklink__VyDCi link_underlinelink__K5Zr0\">Merci de nous la signaler.<\/a><\/p>\n<p>0 commentaires<\/p>\n","protected":false},"excerpt":{"rendered":"Accord militaire \u2013 Le Qatar va installer des avions F-15 sur une base am\u00e9ricaine Washington et Doha ont&hellip;\n","protected":false},"author":2,"featured_media":454894,"comment_status":"","ping_status":"","sticky":false,"template":"","format":"standard","meta":{"footnotes":""},"categories":[1589],"tags":[11,73,1866,12,2300,1864,1865,1863,308],"class_list":{"0":"post-454893","1":"post","2":"type-post","3":"status-publish","4":"format-standard","5":"has-post-thumbnail","7":"category-etats-unis","8":"tag-actualites","9":"tag-etats-unis","10":"tag-etats-unis-damerique","11":"tag-news","12":"tag-stats-seo","13":"tag-united-states","14":"tag-united-states-of-america","15":"tag-us","16":"tag-usa"},"share_on_mastodon":{"url":"https:\/\/pubeurope.com\/@fr\/115355261655039272","error":""},"_links":{"self":[{"href":"https:\/\/www.europesays.com\/fr\/wp-json\/wp\/v2\/posts\/454893","targetHints":{"allow":["GET"]}}],"collection":[{"href":"https:\/\/www.europesays.com\/fr\/wp-json\/wp\/v2\/posts"}],"about":[{"href":"https:\/\/www.europesays.com\/fr\/wp-json\/wp\/v2\/types\/post"}],"author":[{"embeddable":true,"href":"https:\/\/www.europesays.com\/fr\/wp-json\/wp\/v2\/users\/2"}],"replies":[{"embeddable":true,"href":"https:\/\/www.europesays.com\/fr\/wp-json\/wp\/v2\/comments?post=454893"}],"version-history":[{"count":0,"href":"https:\/\/www.europesays.com\/fr\/wp-json\/wp\/v2\/posts\/454893\/revisions"}],"wp:featuredmedia":[{"embeddable":true,"href":"https:\/\/www.europesays.com\/fr\/wp-json\/wp\/v2\/media\/454894"}],"wp:attachment":[{"href":"https:\/\/www.europesays.com\/fr\/wp-json\/wp\/v2\/media?parent=454893"}],"wp:term":[{"taxonomy":"category","embeddable":true,"href":"https:\/\/www.europesays.com\/fr\/wp-json\/wp\/v2\/categories?post=454893"},{"taxonomy":"post_tag","embeddable":true,"href":"https:\/\/www.europesays.com\/fr\/wp-json\/wp\/v2\/tags?post=454893"}],"curies":[{"name":"wp","href":"https:\/\/api.w.org\/{rel}","templated":true}]}}