{"id":454901,"date":"2025-10-11T11:22:15","date_gmt":"2025-10-11T11:22:15","guid":{"rendered":"https:\/\/www.europesays.com\/fr\/454901\/"},"modified":"2025-10-11T11:22:15","modified_gmt":"2025-10-11T11:22:15","slug":"la-souverainete-numerique-de-lue-ne-signifie-pas-protectionnisme-affirme-le-ministre-allemand","status":"publish","type":"post","link":"https:\/\/www.europesays.com\/fr\/454901\/","title":{"rendered":"La souverainet\u00e9 num\u00e9rique de l&rsquo;UE ne signifie pas protectionnisme, affirme le ministre allemand"},"content":{"rendered":"<p>L&rsquo;Europe doit d\u00e9velopper sa propre infrastructure num\u00e9rique afin de r\u00e9duire sa d\u00e9pendance vis-\u00e0-vis des fournisseurs am\u00e9ricains, mais cela ne signifie pas pour autant qu&rsquo;il faille s&rsquo;en d\u00e9tourner compl\u00e8tement, a d\u00e9clar\u00e9 le ministre allemand du Num\u00e9rique, Karsten Wildberger, \u00e0 Reuters.<\/p>\n<p>Certains Europ\u00e9ens, \u00e9branl\u00e9s par les guerres commerciales du pr\u00e9sident am\u00e9ricain Donald Trump visant \u00e0 promouvoir les int\u00e9r\u00eats des \u00c9tats-Unis, ont commenc\u00e9 \u00e0 chercher des alternatives au secteur des services num\u00e9riques domin\u00e9 par les entreprises technologiques am\u00e9ricaines.<\/p>\n<p>Pour parvenir \u00e0 la souverainet\u00e9 num\u00e9rique, l&rsquo;Allemagne et l&rsquo;Union europ\u00e9enne doivent \u00ab\u00a0participer activement \u00e0 ce secteur en tant qu&rsquo;acteurs\u00a0\u00bb, et non en tant que simples clients, comme c&rsquo;est le cas actuellement, a-t-il expliqu\u00e9 lors d&rsquo;un entretien cette semaine.<\/p>\n<p>\u00ab\u00a0Il existe un march\u00e9 de croissance consid\u00e9rable pour la technologie, l&rsquo;innovation, les logiciels, les donn\u00e9es et l&rsquo;intelligence artificielle\u00a0\u00bb, a-t-il ajout\u00e9.<\/p>\n<p>L&rsquo;Allemagne et l&rsquo;Europe ont produit des leaders mondiaux dans leur domaine, tels que Mistral AI, DeepL et Aleph Alpha, a-t-il soulign\u00e9.<\/p>\n<p>Mais Karsten Wildberger a reconnu que les entreprises am\u00e9ricaines restent largement en avance dans des secteurs comme l&rsquo;intelligence artificielle et qu&rsquo;elles seront n\u00e9cessaires en tant que partenaires dans la construction des futurs mod\u00e8les \u00e9conomiques allemands.<\/p>\n<p>\u00ab\u00a0La souverainet\u00e9 num\u00e9rique ne signifie pas protectionnisme. Nous voulons et devons rester ouverts au march\u00e9 mondial\u00a0\u00bb, a d\u00e9clar\u00e9 Wildberger.<\/p>\n<p>\u00ab\u00a0Les entreprises am\u00e9ricaines souhaitent bien entendu continuer \u00e0 faire des affaires \u00e0 l&rsquo;\u00e9tranger\u00a0\u00bb, a-t-il indiqu\u00e9 lorsqu&rsquo;on l&rsquo;a interrog\u00e9 sur les inqui\u00e9tudes li\u00e9es \u00e0 la possibilit\u00e9 que Donald Trump, r\u00e9\u00e9lu pr\u00e9sident des \u00c9tats-Unis, mette soudainement fin \u00e0 la coop\u00e9ration transatlantique.<\/p>\n<p>Il a cependant pr\u00e9cis\u00e9 que les entreprises allemandes devaient pouvoir choisir entre diff\u00e9rentes options, notamment en d\u00e9cidant o\u00f9 sont stock\u00e9es leurs donn\u00e9es et qui g\u00e8re l&rsquo;infrastructure.<\/p>\n<p>La souverainet\u00e9 num\u00e9rique implique \u00e9galement de repenser toute une cha\u00eene d&rsquo;approvisionnement longue et complexe, qui va des terres rares et de la conception de puces jusqu&rsquo;aux serveurs et aux cables, a ajout\u00e9 Wildberger.<\/p>\n<p>(Reportage d&rsquo;Andreas Rinke. R\u00e9daction par Miranda Murray. \u00c9dition par Jane Merriman)<\/p>\n<p><\/p>\n","protected":false},"excerpt":{"rendered":"L&rsquo;Europe doit d\u00e9velopper sa propre infrastructure num\u00e9rique afin de r\u00e9duire sa d\u00e9pendance vis-\u00e0-vis des fournisseurs am\u00e9ricains, mais cela&hellip;\n","protected":false},"author":2,"featured_media":454902,"comment_status":"","ping_status":"","sticky":false,"template":"","format":"standard","meta":{"footnotes":""},"categories":[1586],"tags":[11,340,1777,674,1779,1011,27,12,25,1778,364],"class_list":{"0":"post-454901","1":"post","2":"type-post","3":"status-publish","4":"format-standard","5":"has-post-thumbnail","7":"category-europe","8":"tag-actualites","9":"tag-bourse","10":"tag-eu","11":"tag-europe","12":"tag-european-union","13":"tag-fr","14":"tag-france","15":"tag-news","16":"tag-republique-francaise","17":"tag-ue","18":"tag-union-europeenne"},"share_on_mastodon":{"url":"https:\/\/pubeurope.com\/@fr\/115355277432304183","error":""},"_links":{"self":[{"href":"https:\/\/www.europesays.com\/fr\/wp-json\/wp\/v2\/posts\/454901","targetHints":{"allow":["GET"]}}],"collection":[{"href":"https:\/\/www.europesays.com\/fr\/wp-json\/wp\/v2\/posts"}],"about":[{"href":"https:\/\/www.europesays.com\/fr\/wp-json\/wp\/v2\/types\/post"}],"author":[{"embeddable":true,"href":"https:\/\/www.europesays.com\/fr\/wp-json\/wp\/v2\/users\/2"}],"replies":[{"embeddable":true,"href":"https:\/\/www.europesays.com\/fr\/wp-json\/wp\/v2\/comments?post=454901"}],"version-history":[{"count":0,"href":"https:\/\/www.europesays.com\/fr\/wp-json\/wp\/v2\/posts\/454901\/revisions"}],"wp:featuredmedia":[{"embeddable":true,"href":"https:\/\/www.europesays.com\/fr\/wp-json\/wp\/v2\/media\/454902"}],"wp:attachment":[{"href":"https:\/\/www.europesays.com\/fr\/wp-json\/wp\/v2\/media?parent=454901"}],"wp:term":[{"taxonomy":"category","embeddable":true,"href":"https:\/\/www.europesays.com\/fr\/wp-json\/wp\/v2\/categories?post=454901"},{"taxonomy":"post_tag","embeddable":true,"href":"https:\/\/www.europesays.com\/fr\/wp-json\/wp\/v2\/tags?post=454901"}],"curies":[{"name":"wp","href":"https:\/\/api.w.org\/{rel}","templated":true}]}}