{"id":454910,"date":"2025-10-11T11:28:12","date_gmt":"2025-10-11T11:28:12","guid":{"rendered":"https:\/\/www.europesays.com\/fr\/454910\/"},"modified":"2025-10-11T11:28:12","modified_gmt":"2025-10-11T11:28:12","slug":"top-14-vous-navez-vu-quun-quart-de-tout-ce-quil-peut-faire-semi-lagivala-le-prometteur-puncheur-de-la-rochelle","status":"publish","type":"post","link":"https:\/\/www.europesays.com\/fr\/454910\/","title":{"rendered":"Top 14 \u2013 \u00ab\u00a0Vous n\u2019avez vu qu\u2019un quart de tout ce qu\u2019il peut faire\u00a0\u00bb\u00a0: Semi Lagivala, le prometteur puncheur de La\u00a0Rochelle"},"content":{"rendered":"<p>\n                Titulaire au centre face au Stade fran\u00e7ais, Semi Lagivala sera un des principaux animateurs de la ligne arri\u00e8re de La\u00a0Rochelle. Il faut dire que le Fidjien est un sacr\u00e9 d\u00e9tonateur\u00a0!\n            <\/p>\n<p>\u00ab\u00a0L\u2019\u00e9quipe est en reconstruction. Pour faire une bonne reconstruction, peut-\u00eatre que j\u2019ai besoin de jeter le filet plus au large, c\u2019est-\u00e0-dire utiliser des joueurs diff\u00e9rents. Aujourd\u2019hui, par exemple, Semi a fait une super entr\u00e9e, c\u2019est une bonne nouvelle dans la temp\u00eate.\u00a0\u00bb Dans l\u2019enfer du Septeo Stadium, samedi dernier, Ronan O\u2019Gara avait bien assez d\u2019une main pour recenser les (rares) bons points et Semi Lagivala peut s\u2019enorgueillir d\u2019avoir \u00e9t\u00e9 mis en avant. Rempla\u00e7ant au coup d\u2019envoi, le centre fidjien de 22 ans (1,90\u00a0m, 94\u00a0kg) recrut\u00e9 \u00e0 l\u2019intersaison a vite vol\u00e9 la vedette \u2013 \u00e0 l\u2019image de ses deux franchissements \u2013 \u00e0 un Ulupano Seuteni transparent pendant cinquante minutes. Une entr\u00e9e en jeu remarqu\u00e9e, comme un mois plus t\u00f4t \u00e0 Chaban pour ses grands d\u00e9buts en Top 14.<\/p>\n<p>Quatorze d\u00e9fenseurs battus<\/p>\n<p>Depuis, en quatre apparitions sous le maillot rochelais, l\u2019ancien Montois affiche notamment un total \u2013 parmi les plus \u00e9lev\u00e9s de la division \u2013 de quatorze d\u00e9fenseurs battus. Et ce, en seulement dix-neuf courses\u00a0! Sans oublier quelques caramels. \u00ab\u00a0Semi, c\u2019est un gros puncheur, avec \u00e9norm\u00e9ment d\u2019agressivit\u00e9. C\u2019est quelqu\u2019un en qui je crois \u00e9norm\u00e9ment, livrait r\u00e9cemment l\u2019entra\u00eeneur des trois-quarts R\u00e9mi Tal\u00e8s. Je le connais tr\u00e8s bien car je l\u2019ai vu d\u00e9barquer \u00e0 Mont-de-Marsan. Il faisait partie des meilleurs centres de Pro D2. Il d\u00e9couvre le haut-niveau, il a une grosse palette en stock, \u00e0 nous de le faire travailler, de le mettre en confiance. Je pense que vous n\u2019avez vu qu\u2019un quart de tout ce qu\u2019il peut faire\u00a0!\u00a0\u00bb Vivement la suite, alors.<\/p>\n","protected":false},"excerpt":{"rendered":"Titulaire au centre face au Stade fran\u00e7ais, Semi Lagivala sera un des principaux animateurs de la ligne arri\u00e8re&hellip;\n","protected":false},"author":2,"featured_media":454911,"comment_status":"","ping_status":"","sticky":false,"template":"","format":"standard","meta":{"footnotes":""},"categories":[1416],"tags":[1011,27,479,1468,60],"class_list":{"0":"post-454910","1":"post","2":"type-post","3":"status-publish","4":"format-standard","5":"has-post-thumbnail","7":"category-rugby","8":"tag-fr","9":"tag-france","10":"tag-rugby","11":"tag-rugby-football","12":"tag-sports"},"share_on_mastodon":{"url":"","error":""},"_links":{"self":[{"href":"https:\/\/www.europesays.com\/fr\/wp-json\/wp\/v2\/posts\/454910","targetHints":{"allow":["GET"]}}],"collection":[{"href":"https:\/\/www.europesays.com\/fr\/wp-json\/wp\/v2\/posts"}],"about":[{"href":"https:\/\/www.europesays.com\/fr\/wp-json\/wp\/v2\/types\/post"}],"author":[{"embeddable":true,"href":"https:\/\/www.europesays.com\/fr\/wp-json\/wp\/v2\/users\/2"}],"replies":[{"embeddable":true,"href":"https:\/\/www.europesays.com\/fr\/wp-json\/wp\/v2\/comments?post=454910"}],"version-history":[{"count":0,"href":"https:\/\/www.europesays.com\/fr\/wp-json\/wp\/v2\/posts\/454910\/revisions"}],"wp:featuredmedia":[{"embeddable":true,"href":"https:\/\/www.europesays.com\/fr\/wp-json\/wp\/v2\/media\/454911"}],"wp:attachment":[{"href":"https:\/\/www.europesays.com\/fr\/wp-json\/wp\/v2\/media?parent=454910"}],"wp:term":[{"taxonomy":"category","embeddable":true,"href":"https:\/\/www.europesays.com\/fr\/wp-json\/wp\/v2\/categories?post=454910"},{"taxonomy":"post_tag","embeddable":true,"href":"https:\/\/www.europesays.com\/fr\/wp-json\/wp\/v2\/tags?post=454910"}],"curies":[{"name":"wp","href":"https:\/\/api.w.org\/{rel}","templated":true}]}}