{"id":454921,"date":"2025-10-11T11:35:11","date_gmt":"2025-10-11T11:35:11","guid":{"rendered":"https:\/\/www.europesays.com\/fr\/454921\/"},"modified":"2025-10-11T11:35:11","modified_gmt":"2025-10-11T11:35:11","slug":"jai-eu-peur-estelle-denis-reagit-pour-la-premiere-fois-au-colis-piege-quelle-a-recu","status":"publish","type":"post","link":"https:\/\/www.europesays.com\/fr\/454921\/","title":{"rendered":"\u00ab\u00a0J&rsquo;ai eu peur\u00a0\u00bb, Estelle Denis r\u00e9agit pour la premi\u00e8re fois au colis pi\u00e9g\u00e9 qu&rsquo;elle a re\u00e7u"},"content":{"rendered":"<p>      R\u00e9sum\u00e9<\/p>\n<p>Estelle Denis revient sur la peur ressentie apr\u00e8s avoir re\u00e7u un colis pi\u00e9g\u00e9 li\u00e9 \u00e0 des propos tenus pendant la crise sanitaire, avant l&rsquo;arrestation de l&rsquo;auteur des faits.<\/p>\n<p>        Sommaire<\/p>\n<p><strong>\u00ab\u00a0J&rsquo;ai cru que c&rsquo;\u00e9tait un canular\u00a0\u00bb<\/strong>. Il y a quelques jours, Estelle Denis s&rsquo;est retrouv\u00e9e bien malgr\u00e9 elle au c\u0153ur d&rsquo;un triste fait divers. Le journal Sud-Ouest r\u00e9v\u00e9lait l&rsquo;arrestation d&rsquo;un homme, \u00e2g\u00e9 d&rsquo;une cinquantaine d&rsquo;ann\u00e9es, <a href=\"https:\/\/www.public.fr\/colis-piege-en-dordogne-la-journaliste-et-animatrice-estelle-denis-parmi-les-personnes-visees\" rel=\"nofollow noopener\" target=\"_blank\">suspect\u00e9 d&rsquo;avoir pi\u00e9g\u00e9 trois colis \u00e0 P\u00e9rigueux<\/a>. Les trois colis \u00e9taient destin\u00e9s au d\u00e9put\u00e9 LFI Manuel Bompard, \u00e0 l&rsquo;humoriste et ex-jur\u00e9e de Mask Singer <strong>Elodie Poux<\/strong>, et \u00e0 la journaliste de RMC Story et RMC Life <strong>Estelle Denis<\/strong>. Mais quelles raisons ont conduit cet homme, condamn\u00e9 ce vendredi \u00e0 trois ans de prison dont deux fermes, \u00e0 s&rsquo;attaquer \u00e0 Estelle Denis et Elodie Poux ?<\/p>\n<p>D\u00e9f\u00e9r\u00e9 ce vendredi et jug\u00e9 en comparution imm\u00e9diate devant le tribunal de P\u00e9rigueux, le quinquag\u00e9naire a r\u00e9v\u00e9l\u00e9 ses motivations. <strong>Il a indiqu\u00e9 s&rsquo;en est pris sp\u00e9cifiquement \u00e0 Estelle Denis et Elodie Poux<\/strong>, suite aux propos qu&rsquo;elles ont tenus pendant la p\u00e9riode de crise sanitaire. L&rsquo;homme, interpell\u00e9 quelques heures apr\u00e8s la d\u00e9couvert des colis pi\u00e9g\u00e9s dans un camion de La Poste, les avait choisies aux c\u00f4t\u00e9s de Manuel Bompard pour leurs propos sur les antivax. <\/p>\n<p>Estelle Denis et Elodie Poux ont longuement \u00e9chang\u00e9<\/p>\n<p>Invit\u00e9e de <a href=\"https:\/\/vsd.fr\/88208-mohamed-bouhafsi-victime-de-violences-comme-sa-mere-son-recit-poignant\/\" rel=\"nofollow noopener\" target=\"_blank\">Mohamed Bouhafsi<\/a> dans C \u00e0 vous ce vendredi, Estelle Denis est revenue sur ce triste \u00e9pisode. Si elle a d&rsquo;abord cru \u00e0 un canular, l&rsquo;incompr\u00e9hension a ensuite laiss\u00e9 place \u00e0 l&rsquo;effroi et \u00e0 la sid\u00e9ration. Une semaine apr\u00e8s, <a href=\"https:\/\/www.public.fr\/ca-se-discute-le-nouveau-generique-avec-estelle-denis-devoile\" rel=\"nofollow noopener\" target=\"_blank\">la future animatrice de \u00c7a se discute<\/a> a toujours du mal \u00e0 d\u00e9compresser, et confie avoir eu tr\u00e8s peur&#8230; <\/p>\n<p><strong>\u00ab\u00a0Qu\u2019est-ce que j\u2019ai fait pour m\u00e9riter qu\u2019on m\u2019envoie un colis pi\u00e9g\u00e9 ?\u00a0\u00bb <\/strong>s&rsquo;est demand\u00e9 l&rsquo;animatrice\u2026 Elle r\u00e9v\u00e8le avoir \u00e9t\u00e9 sid\u00e9r\u00e9e lorsque la gendarmerie l&rsquo;a convoqu\u00e9e et lui a montr\u00e9 les explosifs. \u00ab\u00a0J&rsquo;ai compris que c&rsquo;\u00e9tait s\u00e9rieux, et <strong>j&rsquo;avoue que j&rsquo;ai eu assez peur pendant quelques jours\u00a0\u00bb<\/strong> reconna\u00eet ainsi Estelle Denis. L&rsquo;arrestation de l&rsquo;auteur des faits a rassur\u00e9 la journaliste, qui a pu regagner RMC avec davantage de s\u00e9r\u00e9nit\u00e9.<\/p>\n<p>Estelle Denis a \u00e9galement confi\u00e9 avoir \u00e9chang\u00e9 avec Elodie Poux. Les deux femmes ont longuement \u00e9chang\u00e9 par SMS, et se sont soutenues. Sur Facebook d&rsquo;ailleurs, Elodie Poux a r\u00e9agi \u00e0 ce fait divers. <a href=\"https:\/\/www.public.fr\/mask-singer-elodie-poux-remplacee-apres-une-seule-saison-a-lecran-la-production-sexplique-enfin\" rel=\"nofollow noopener\" target=\"_blank\">L&rsquo;ancienne jur\u00e9e de Mask Singer<\/a> a pr\u00e9f\u00e9r\u00e9 positiv\u00e9 : \u00ab\u00a0J&rsquo;ai rien contre recevoir des cadeaux ! Mais je pr\u00e9f\u00e8rerais que des chocolats\u2026 Je pr\u00e9f\u00e8re m&rsquo;exploser le bide plut\u00f4t que d&rsquo;exploser tout court\u00a0\u00bb. Plus de peur que de mal, l&rsquo;homme est d\u00e9sormais hors d&rsquo;\u00e9tat de nuire.<\/p>\n<p>      Mentionn\u00e9s dans cet article<\/p>\n<p>      Sur le m\u00eame sujet<\/p>\n","protected":false},"excerpt":{"rendered":"R\u00e9sum\u00e9 Estelle Denis revient sur la peur ressentie apr\u00e8s avoir re\u00e7u un colis pi\u00e9g\u00e9 li\u00e9 \u00e0 des propos&hellip;\n","protected":false},"author":2,"featured_media":454922,"comment_status":"","ping_status":"","sticky":false,"template":"","format":"standard","meta":{"footnotes":""},"categories":[1359],"tags":[5632,58,59,17945,1011,27,973,10319],"class_list":{"0":"post-454921","1":"post","2":"type-post","3":"status-publish","4":"format-standard","5":"has-post-thumbnail","7":"category-people","8":"tag-c-a-vous","9":"tag-divertissement","10":"tag-entertainment","11":"tag-estelle-denis","12":"tag-fr","13":"tag-france","14":"tag-people","15":"tag-rmc"},"share_on_mastodon":{"url":"https:\/\/pubeurope.com\/@fr\/115355328509428719","error":""},"_links":{"self":[{"href":"https:\/\/www.europesays.com\/fr\/wp-json\/wp\/v2\/posts\/454921","targetHints":{"allow":["GET"]}}],"collection":[{"href":"https:\/\/www.europesays.com\/fr\/wp-json\/wp\/v2\/posts"}],"about":[{"href":"https:\/\/www.europesays.com\/fr\/wp-json\/wp\/v2\/types\/post"}],"author":[{"embeddable":true,"href":"https:\/\/www.europesays.com\/fr\/wp-json\/wp\/v2\/users\/2"}],"replies":[{"embeddable":true,"href":"https:\/\/www.europesays.com\/fr\/wp-json\/wp\/v2\/comments?post=454921"}],"version-history":[{"count":0,"href":"https:\/\/www.europesays.com\/fr\/wp-json\/wp\/v2\/posts\/454921\/revisions"}],"wp:featuredmedia":[{"embeddable":true,"href":"https:\/\/www.europesays.com\/fr\/wp-json\/wp\/v2\/media\/454922"}],"wp:attachment":[{"href":"https:\/\/www.europesays.com\/fr\/wp-json\/wp\/v2\/media?parent=454921"}],"wp:term":[{"taxonomy":"category","embeddable":true,"href":"https:\/\/www.europesays.com\/fr\/wp-json\/wp\/v2\/categories?post=454921"},{"taxonomy":"post_tag","embeddable":true,"href":"https:\/\/www.europesays.com\/fr\/wp-json\/wp\/v2\/tags?post=454921"}],"curies":[{"name":"wp","href":"https:\/\/api.w.org\/{rel}","templated":true}]}}