{"id":454925,"date":"2025-10-11T11:37:12","date_gmt":"2025-10-11T11:37:12","guid":{"rendered":"https:\/\/www.europesays.com\/fr\/454925\/"},"modified":"2025-10-11T11:37:12","modified_gmt":"2025-10-11T11:37:12","slug":"il-fait-parler-les-morts-comme-des-vivants-le-medecin-legiste-philippe-boxho-star-des-librairies","status":"publish","type":"post","link":"https:\/\/www.europesays.com\/fr\/454925\/","title":{"rendered":"\u00ab\u00a0Il fait parler les morts comme des vivants\u00a0\u00bb\u00a0: le m\u00e9decin l\u00e9giste Philippe Boxho, star des librairies"},"content":{"rendered":"<p class=\"paragraph text_align_left lp-f-body-02\">\u00ab Monsieur, on peut faire une photo ? \u00bb La d\u00e9dicace n\u2019a pas commenc\u00e9, mais un jeune homme d\u2019\u00e0 peine 20 ans prend l\u2019ext\u00e9rieur et resquille un peu \u00e0 c\u00f4t\u00e9 de la longue file d\u2019attente devant la librairie Le Furet du Nord, \u00e0 Lille (Nord), alors que <a href=\"https:\/\/www.leparisien.fr\/culture-loisirs\/livres\/entretien-avec-un-cadavre-qui-est-philippe-boxho-le-medecin-legiste-dont-les-livres-sarrachent-05-05-2024-SH4I74Z74NHSRAAXNKHEBO7IHU.php\" target=\"_self\" rel=\"nofollow noopener\">Philippe Boxho<\/a>, 60 ans, \u00ab le m\u00e9decin l\u00e9giste qui fait parler les morts \u00bb, marche vers l\u2019entr\u00e9e. \u00ab Oui, mais grouille-toi. Tout le monde va vouloir faire pareil \u00bb, lui sourit l\u2019auteur de \u00ab La mort, c\u2019est ma vie \u00bb, tir\u00e9 \u00e0 350 000 exemplaires, son quatri\u00e8me best-seller en trois ans sur son activit\u00e9 de m\u00e9decin l\u00e9giste dans la r\u00e9gion de Li\u00e8ge (Belgique). Sa bonhomie, son langage fleuri, sa proximit\u00e9 avec ses lecteurs \u2014 il leur dit \u00ab Salut \u00bb \u00e0 la fin de chaque d\u00e9dicace \u2014 \u00e9clate dans ces quelques mots \u00e0 un fan qui pourrait \u00eatre son fils.<\/p>\n<p class=\"paragraph text_align_left lp-f-body-02\">Un ovni de l\u2019\u00e9dition. En 2022, le premier recueil d\u2019histoires vraies \u2014 parfois en partie romanc\u00e9es, mais sur une base m\u00e9dico-l\u00e9gale li\u00e9e \u00e0 son v\u00e9cu \u2014 de Philippe Boxho sur les cadavres qu\u2019il <a href=\"https:\/\/www.leparisien.fr\/societe\/sante\/secrets-dautopsie-comprendre-les-causes-de-la-mort-quand-jouvre-je-nai-pas-detats-dame-24-06-2023-7BDMKMB7DRELHBBZXHVNVGKSHE.php\" target=\"_self\" rel=\"nofollow noopener\">autopsie<\/a> pour d\u00e9m\u00ealer un accident, un suicide ou un meurtre, est tir\u00e9 \u00e0 2 000 exemplaires dans l\u2019anonymat le plus complet chez un \u00e9diteur belge, Kennes. \u00ab 2 000, c\u2019\u00e9tait un bon tirage chez nous, o\u00f9 5 000 constituent d\u00e9j\u00e0 un succ\u00e8s \u00bb, raconte Dimitri Kennes, qui l\u2019accompagne dans ses tourn\u00e9es de signatures. Tr\u00e8s vite, les r\u00e9seaux sociaux et la cha\u00eene Legend sur YouTube en font une star 2.0, avec 8 millions de vues sur un podcast. \u00c0 eux quatre, ses livres ont d\u00e9pass\u00e9 le million de ventes.<\/p>\n","protected":false},"excerpt":{"rendered":"\u00ab Monsieur, on peut faire une photo ? \u00bb La d\u00e9dicace n\u2019a pas commenc\u00e9, mais un jeune homme&hellip;\n","protected":false},"author":2,"featured_media":454926,"comment_status":"","ping_status":"","sticky":false,"template":"","format":"standard","meta":{"footnotes":""},"categories":[1357],"tags":[1379,872,459,58,59,1011,27,1380],"class_list":{"0":"post-454925","1":"post","2":"type-post","3":"status-publish","4":"format-standard","5":"has-post-thumbnail","7":"category-livres","8":"tag-books","9":"tag-culture-et-loisirs","10":"tag-departements-horsidfo","11":"tag-divertissement","12":"tag-entertainment","13":"tag-fr","14":"tag-france","15":"tag-livres"},"share_on_mastodon":{"url":"https:\/\/pubeurope.com\/@fr\/115355336423742022","error":""},"_links":{"self":[{"href":"https:\/\/www.europesays.com\/fr\/wp-json\/wp\/v2\/posts\/454925","targetHints":{"allow":["GET"]}}],"collection":[{"href":"https:\/\/www.europesays.com\/fr\/wp-json\/wp\/v2\/posts"}],"about":[{"href":"https:\/\/www.europesays.com\/fr\/wp-json\/wp\/v2\/types\/post"}],"author":[{"embeddable":true,"href":"https:\/\/www.europesays.com\/fr\/wp-json\/wp\/v2\/users\/2"}],"replies":[{"embeddable":true,"href":"https:\/\/www.europesays.com\/fr\/wp-json\/wp\/v2\/comments?post=454925"}],"version-history":[{"count":0,"href":"https:\/\/www.europesays.com\/fr\/wp-json\/wp\/v2\/posts\/454925\/revisions"}],"wp:featuredmedia":[{"embeddable":true,"href":"https:\/\/www.europesays.com\/fr\/wp-json\/wp\/v2\/media\/454926"}],"wp:attachment":[{"href":"https:\/\/www.europesays.com\/fr\/wp-json\/wp\/v2\/media?parent=454925"}],"wp:term":[{"taxonomy":"category","embeddable":true,"href":"https:\/\/www.europesays.com\/fr\/wp-json\/wp\/v2\/categories?post=454925"},{"taxonomy":"post_tag","embeddable":true,"href":"https:\/\/www.europesays.com\/fr\/wp-json\/wp\/v2\/tags?post=454925"}],"curies":[{"name":"wp","href":"https:\/\/api.w.org\/{rel}","templated":true}]}}