{"id":454937,"date":"2025-10-11T11:43:10","date_gmt":"2025-10-11T11:43:10","guid":{"rendered":"https:\/\/www.europesays.com\/fr\/454937\/"},"modified":"2025-10-11T11:43:10","modified_gmt":"2025-10-11T11:43:10","slug":"je-ne-lavais-pas-prevu-jean-dujardin-tres-discret-sur-ses-quatre-enfants-il-se-lache-enfin","status":"publish","type":"post","link":"https:\/\/www.europesays.com\/fr\/454937\/","title":{"rendered":"\u00ab\u00a0Je ne l\u2019avais pas pr\u00e9vu\u00a0\u00bb : Jean Dujardin tr\u00e8s discret sur ses quatre enfants, il se l\u00e2che enfin"},"content":{"rendered":"<p><strong>T\u00eate d&rsquo;affiche embl\u00e9matique du cin\u00e9ma fran\u00e7ais<\/strong><br \/>\ndepuis de nombreuses ann\u00e9es. <a href=\"https:\/\/www.telestar.fr\/people\/quand-jean-dujardin-posait-pour-tele-poche-au-debut-de-sa-carriere-en-1996-749236\" target=\"_blank\" rel=\"noopener\"><br \/>\nJean Dujardin<\/a> est \u00e9galement le p\u00e8re de <a href=\"https:\/\/www.closermag.fr\/people\/le-20h-people-jean-dujardin-se-confie-les-stars-affichent-leurs-enfants-579214\" target=\"_blank\" rel=\"noopener\"><br \/>\nquatre enfants<\/a>. Pour rappel, le com\u00e9dien a tout d&rsquo;abord mis au<br \/>\nmonde Jules (24 ans) et Simon (23 ans) durant sa relation avec<br \/>\n<a href=\"https:\/\/www.closermag.fr\/people\/jean-dujardin-qui-est-son-ex-femme-gaelle-demars-1671957\" target=\"_blank\" rel=\"noopener\"><br \/>\nGa\u00eblle Demars<\/a>. Il est ensuite devenu le p\u00e8re de Jeanne (9 ans)<br \/>\net Alice (5 ans) lorsqu&rsquo;il \u00e9tait en couple avec <a href=\"https:\/\/www.closermag.fr\/people\/jean-dujardin-et-nathalie-pechalat-separes-un-proche-du-couple-semble-en-dire-trop-en-pleine-interview-la-rupture-cest-son-3515091\" target=\"_blank\" rel=\"noopener\"><br \/>\nNathalie P\u00e9chalat<\/a>. Dans une r\u00e9cente interview accord\u00e9e \u00e0<br \/>\nParis Match. L&rsquo;acteur a \u00e9voqu\u00e9 comme rarement sa<br \/>\nprog\u00e9niture.<\/p>\n<p>\u00ab\u00a0Je serai papa toute ma vie ! Je suis issu d&rsquo;une fratrie de<br \/>\nquatre gar\u00e7ons, je sais ce que repr\u00e9sente la famille. Et je me<br \/>\nretrouve aujourd&rsquo;hui avec quatre enfants comme mon p\u00e8re ! Je ne<br \/>\nl&rsquo;avais pas pr\u00e9vu ainsi. Mais quand je vois mes deux grands d&rsquo;un<br \/>\nc\u00f4t\u00e9 et mes deux petites de l&rsquo;autre. Je trouve \u00e7a merveilleux.<br \/>\n<strong>C&rsquo;est ma tribu. Et je sais que c&rsquo;est de l&rsquo;amour qui sera<br \/>\ntoujours l\u00e0<\/strong>\u00ab\u00a0, a premi\u00e8rement d\u00e9clar\u00e9 Jean<br \/>\nDujardin.<\/p>\n<p>Jean Dujardin sur ses enfants : \u00ab\u00a0Il n&rsquo;y a pas mieux que<br \/>\nsourire, leur parler, pas longtemps\u00a0\u00bb<\/p>\n<p>\u00ab\u00a0Il n&rsquo;y a pas mieux que sourire, leur parler, pas longtemps.<br \/>\nTout en les maintenant dans le monde du jeu. Il faut que ce soit<br \/>\ntout le temps amusant, ne pas les perdre dans des explications trop<br \/>\nlongues. <strong>Sinon l&rsquo;enfant trouve \u00e7a suspect et<br \/>\ns&rsquo;inqui\u00e8te<\/strong>\u00ab\u00a0, a ensuite ajout\u00e9 le com\u00e9dien. Jean<br \/>\nDujardin a aussi profit\u00e9 de cet entretien pour \u00e9voquer certains<br \/>\ntraumatismes li\u00e9s \u00e0 l&rsquo;enfance.<\/p>\n<p>\u00ab\u00a0Tout le monde a des traumas ! On ne le sait pas toujours,<br \/>\nvoil\u00e0 tout. Je pense que d\u00e8s la petite enfance on en chope. La<br \/>\ndisparition des grands-parents, la perte d&rsquo;un \u00eatre cher, m\u00eame<br \/>\nl&rsquo;inqui\u00e9tude des parents pour leur enfant peut devenir un trauma !<br \/>\n<strong>Le corps l&rsquo;enregistre et \u00e7a peut resurgir beaucoup plus<br \/>\ntard<\/strong>\u00ab\u00a0, a notamment soulign\u00e9 l&rsquo;acteur. Pour rappel,<br \/>\nJean Dujardin sera prochainement \u00e0 l&rsquo;affiche du film baptis\u00e9<br \/>\nL&rsquo;homme qui r\u00e9tr\u00e9cit.<\/p>\n<p>Le com\u00e9dien s&rsquo;est confi\u00e9e sur le<br \/>\ntournage un peu particulier de son prochain film<\/p>\n<p>\u00ab\u00a0C&rsquo;est la premi\u00e8re fois que je jouais seul avec moi-m\u00eame,<br \/>\navec mon esprit. <strong>Il a fallu tout inventer<\/strong>, puisque<br \/>\nen face de moi j&rsquo;avais une balle de tennis ou un point lumineux, \u00e0<br \/>\n\u00e9couter les directives des techniciens : &lsquo;Regarde en haut, \u00e0<br \/>\ndroite, \u00e0 gauche, et ressens !&rsquo; J&rsquo;\u00e9tais exactement comme quand<br \/>\nj&rsquo;\u00e9tais gosse, seul dans ma chambre. Jan avait peur que ce soit une<br \/>\nsouffrance. \u00c7a a \u00e9t\u00e9 tout le contraire\u00a0\u00bb, a-t-il tout d&rsquo;abord<br \/>\npr\u00e9cis\u00e9 l&rsquo;ex-mari d&rsquo;<a href=\"https:\/\/www.closermag.fr\/people\/je-ne-devrais-pas-trop-le-dire-alexandre-lamy-raconte-une-anecdote-qui-va-enchanter-ses-voisins-ou-pas-3535249\" target=\"_blank\" rel=\"noopener\">Alexandra<br \/>\nLamy<\/a> concernant le tournage de ce long-m\u00e9trage.<\/p>\n<p>\u00ab\u00a0J&rsquo;ai ador\u00e9 ! <strong>Je me suis refait La guerre du<br \/>\nfeu.<\/strong> La plan\u00e8te des singes, toute cette mythologie o\u00f9 il<br \/>\nfaut survivre avec le syst\u00e8me D. Et tout comme j&rsquo;avais besoin de<br \/>\ntraverser un chemin int\u00e9rieur dans Sur les chemins noirs. Je me<br \/>\nrendais compte avec L&rsquo;homme qui r\u00e9tr\u00e9cit que la vie pouvait se<br \/>\nr\u00e9duire \u00e0 se nourrir, boire et \u00e9viter les emmerdes et les emmerdes<br \/>\nici. C&rsquo;est une araign\u00e9e face \u00e0 laquelle il ne faut pas avoir peur.<br \/>\nMais la peur donne du courage\u00a0\u00bb, a finalement conclu Jean<br \/>\nDujardin.<\/p>\n","protected":false},"excerpt":{"rendered":"T\u00eate d&rsquo;affiche embl\u00e9matique du cin\u00e9ma fran\u00e7ais depuis de nombreuses ann\u00e9es. Jean Dujardin est \u00e9galement le p\u00e8re de quatre&hellip;\n","protected":false},"author":2,"featured_media":454938,"comment_status":"","ping_status":"","sticky":false,"template":"","format":"standard","meta":{"footnotes":""},"categories":[8],"tags":[58,59,1011,27,218],"class_list":{"0":"post-454937","1":"post","2":"type-post","3":"status-publish","4":"format-standard","5":"has-post-thumbnail","7":"category-divertissement","8":"tag-divertissement","9":"tag-entertainment","10":"tag-fr","11":"tag-france","12":"tag-jean-dujardin"},"share_on_mastodon":{"url":"https:\/\/pubeurope.com\/@fr\/115355359977284450","error":""},"_links":{"self":[{"href":"https:\/\/www.europesays.com\/fr\/wp-json\/wp\/v2\/posts\/454937","targetHints":{"allow":["GET"]}}],"collection":[{"href":"https:\/\/www.europesays.com\/fr\/wp-json\/wp\/v2\/posts"}],"about":[{"href":"https:\/\/www.europesays.com\/fr\/wp-json\/wp\/v2\/types\/post"}],"author":[{"embeddable":true,"href":"https:\/\/www.europesays.com\/fr\/wp-json\/wp\/v2\/users\/2"}],"replies":[{"embeddable":true,"href":"https:\/\/www.europesays.com\/fr\/wp-json\/wp\/v2\/comments?post=454937"}],"version-history":[{"count":0,"href":"https:\/\/www.europesays.com\/fr\/wp-json\/wp\/v2\/posts\/454937\/revisions"}],"wp:featuredmedia":[{"embeddable":true,"href":"https:\/\/www.europesays.com\/fr\/wp-json\/wp\/v2\/media\/454938"}],"wp:attachment":[{"href":"https:\/\/www.europesays.com\/fr\/wp-json\/wp\/v2\/media?parent=454937"}],"wp:term":[{"taxonomy":"category","embeddable":true,"href":"https:\/\/www.europesays.com\/fr\/wp-json\/wp\/v2\/categories?post=454937"},{"taxonomy":"post_tag","embeddable":true,"href":"https:\/\/www.europesays.com\/fr\/wp-json\/wp\/v2\/tags?post=454937"}],"curies":[{"name":"wp","href":"https:\/\/api.w.org\/{rel}","templated":true}]}}