{"id":454951,"date":"2025-10-11T11:50:23","date_gmt":"2025-10-11T11:50:23","guid":{"rendered":"https:\/\/www.europesays.com\/fr\/454951\/"},"modified":"2025-10-11T11:50:23","modified_gmt":"2025-10-11T11:50:23","slug":"saint-etienne-coursol-en-redressement-judiciaire-veut-se-reinventer","status":"publish","type":"post","link":"https:\/\/www.europesays.com\/fr\/454951\/","title":{"rendered":"Saint-Etienne. Coursol en redressement judiciaire veut se r\u00e9inventer"},"content":{"rendered":"<p><img loading=\"lazy\" decoding=\"async\" alt=\"\u00a9 Denis Meynard - Le g\u00e9rant de Coursol va proposer un plus grand nombre d\u2019ateliers \u00e0 sa client\u00e8le.\" data-zoom-src=\"https:\/\/www.europesays.com\/fr\/wp-content\/uploads\/2025\/10\/initial-coursol-saint-etienne-redressement-judiciaire.jpg\" data-zoomable=\"\" height=\"702\" src=\"https:\/\/www.europesays.com\/fr\/wp-content\/uploads\/2025\/10\/initial-coursol-saint-etienne-redressement-judiciaire.jpg\" width=\"1248\"\/>  <\/p>\n<p class=\"article-desc\">\u00a9 Denis Meynard &#8211; Le g\u00e9rant de Coursol va proposer un plus grand nombre d\u2019ateliers \u00e0 sa client\u00e8le. <\/p>\n<p>Quelques mois apr\u00e8s son 70e anniversaire, le propri\u00e9taire de <strong>Coursol <\/strong>\u00e0 Saint-\u00c9tienne, boutique renomm\u00e9e de la rue Michelet, sp\u00e9cialis\u00e9e dans le mat\u00e9riel de cuisine, a effectu\u00e9 une d\u00e9claration de cessation des paiements et une demande de placement en <strong>redressement judiciaire<\/strong> pour six mois, qui a \u00e9t\u00e9 accept\u00e9e le 1er octobre par le tribunal de commerce de <strong>Saint-\u00c9tienne.<\/strong> <\/p>\n<p>\u00ab\u00a0Dans un contexte d\u2019activit\u00e9 ralentie depuis les \u00e9meutes de 2023, la d\u00e9marche a \u00e9t\u00e9 rendue n\u00e9cessaire par le solde du Pr\u00eat garanti par l\u2019\u00c9tat (PGE) qu\u2019il nous reste \u00e0 rembourser, combin\u00e9 au besoin de tr\u00e9sorerie n\u00e9cessaire \u00e0 notre approvisionnement \u00e0 l\u2019approche des trois plus gros mois de l\u2019ann\u00e9e (\u2026) La\u00a0p\u00e9riode de novembre \u00e0 janvier repr\u00e9sente la moiti\u00e9 de notre activit\u00e9 annuelle\u00a0\u00bb, explique Thierry Ciccoli qui, en 2019,<a href=\"https:\/\/mesinfos.fr\/auvergne-rhone-alpes\/coursol-a-change-de-proprietaire-86040.html\" rel=\"noopener nofollow\" target=\"_blank\"> a repris l\u2019entreprise <\/a>aux descendants de la famille fondatrice. <\/p>\n<p>Pour se r\u00e9inventer, Coursol mise sur les ustensiles de cuisine et ateliers culinaires <\/p>\n<p>Estimant que \u00ab\u00a0le centre-ville manque d\u2019animation\u00a0\u00bb, il esp\u00e8re que la r\u00e9ouverture des <a href=\"https:\/\/mesinfos.fr\/auvergne-rhone-alpes\/saint-etienne-biltoki-officialise-son-depart-des-halles-mazerat-216788.html\" rel=\"noopener nofollow\" target=\"_blank\">Halles Mazerat<\/a>, cours Victor-Hugo, en janvier, drainera un nouveau flux de client\u00e8le car le niveau actuel n\u2019est pas suffisant pour faire face aux charges, notamment au loyer. Et ce, bien que l\u2019effectif ait \u00e9t\u00e9 ramen\u00e9 \u00e0 trois personnes polyvalentes.<\/p>\n<p><strong>Coursol<\/strong>, qui adh\u00e8re aux groupements d\u2019achat Ambiance &amp; Styles et Culinarion, op\u00e8re \u00ab\u00a0des changements de gammes en r\u00e9duisant le nombre de fournisseurs et l\u2019espace d\u00e9volu aux arts de la table et \u00e0 la d\u00e9coration. Au profit d\u2019une offre \u00e9largie d\u2019ustensiles de cuisine, car les gens se sont remis \u00e0 cuisiner depuis le Covid\u00a0\u00bb, annonce le g\u00e9rant de Coursol. <\/p>\n<p>Il constate un d\u00e9but de reprise de l\u2019activit\u00e9 et pr\u00e9voit de proposer \u00e0 sa client\u00e8le un plus grand nombre d\u2019ateliers culinaires. Ainsi qu\u2019une s\u00e9rie d\u2019ateliers de d\u00e9coration florale \u00e0 partir de d\u00e9but d\u00e9cembre.<\/p>\n","protected":false},"excerpt":{"rendered":"\u00a9 Denis Meynard &#8211; Le g\u00e9rant de Coursol va proposer un plus grand nombre d\u2019ateliers \u00e0 sa client\u00e8le.&hellip;\n","protected":false},"author":2,"featured_media":454952,"comment_status":"","ping_status":"","sticky":false,"template":"","format":"standard","meta":{"footnotes":""},"categories":[9653],"tags":[1111,11,2430,7227,1777,674,1011,27,12,25,4001],"class_list":{"0":"post-454951","1":"post","2":"type-post","3":"status-publish","4":"format-standard","5":"has-post-thumbnail","7":"category-saint-etienne","8":"tag-actu","9":"tag-actualites","10":"tag-auvergne-rhone-alpes","11":"tag-commerces","12":"tag-eu","13":"tag-europe","14":"tag-fr","15":"tag-france","16":"tag-news","17":"tag-republique-francaise","18":"tag-saint-etienne"},"share_on_mastodon":{"url":"https:\/\/pubeurope.com\/@fr\/115355387972807257","error":""},"_links":{"self":[{"href":"https:\/\/www.europesays.com\/fr\/wp-json\/wp\/v2\/posts\/454951","targetHints":{"allow":["GET"]}}],"collection":[{"href":"https:\/\/www.europesays.com\/fr\/wp-json\/wp\/v2\/posts"}],"about":[{"href":"https:\/\/www.europesays.com\/fr\/wp-json\/wp\/v2\/types\/post"}],"author":[{"embeddable":true,"href":"https:\/\/www.europesays.com\/fr\/wp-json\/wp\/v2\/users\/2"}],"replies":[{"embeddable":true,"href":"https:\/\/www.europesays.com\/fr\/wp-json\/wp\/v2\/comments?post=454951"}],"version-history":[{"count":0,"href":"https:\/\/www.europesays.com\/fr\/wp-json\/wp\/v2\/posts\/454951\/revisions"}],"wp:featuredmedia":[{"embeddable":true,"href":"https:\/\/www.europesays.com\/fr\/wp-json\/wp\/v2\/media\/454952"}],"wp:attachment":[{"href":"https:\/\/www.europesays.com\/fr\/wp-json\/wp\/v2\/media?parent=454951"}],"wp:term":[{"taxonomy":"category","embeddable":true,"href":"https:\/\/www.europesays.com\/fr\/wp-json\/wp\/v2\/categories?post=454951"},{"taxonomy":"post_tag","embeddable":true,"href":"https:\/\/www.europesays.com\/fr\/wp-json\/wp\/v2\/tags?post=454951"}],"curies":[{"name":"wp","href":"https:\/\/api.w.org\/{rel}","templated":true}]}}