{"id":45498,"date":"2025-04-23T02:45:16","date_gmt":"2025-04-23T02:45:16","guid":{"rendered":"https:\/\/www.europesays.com\/fr\/45498\/"},"modified":"2025-04-23T02:45:16","modified_gmt":"2025-04-23T02:45:16","slug":"5-talents-provencaux-a-decouvrir-en-finale-a-marseille","status":"publish","type":"post","link":"https:\/\/www.europesays.com\/fr\/45498\/","title":{"rendered":"5 talents proven\u00e7aux \u00e0 d\u00e9couvrir en finale \u00e0 Marseille"},"content":{"rendered":"<p>Aux c\u00f4t\u00e9s des jeunes talents musicaux depuis quinze ans, le tremplin Orizon Sud entre cette semaine dans la derni\u00e8re ligne droite de son \u00e9dition 2025.<\/p>\n<p>Apr\u00e8s les demi-finales il y a trois semaines, place \u00e0 la finale ce mercredi 23 avril <a href=\"https:\/\/www.laprovence.com\/article\/region\/68422057050991\/a-l-espace-julien-a-marseille-une-saison-2024-2025-plurielle-et-collaborative\" target=\"_blank\" rel=\"noopener\">\u00e0 l&rsquo;Espace Julien<\/a>, \u00e0 Marseille, \u00e0 laquelle participeront cinq artistes et groupes originaires de la r\u00e9gion Paca et du Gard : Geiste, Le Bleu, Louis LNR, SIKKI7 et Sir Romy. Avec des registres comprenant respectivement la dark pop, le rock, l&rsquo;indie\/jazz, le rap\/indie\/rock et la soul, chacun d&rsquo;entre eux aura trente minutes sur sc\u00e8ne pour s\u00e9duire le jury.<\/p>\n<p>Le tout sous les yeux de quelques centaines de spectateurs, attendus pour cette soir\u00e9e gratuite et plac\u00e9e sous le signe de la d\u00e9couverte. Pour les artistes, le d\u00e9fi sera de profiter de cette grosse ambiance tout en gardant \u00e0 l&rsquo;esprit l&rsquo;enjeu de la comp\u00e9tition\u00a0: \u00e0 savoir la possibilit\u00e9 de se produire lors d&rsquo;\u00e9v\u00e9nements majeurs comme la <a href=\"https:\/\/www.laprovence.com\/article\/region\/1666848155186315\/la-fiesta-des-suds-a-marseille-a-attire-25-000-festivaliers\" target=\"_blank\" rel=\"noopener\">Fiesta des Suds<\/a>, le <a href=\"https:\/\/www.laprovence.com\/article\/culture-loisirs\/2222303740626215\/entre-succes-et-galeres-un-bilan-mitige-pour-le-10e-delta-festival-a-marseille\" target=\"_blank\" rel=\"noopener\">Delta festival<\/a>, mais aussi d&rsquo;investir r\u00e9guli\u00e8rement l&rsquo;Espace Julien, ou encore le <a href=\"https:\/\/www.laprovence.com\/article\/region\/7414093754233214\/tres-eclectique-et-a-90-locale-a-aix-en-provence-le-6mic-fete-ses-5-ans-en-musique\" target=\"_blank\" rel=\"noopener\">6Mic<\/a> \u00e0 Aix-en-Provence. Une visibilit\u00e9 qui peut s&rsquo;av\u00e9rer d\u00e9cisive au moment de d\u00e9velopper sa jeune carri\u00e8re musicale, comme a pu le d\u00e9couvrir Jon ONJ, vainqueur de l&rsquo;\u00e9dition 2024 et dont l&rsquo;album Tekibama est sorti r\u00e9cemment.<\/p>\n<p>\u00ab\u00a0Avec Orizon Sud, on va vers la professionnalisation\u00a0\u00bb<\/p>\n<p>Des perspectives qui font r\u00eaver Sikki7, qui avait d\u00e9couvert la sc\u00e8ne du festival Marsatac l&rsquo;an dernier gr\u00e2ce au <a href=\"https:\/\/www.laprovence.com\/article\/culture-loisirs\/77304260127589\/marseille-des-jeunes-talents-locaux-du-hip-hop-se-produiront-au-prochain-festival-marsatac-du-14-au-16-juin\" target=\"_blank\" rel=\"noopener\">dispositif La Frappe<\/a>. Cette ann\u00e9e, le jeune Marseillais veut aller encore plus loin : \u00ab\u00a0J&rsquo;ai envie de me surpasser, d&rsquo;aller chercher un public au-del\u00e0 de mon cercle. Et avec Orizon Sud, on va vers la professionnalisation, car c&rsquo;est une exigence suppl\u00e9mentaire pour \u00eatre reconnus par les pros du secteur. Derri\u00e8re, on b\u00e9n\u00e9ficie de conseils sur les prestations avant de participer \u00e0 des festivals ou r\u00e9sidences, c&rsquo;est tr\u00e8s b\u00e9n\u00e9fique.\u00a0\u00bb En pleine r\u00e9p\u00e9tition en ce d\u00e9but de semaine, l&rsquo;artiste se sent \u00ab\u00a0serein avant ce rendez-vous dont on peaufine les derniers d\u00e9tails sc\u00e9niques\u00a0\u00bb.<\/p>\n<p>Une confiance bienvenue \u00e0 l&rsquo;heure de pr\u00e9senter un projet artistique en mutation. Issu du hip-hop, Sikki7 avait d\u00e9j\u00e0 propos\u00e9 un rap teint\u00e9 de rock sur <a href=\"https:\/\/www.laprovence.com\/article\/culture-loisirs\/5614975512987914\/marseille-avec-son-rap-teinte-de-rock-sikki7-va-ambiancer-le-parc-de-bougainville-ce-vendredi-soir\" target=\"_blank\" rel=\"noopener\">son deuxi\u00e8me EP L&rsquo;I.LE<\/a> en 2024. L&rsquo;artiste a continu\u00e9 cette exploration pour Rocket, un nouvel EP d\u00e9voil\u00e9 le 10\u00a0avril dernier. \u00ab\u00a0Je suis pass\u00e9 \u00e0 un registre beaucoup plus instrumental en rock\/indie, qui colle tr\u00e8s bien \u00e0 l&rsquo;ambiance d&rsquo;Orizon Sud o\u00f9 nous serons cinq sur sc\u00e8ne. Je serais au chant, soutenu par un ensemble guitare, basse, synth\u00e9, batterie\u00a0\u00bb, annonce le musicien. Qui piochera \u00e9videmment dans les sons de Rocket pour sa prestation de ce mercredi.<\/p>\n<p>Tremplin Orizon Sud, mercredi 23 avril 2025 \u00e0 19h30, \u00e0 l&rsquo;Espace Julien. Gratuit, r\u00e9servation en ligne sur espace-julien.com<\/p>\n","protected":false},"excerpt":{"rendered":"Aux c\u00f4t\u00e9s des jeunes talents musicaux depuis quinze ans, le tremplin Orizon Sud entre cette semaine dans la&hellip;\n","protected":false},"author":2,"featured_media":45499,"comment_status":"","ping_status":"","sticky":false,"template":"","format":"standard","meta":{"footnotes":""},"categories":[2814],"tags":[17,1111,11,2937,251,3979,1777,674,1011,27,4074,884,12,13440,13441,882,25,7053,13439],"class_list":{"0":"post-45498","1":"post","2":"type-post","3":"status-publish","4":"format-standard","5":"has-post-thumbnail","7":"category-marseille","8":"tag-17","9":"tag-actu","10":"tag-actualites","11":"tag-artistes","12":"tag-culture","13":"tag-decouvrir","14":"tag-eu","15":"tag-europe","16":"tag-fr","17":"tag-france","18":"tag-jeunes","19":"tag-marseille","20":"tag-news","21":"tag-orizon","22":"tag-provencaux","23":"tag-provence-alpes-cote-dazur","24":"tag-republique-francaise","25":"tag-sud","26":"tag-tremplin"},"share_on_mastodon":{"url":"https:\/\/pubeurope.com\/@fr\/114384989550815452","error":""},"_links":{"self":[{"href":"https:\/\/www.europesays.com\/fr\/wp-json\/wp\/v2\/posts\/45498","targetHints":{"allow":["GET"]}}],"collection":[{"href":"https:\/\/www.europesays.com\/fr\/wp-json\/wp\/v2\/posts"}],"about":[{"href":"https:\/\/www.europesays.com\/fr\/wp-json\/wp\/v2\/types\/post"}],"author":[{"embeddable":true,"href":"https:\/\/www.europesays.com\/fr\/wp-json\/wp\/v2\/users\/2"}],"replies":[{"embeddable":true,"href":"https:\/\/www.europesays.com\/fr\/wp-json\/wp\/v2\/comments?post=45498"}],"version-history":[{"count":0,"href":"https:\/\/www.europesays.com\/fr\/wp-json\/wp\/v2\/posts\/45498\/revisions"}],"wp:featuredmedia":[{"embeddable":true,"href":"https:\/\/www.europesays.com\/fr\/wp-json\/wp\/v2\/media\/45499"}],"wp:attachment":[{"href":"https:\/\/www.europesays.com\/fr\/wp-json\/wp\/v2\/media?parent=45498"}],"wp:term":[{"taxonomy":"category","embeddable":true,"href":"https:\/\/www.europesays.com\/fr\/wp-json\/wp\/v2\/categories?post=45498"},{"taxonomy":"post_tag","embeddable":true,"href":"https:\/\/www.europesays.com\/fr\/wp-json\/wp\/v2\/tags?post=45498"}],"curies":[{"name":"wp","href":"https:\/\/api.w.org\/{rel}","templated":true}]}}